{"id":5932,"date":"2024-05-13T10:21:36","date_gmt":"2024-05-13T09:21:36","guid":{"rendered":"https:\/\/ent2d.ac-bordeaux.fr\/disciplines\/espagnol\/?p=5932"},"modified":"2024-05-13T10:23:37","modified_gmt":"2024-05-13T09:23:37","slug":"guerres-et-violences-detat-dans-la-narration-graphique-universite-bordeaux-montaigne","status":"publish","type":"post","link":"https:\/\/ent2d.ac-bordeaux.fr\/disciplines\/espagnol\/2024\/05\/13\/guerres-et-violences-detat-dans-la-narration-graphique-universite-bordeaux-montaigne\/","title":{"rendered":"Guerres et violences d&rsquo;Etat dans la narration graphique &#8211; Universit\u00e9 Bordeaux Montaigne"},"content":{"rendered":"<h4><strong>Programme du 14 mai\u00a0 2024 ( Universit\u00e9 Bordeaux Montaigne )<\/strong><\/h4>\n<h4><img loading=\"lazy\" decoding=\"async\" class=\"wp-image-5933 alignright\" src=\"https:\/\/ent2d.ac-bordeaux.fr\/disciplines\/espagnol\/wp-content\/uploads\/sites\/6\/2024\/05\/arti-134x300.jpg\" alt=\"\" width=\"276\" height=\"618\" srcset=\"https:\/\/ent2d.ac-bordeaux.fr\/disciplines\/espagnol\/wp-content\/uploads\/sites\/6\/2024\/05\/arti-134x300.jpg 134w, https:\/\/ent2d.ac-bordeaux.fr\/disciplines\/espagnol\/wp-content\/uploads\/sites\/6\/2024\/05\/arti.jpg 250w\" sizes=\"auto, (max-width: 276px) 100vw, 276px\" \/><\/h4>\n<pre><strong>9h30. Accueil des participants<\/strong>\r\n<strong>9h45. Pr\u00e9sentation institutionnelle par <\/strong>\r\n<strong>Laurent Capdetrey, directeur du GER<\/strong>\r\n<strong>Introduction : <\/strong>\r\n<strong>Guerre et violence politique dans la <\/strong>\r\n<strong>BD : une histoire du XX e si\u00e8cle<\/strong>\r\n<strong>10h15<\/strong>\r\n<strong>La BD face \u00e0 la violence <\/strong>\r\n<strong>en temps r\u00e9el<\/strong>\r\n<strong>Mod\u00e9ration : <\/strong>\r\n<strong>Enrique del Rey Cabero<\/strong>\r\n<strong>Terry and the Pirates as a chronicle of <\/strong>\r\n<strong>the Second Sino-Japanese war <\/strong>\r\n<strong>Francisco Manuel S\u00e1ez de Adana <\/strong>\r\n<strong>(Universidad de Alcal\u00e1. C\u00e1tedra ECC-<\/strong>\r\n<strong>UAH de Investigaci\u00f3n y Cultura del <\/strong>\r\n<strong>C\u00f3mic) <\/strong>\r\n<strong>La bande dessin\u00e9e : \u00e9pargn\u00e9e par la <\/strong>\r\n<strong>censure du Processus de r\u00e9organisation <\/strong>\r\n<strong>nationale (1976-1983) ? Les paradigmes <\/strong>\r\n<strong>de l\u2019historiographie de la bande <\/strong>\r\n<strong>dessin\u00e9e argentine \u00e0 l\u2019\u00e9preuve des <\/strong>\r\n<strong>questions f\u00e9ministes et homosexuelles<\/strong> \r\nMarie Lorinquer-Herv\u00e9 \r\n(Universit\u00e9 Paris 1 Panth\u00e9on-Sorbonne)\r\nD\u00e9bat-Discussion\r\n11h00. Pause-caf\u00e9\r\n11h15\r\nLes r\u00e9cits de guerre pour se \r\nconfronter \u00e0 la violence du pass\u00e9\u00a0: \r\nautour de la Seconde Guerre \r\nMondiale\r\nMod\u00e9ration : Ar\u00e1nzazu Sarr\u00eda Buil\r\nDivertir ou d\u00e9noncer : \r\nles fonctions du r\u00e9cit de guerre \r\nchez Mizuki Shigeru\r\nGuillaume M\u00fcller \r\n(Universit\u00e9 Bordeaux Montaigne)<\/pre>\n<pre> La guerre selon - Von \/ Vaughn Bod\u0113 : \r\nDas K\u00e4mpF (1963-1977) \r\nJean-Paul Gabilliet \r\n(Universit\u00e9 Bordeaux Montaigne)\r\nL\u2019enqu\u00eate familiale comme sch\u00e9ma \r\nnarratif de romans graphiques \r\ngermanophones contemporains sur la \r\nSeconde Guerre mondiale\r\nH\u00e9l\u00e8ne Camarade \r\n(Universit\u00e9 Bordeaux Montaigne)\r\nD\u00e9bat-Discussion\r\n12h30. Pause repas\r\n14h30 \r\nR\u00e9cit graphique et m\u00e9moire de la \r\nviolence : une histoire de sources\r\nProjection du documentaire Les \r\nr\u00e9sistants de Mauthausen de Barbara \r\nNecek (France, 2021) \r\nPr\u00e9sentation : Ar\u00e1nzazu Sarr\u00eda Buil\r\n16h00. Pause-caf\u00e9 \r\n16h15\r\nRencontre avec l\u2019auteur Salva \r\nRubio au sujet de El fot\u00f3grafo de \r\nMauthausen \r\nPr\u00e9sentation : Isabelle Touton\r\nTraduction de l\u2019espagnol assur\u00e9e par \r\nMaylis Cazayus-Claverie\r\n18h00. Cl\u00f4ture\r\n^<\/pre>\n","protected":false},"excerpt":{"rendered":"<p>Programme du 14 mai\u00a0 2024 ( Universit\u00e9 Bordeaux Montaigne ) 9h30. Accueil des participants 9h45. Pr\u00e9sentation institutionnelle par Laurent Capdetrey, directeur du GER Introduction : Guerre et violence politique dans &#8230;<\/p>\n","protected":false},"author":13,"featured_media":5936,"comment_status":"closed","ping_status":"closed","sticky":false,"template":"","format":"standard","meta":{"footnotes":""},"categories":[19,39,45],"tags":[107,128,70],"class_list":["post-5932","post","type-post","status-publish","format-standard","has-post-thumbnail","hentry","category-accueil","category-espace-culturel","category-espacio-cultural","tag-conferences","tag-formations","tag-informations-culturelles"],"_links":{"self":[{"href":"https:\/\/ent2d.ac-bordeaux.fr\/disciplines\/espagnol\/wp-json\/wp\/v2\/posts\/5932","targetHints":{"allow":["GET"]}}],"collection":[{"href":"https:\/\/ent2d.ac-bordeaux.fr\/disciplines\/espagnol\/wp-json\/wp\/v2\/posts"}],"about":[{"href":"https:\/\/ent2d.ac-bordeaux.fr\/disciplines\/espagnol\/wp-json\/wp\/v2\/types\/post"}],"author":[{"embeddable":true,"href":"https:\/\/ent2d.ac-bordeaux.fr\/disciplines\/espagnol\/wp-json\/wp\/v2\/users\/13"}],"replies":[{"embeddable":true,"href":"https:\/\/ent2d.ac-bordeaux.fr\/disciplines\/espagnol\/wp-json\/wp\/v2\/comments?post=5932"}],"version-history":[{"count":1,"href":"https:\/\/ent2d.ac-bordeaux.fr\/disciplines\/espagnol\/wp-json\/wp\/v2\/posts\/5932\/revisions"}],"predecessor-version":[{"id":5934,"href":"https:\/\/ent2d.ac-bordeaux.fr\/disciplines\/espagnol\/wp-json\/wp\/v2\/posts\/5932\/revisions\/5934"}],"wp:featuredmedia":[{"embeddable":true,"href":"https:\/\/ent2d.ac-bordeaux.fr\/disciplines\/espagnol\/wp-json\/wp\/v2\/media\/5936"}],"wp:attachment":[{"href":"https:\/\/ent2d.ac-bordeaux.fr\/disciplines\/espagnol\/wp-json\/wp\/v2\/media?parent=5932"}],"wp:term":[{"taxonomy":"category","embeddable":true,"href":"https:\/\/ent2d.ac-bordeaux.fr\/disciplines\/espagnol\/wp-json\/wp\/v2\/categories?post=5932"},{"taxonomy":"post_tag","embeddable":true,"href":"https:\/\/ent2d.ac-bordeaux.fr\/disciplines\/espagnol\/wp-json\/wp\/v2\/tags?post=5932"}],"curies":[{"name":"wp","href":"https:\/\/api.w.org\/{rel}","templated":true}]}}