{"id":5916,"date":"2024-04-11T18:02:58","date_gmt":"2024-04-11T17:02:58","guid":{"rendered":"https:\/\/ent2d.ac-bordeaux.fr\/disciplines\/espagnol\/?p=5916"},"modified":"2024-04-11T18:15:39","modified_gmt":"2024-04-11T17:15:39","slug":"baccalaureat-general","status":"publish","type":"post","link":"https:\/\/ent2d.ac-bordeaux.fr\/disciplines\/espagnol\/2024\/04\/11\/baccalaureat-general\/","title":{"rendered":"Baccalaur\u00e9at g\u00e9n\u00e9ral -Programme limitatif 2024-2025 et 2025-2026."},"content":{"rendered":"<h3>Programme limitatif pour l\u2019enseignement de sp\u00e9cialit\u00e9 de langues, litt\u00e9ratures et cultures \u00e9trang\u00e8res et r\u00e9gionales en classe terminale pour les ann\u00e9es scolaires 2024-2025 et 2025-2026.<\/h3>\n<h4><\/h4>\n<h4><span style=\"color: #0000ff\"><a style=\"color: #0000ff\" href=\"https:\/\/www.education.gouv.fr\/bo\/2024\/Hebdo15\/MENE2405569N\">Pour en savoir plus<\/a>\u00a0<\/span><\/h4>\n","protected":false},"excerpt":{"rendered":"<p>Programme limitatif pour l\u2019enseignement de sp\u00e9cialit\u00e9 de langues, litt\u00e9ratures et cultures \u00e9trang\u00e8res et r\u00e9gionales en classe terminale pour les ann\u00e9es scolaires 2024-2025 et 2025-2026. Pour en savoir plus\u00a0<\/p>\n","protected":false},"author":13,"featured_media":5917,"comment_status":"closed","ping_status":"closed","sticky":false,"template":"","format":"standard","meta":{"footnotes":""},"categories":[19,98,36,42],"tags":[53,72,95],"class_list":["post-5916","post","type-post","status-publish","format-standard","has-post-thumbnail","hentry","category-accueil","category-pistes-lycee","category-ressources-institutionnelles","category-ressources-lycee","tag-informations-institutions","tag-lycee","tag-reforme-lycee"],"_links":{"self":[{"href":"https:\/\/ent2d.ac-bordeaux.fr\/disciplines\/espagnol\/wp-json\/wp\/v2\/posts\/5916","targetHints":{"allow":["GET"]}}],"collection":[{"href":"https:\/\/ent2d.ac-bordeaux.fr\/disciplines\/espagnol\/wp-json\/wp\/v2\/posts"}],"about":[{"href":"https:\/\/ent2d.ac-bordeaux.fr\/disciplines\/espagnol\/wp-json\/wp\/v2\/types\/post"}],"author":[{"embeddable":true,"href":"https:\/\/ent2d.ac-bordeaux.fr\/disciplines\/espagnol\/wp-json\/wp\/v2\/users\/13"}],"replies":[{"embeddable":true,"href":"https:\/\/ent2d.ac-bordeaux.fr\/disciplines\/espagnol\/wp-json\/wp\/v2\/comments?post=5916"}],"version-history":[{"count":2,"href":"https:\/\/ent2d.ac-bordeaux.fr\/disciplines\/espagnol\/wp-json\/wp\/v2\/posts\/5916\/revisions"}],"predecessor-version":[{"id":5919,"href":"https:\/\/ent2d.ac-bordeaux.fr\/disciplines\/espagnol\/wp-json\/wp\/v2\/posts\/5916\/revisions\/5919"}],"wp:featuredmedia":[{"embeddable":true,"href":"https:\/\/ent2d.ac-bordeaux.fr\/disciplines\/espagnol\/wp-json\/wp\/v2\/media\/5917"}],"wp:attachment":[{"href":"https:\/\/ent2d.ac-bordeaux.fr\/disciplines\/espagnol\/wp-json\/wp\/v2\/media?parent=5916"}],"wp:term":[{"taxonomy":"category","embeddable":true,"href":"https:\/\/ent2d.ac-bordeaux.fr\/disciplines\/espagnol\/wp-json\/wp\/v2\/categories?post=5916"},{"taxonomy":"post_tag","embeddable":true,"href":"https:\/\/ent2d.ac-bordeaux.fr\/disciplines\/espagnol\/wp-json\/wp\/v2\/tags?post=5916"}],"curies":[{"name":"wp","href":"https:\/\/api.w.org\/{rel}","templated":true}]}}