{"id":5825,"date":"2024-01-15T15:56:15","date_gmt":"2024-01-15T14:56:15","guid":{"rendered":"https:\/\/ent2d.ac-bordeaux.fr\/disciplines\/espagnol\/?p=5825"},"modified":"2024-01-15T15:56:15","modified_gmt":"2024-01-15T14:56:15","slug":"samedi-27-janvier-formation-en-espagnol-langue-etrangere-instituto-cervantes-bordeaux","status":"publish","type":"post","link":"https:\/\/ent2d.ac-bordeaux.fr\/disciplines\/espagnol\/2024\/01\/15\/samedi-27-janvier-formation-en-espagnol-langue-etrangere-instituto-cervantes-bordeaux\/","title":{"rendered":"Samedi 27 janvier -Formation en Espagnol Langue Etrang\u00e8re ( Instituto Cervantes \/ Bordeaux )"},"content":{"rendered":"<div>Voici le programme de la journ\u00e9e de formation en Espagnol Langue \u00c9trang\u00e8re (ELE) que l&rsquo;Office pour l&rsquo;\u00c9ducation de l&rsquo;Ambassade d&rsquo;Espagne, en collaboration avec la Junta de Castilla y Le\u00f3n, organise tous les ans pour diff\u00e9rentes <i>Acad\u00e9mies<\/i>. Pour la session en pr\u00e9senciel 2024, l&rsquo;acad\u00e9mie\u00a0<span style=\"font-family: Calibri,Helvetica,sans-serif,EmojiFont,Apple Color Emoji,Segoe UI Emoji,NotoColorEmoji,Segoe UI Symbol,Android Emoji,EmojiSymbols;font-size: small\">invit\u00e9e est celle de\u00a0Bordeaux<\/span><span style=\"font-family: Calibri,Helvetica,sans-serif,EmojiFont,Apple Color Emoji,Segoe UI Emoji,NotoColorEmoji,Segoe UI Symbol,Android Emoji,EmojiSymbols;font-size: small\">.\u00a0 (<a href=\"https:\/\/ent2d.ac-bordeaux.fr\/disciplines\/espagnol\/wp-content\/uploads\/sites\/6\/2024\/01\/Formacion-ELE_Burdeos-2024-01_Programa_DEF.pdf\">Formaci\u00f3n ELE_Burdeos 2024-01_Programa_DEF<\/a>)<\/span><\/div>\n<div><\/div>\n<div>\n<div class=\"x_x_gmail_quote\">\n<div dir=\"ltr\">\n<div class=\"x_x_gmail_quote\">\n<div dir=\"ltr\">\n<div class=\"x_x_gmail_quote\">\n<div dir=\"ltr\">\n<div>Los talleres que se proponen est\u00e1n enfocados en la creaci\u00f3n e interpretaci\u00f3n de textos de distintos g\u00e9neros; en c\u00f3mo trabajar din\u00e1micas de grupo en el aula de ELE; en c\u00f3mo fomentar la expresi\u00f3n oral del alumnado a trav\u00e9s del juego; en el uso de fragmentos de series actuales de Netflix en aula; etc.<\/div>\n<div><\/div>\n<div>Al finalizar los talleres se proceder\u00e1 al sorteo de varias becas entre los participantes que incluyen\u00a0la estancia y\u00a0un curso de did\u00e1ctica ELE en Salamanca o Burgos.<\/div>\n<div>Adem\u00e1s se invitar\u00e1 a los asistentes a una degustaci\u00f3n de productos gastron\u00f3micos de Castilla y Le\u00f3n.<\/div>\n<div><\/div>\n<div>Esta jornada de formaci\u00f3n\u00a0tendr\u00e1 lugar el pr\u00f3ximo\u00a0<b><u>s\u00e1bado 27 de enero<\/u><\/b>, en horario de\u00a0<b><u>9:00 a 15:00<\/u><\/b>, en la sede del\u00a0<b><u>Instituto Cervantes de Burdeos<\/u><\/b>\u00a0(57, Cours de l&rsquo;Intendance).<\/div>\n<div><\/div>\n<div>Puede usted formalizar su inscripci\u00f3n a\u00a0trav\u00e9s del siguiente\u00a0formulario\u00a0<b><u>hasta el pr\u00f3ximo 25 de enero<\/u><\/b>:<span style=\"font-size: small\">\u00a0<\/span><\/div>\n<div><a id=\"LPlnk616091\" class=\"OWAAutoLink\" href=\"https:\/\/forms.gle\/rnBqhcJvcMrWnnWVA\" target=\"_blank\" rel=\"noopener\">https:\/\/forms.gle\/rnBqhcJvcMrWnnWVA<\/a><\/div>\n<\/div>\n<\/div>\n<\/div>\n<\/div>\n<\/div>\n<\/div>\n<\/div>\n<div><\/div>\n<div>La inscripci\u00f3n al curso\u00a0es gratuita y est\u00e1 limitada a 70 asistentes, aforo m\u00e1ximo de la sala.<\/div>\n","protected":false},"excerpt":{"rendered":"<p>Voici le programme de la journ\u00e9e de formation en Espagnol Langue \u00c9trang\u00e8re (ELE) que l&rsquo;Office pour l&rsquo;\u00c9ducation de l&rsquo;Ambassade d&rsquo;Espagne, en collaboration avec la Junta de Castilla y Le\u00f3n, organise &#8230;<\/p>\n","protected":false},"author":13,"featured_media":5827,"comment_status":"closed","ping_status":"closed","sticky":false,"template":"","format":"standard","meta":{"footnotes":""},"categories":[19,39,45,37,71,52],"tags":[54,70],"class_list":["post-5825","post","type-post","status-publish","format-standard","has-post-thumbnail","hentry","category-accueil","category-espace-culturel","category-espacio-cultural","category-formation-culturelle-et-collective","category-formations-diverses","category-informations-institutionnelles","tag-formation","tag-informations-culturelles"],"_links":{"self":[{"href":"https:\/\/ent2d.ac-bordeaux.fr\/disciplines\/espagnol\/wp-json\/wp\/v2\/posts\/5825","targetHints":{"allow":["GET"]}}],"collection":[{"href":"https:\/\/ent2d.ac-bordeaux.fr\/disciplines\/espagnol\/wp-json\/wp\/v2\/posts"}],"about":[{"href":"https:\/\/ent2d.ac-bordeaux.fr\/disciplines\/espagnol\/wp-json\/wp\/v2\/types\/post"}],"author":[{"embeddable":true,"href":"https:\/\/ent2d.ac-bordeaux.fr\/disciplines\/espagnol\/wp-json\/wp\/v2\/users\/13"}],"replies":[{"embeddable":true,"href":"https:\/\/ent2d.ac-bordeaux.fr\/disciplines\/espagnol\/wp-json\/wp\/v2\/comments?post=5825"}],"version-history":[{"count":1,"href":"https:\/\/ent2d.ac-bordeaux.fr\/disciplines\/espagnol\/wp-json\/wp\/v2\/posts\/5825\/revisions"}],"predecessor-version":[{"id":5828,"href":"https:\/\/ent2d.ac-bordeaux.fr\/disciplines\/espagnol\/wp-json\/wp\/v2\/posts\/5825\/revisions\/5828"}],"wp:featuredmedia":[{"embeddable":true,"href":"https:\/\/ent2d.ac-bordeaux.fr\/disciplines\/espagnol\/wp-json\/wp\/v2\/media\/5827"}],"wp:attachment":[{"href":"https:\/\/ent2d.ac-bordeaux.fr\/disciplines\/espagnol\/wp-json\/wp\/v2\/media?parent=5825"}],"wp:term":[{"taxonomy":"category","embeddable":true,"href":"https:\/\/ent2d.ac-bordeaux.fr\/disciplines\/espagnol\/wp-json\/wp\/v2\/categories?post=5825"},{"taxonomy":"post_tag","embeddable":true,"href":"https:\/\/ent2d.ac-bordeaux.fr\/disciplines\/espagnol\/wp-json\/wp\/v2\/tags?post=5825"}],"curies":[{"name":"wp","href":"https:\/\/api.w.org\/{rel}","templated":true}]}}