{"id":5684,"date":"2023-09-30T17:59:51","date_gmt":"2023-09-30T16:59:51","guid":{"rendered":"https:\/\/ent2d.ac-bordeaux.fr\/disciplines\/espagnol\/?p=5684"},"modified":"2023-09-30T17:59:59","modified_gmt":"2023-09-30T16:59:59","slug":"dates-des-examens-et-programmes-du-baccalaureat","status":"publish","type":"post","link":"https:\/\/ent2d.ac-bordeaux.fr\/disciplines\/espagnol\/2023\/09\/30\/dates-des-examens-et-programmes-du-baccalaureat\/","title":{"rendered":"Dates des examens et Programmes du Baccalaur\u00e9at"},"content":{"rendered":"<header class=\"entry-header\">\n<h1 class=\"entry-title\"><\/h1>\n<\/header>\n<div class=\"entry-thumbnail\"><img loading=\"lazy\" decoding=\"async\" class=\"attachment-large size-large wp-post-image\" src=\"https:\/\/ent2d.ac-bordeaux.fr\/disciplines\/langues\/wp-content\/uploads\/sites\/61\/2023\/09\/BO.png\" alt=\"\" width=\"300\" height=\"150\" \/><\/div>\n<div class=\"entry-content\">\n<p>Le dernier BO (28\/09\/2023)\u00a0avec les dates des examens\u00a0et les programmes du baccalaur\u00e9at :\u00a0<a href=\"https:\/\/www.education.gouv.fr\/newsletter\/le-bulletin-hebdo-du-28-septembre-2023\" target=\"_blank\" rel=\"noreferrer noopener\" data-slimstat=\"5\">https:\/\/www.education.gouv.fr\/newsletter\/le-bulletin-hebdo-du-28-septembre-2023<\/a><\/p>\n<p>&nbsp;<\/p>\n<figure class=\"wp-block-table\">\n<table>\n<tbody>\n<tr>\n<td>ENSEIGNEMENTS PRIMAIRE ET SECONDAIRE<\/td>\n<\/tr>\n<tr>\n<td><a href=\"https:\/\/www.education.gouv.fr\/bo\/2023\/Hebdo36\/MENE2324950N\" target=\"_blank\" rel=\"noreferrer noopener\" data-slimstat=\"5\">Orientation et examens<\/a>\u00a0\u2013 Calendrier 2024 des \u00e9preuves du dipl\u00f4me national du brevet, des baccalaur\u00e9ats, des certificats d\u2019aptitude professionnelle et du brevet de technicien<\/p>\n<p><a href=\"https:\/\/www.education.gouv.fr\/bo\/2023\/Hebdo36\/MENE2323453N\" target=\"_blank\" rel=\"noreferrer noopener\" data-slimstat=\"5\">Baccalaur\u00e9at g\u00e9n\u00e9ral<\/a>\u00a0\u2013 Modification de l\u2019\u00e9preuve orale anticip\u00e9e de fran\u00e7ais<\/p>\n<p><a href=\"https:\/\/www.education.gouv.fr\/bo\/2023\/Hebdo36\/MENE2317750N\" target=\"_blank\" rel=\"noreferrer noopener\" data-slimstat=\"5\">Baccalaur\u00e9at g\u00e9n\u00e9ral<\/a>\u00a0\u2013 Modification de certaines modalit\u00e9s de passation des \u00e9preuves terminales d\u2019enseignements de sp\u00e9cialit\u00e9<\/p>\n<p><a href=\"https:\/\/www.education.gouv.fr\/bo\/2023\/Hebdo36\/MENE2323117N\" target=\"_blank\" rel=\"noreferrer noopener\" data-slimstat=\"5\">Baccalaur\u00e9ats g\u00e9n\u00e9ral et technologique<\/a>\u00a0\u2013 \u00c9preuve orale dite Grand oral de la classe de terminale des voies g\u00e9n\u00e9rale et technologique : modification<\/p>\n<p><a href=\"https:\/\/www.education.gouv.fr\/bo\/2023\/Hebdo36\/MENE2323020N\" target=\"_blank\" rel=\"noreferrer noopener\" data-slimstat=\"5\">Baccalaur\u00e9ats g\u00e9n\u00e9ral et technologique<\/a>\u00a0\u2013 Programme d\u2019examen des \u00e9preuves terminales d\u2019enseignements de sp\u00e9cialit\u00e9 des voies g\u00e9n\u00e9rale et technologique<\/td>\n<\/tr>\n<\/tbody>\n<\/table>\n<\/figure>\n<\/div>\n","protected":false},"excerpt":{"rendered":"<p>Le dernier BO (28\/09\/2023)\u00a0avec les dates des examens\u00a0et les programmes du baccalaur\u00e9at :\u00a0https:\/\/www.education.gouv.fr\/newsletter\/le-bulletin-hebdo-du-28-septembre-2023 &nbsp; ENSEIGNEMENTS PRIMAIRE ET SECONDAIRE Orientation et examens\u00a0\u2013 Calendrier 2024 des \u00e9preuves du dipl\u00f4me national du brevet, &#8230;<\/p>\n","protected":false},"author":13,"featured_media":5230,"comment_status":"closed","ping_status":"closed","sticky":false,"template":"","format":"standard","meta":{"footnotes":""},"categories":[19,52,123,125],"tags":[86,72,95],"class_list":["post-5684","post","type-post","status-publish","format-standard","has-post-thumbnail","hentry","category-accueil","category-informations-institutionnelles","category-programme-lycee","category-programmes-lycee","tag-bac","tag-lycee","tag-reforme-lycee"],"_links":{"self":[{"href":"https:\/\/ent2d.ac-bordeaux.fr\/disciplines\/espagnol\/wp-json\/wp\/v2\/posts\/5684","targetHints":{"allow":["GET"]}}],"collection":[{"href":"https:\/\/ent2d.ac-bordeaux.fr\/disciplines\/espagnol\/wp-json\/wp\/v2\/posts"}],"about":[{"href":"https:\/\/ent2d.ac-bordeaux.fr\/disciplines\/espagnol\/wp-json\/wp\/v2\/types\/post"}],"author":[{"embeddable":true,"href":"https:\/\/ent2d.ac-bordeaux.fr\/disciplines\/espagnol\/wp-json\/wp\/v2\/users\/13"}],"replies":[{"embeddable":true,"href":"https:\/\/ent2d.ac-bordeaux.fr\/disciplines\/espagnol\/wp-json\/wp\/v2\/comments?post=5684"}],"version-history":[{"count":2,"href":"https:\/\/ent2d.ac-bordeaux.fr\/disciplines\/espagnol\/wp-json\/wp\/v2\/posts\/5684\/revisions"}],"predecessor-version":[{"id":5686,"href":"https:\/\/ent2d.ac-bordeaux.fr\/disciplines\/espagnol\/wp-json\/wp\/v2\/posts\/5684\/revisions\/5686"}],"wp:featuredmedia":[{"embeddable":true,"href":"https:\/\/ent2d.ac-bordeaux.fr\/disciplines\/espagnol\/wp-json\/wp\/v2\/media\/5230"}],"wp:attachment":[{"href":"https:\/\/ent2d.ac-bordeaux.fr\/disciplines\/espagnol\/wp-json\/wp\/v2\/media?parent=5684"}],"wp:term":[{"taxonomy":"category","embeddable":true,"href":"https:\/\/ent2d.ac-bordeaux.fr\/disciplines\/espagnol\/wp-json\/wp\/v2\/categories?post=5684"},{"taxonomy":"post_tag","embeddable":true,"href":"https:\/\/ent2d.ac-bordeaux.fr\/disciplines\/espagnol\/wp-json\/wp\/v2\/tags?post=5684"}],"curies":[{"name":"wp","href":"https:\/\/api.w.org\/{rel}","templated":true}]}}