{"id":5570,"date":"2023-05-23T20:15:36","date_gmt":"2023-05-23T19:15:36","guid":{"rendered":"https:\/\/ent2d.ac-bordeaux.fr\/disciplines\/espagnol\/?p=5570"},"modified":"2023-05-23T20:15:36","modified_gmt":"2023-05-23T19:15:36","slug":"becas-para-8-cursos-de-verano","status":"publish","type":"post","link":"https:\/\/ent2d.ac-bordeaux.fr\/disciplines\/espagnol\/2023\/05\/23\/becas-para-8-cursos-de-verano\/","title":{"rendered":"Becas para 8 cursos de verano"},"content":{"rendered":"<p style=\"font-weight: 400\">\n<p style=\"font-weight: 400\">Les comunicamos\u00a0\u00a0que El Ministerio de Educaci\u00f3n y Formaci\u00f3n Profesional de Espa\u00f1a convoca\u00a0<strong>becas para 8 cursos de verano ELE presenciales, organizados en colaboraci\u00f3n con la UNED<\/strong>. Cada uno de ellos cuenta\u00a030 h de formaci\u00f3n. Las ayudas cubren la matr\u00edcula en el curso, el programa de actividades culturales, el alojamiento y la manutenci\u00f3n de los docentes beneficiarios. No cubren el traslado hasta los centros asociados de la UNED de \u00c1vila, Segovia y Santander en los que se celebrar\u00e1n los cursos, que ser\u00e1 por cuenta de cada beneficiario.<\/p>\n<h4><\/h4>\n<h4>Cursos presenciales<\/h4>\n<h4>\u00a0 \u00a0 \u00a0 \u00a0 \u00a0 \u00a0 \u00a0 \u00a0 \u00a0 \u00a0 \u00a0 \u00a0 \u00a0 \u00a0 \u00a0 \u00a0 \u00a0 \u00a0 \u00a0 \u00a0 \u00a0 \u00a0 \u00a0 \u00a0 \u00a0 \u00a0 \u00a0 \u00a0 \u00a0 \u00a0 \u00a0 \u00a0 \u00a0 \u00a0 \u00a0 \u00a0 \u00a0Centro Asociado de la UNED, \u00c1vila.<\/h4>\n<p style=\"font-weight: 400\">\n<ul style=\"font-weight: 400\">\n<li><strong>Curso A 1.-\u00a0<\/strong><a href=\"https:\/\/www.educacionyfp.gob.es\/dam\/jcr:21aa1fcc-2448-4193-985a-740f10653efd\/a1-c-mo-ense-ar-el-l-xico-en-espa-ol.pdf\" data-saferedirecturl=\"https:\/\/www.google.com\/url?q=https:\/\/www.educacionyfp.gob.es\/dam\/jcr:21aa1fcc-2448-4193-985a-740f10653efd\/a1-c-mo-ense-ar-el-l-xico-en-espa-ol.pdf&amp;source=gmail&amp;ust=1684954558415000&amp;usg=AOvVaw2dhWQL3Cf42tDKfbCCGv43\">Palabras y m\u00e1s palabras\u2026 c\u00f3mo ense\u00f1ar el l\u00e9xico en Espa\u00f1ol-L2\/LE\u00a0<\/a>\n<ul>\n<li style=\"list-style-type: none\">\n<ul>\n<li>Lugar de celebraci\u00f3n: Centro Asociado de la UNED, \u00c1vila.\u00a0Espa\u00f1a.<\/li>\n<li>Fechas: Del 26 al 30 de junio de 2023.<\/li>\n<\/ul>\n<\/li>\n<\/ul>\n<\/li>\n<li><strong>Curso A 2.-\u00a0<\/strong><a href=\"https:\/\/www.educacionyfp.gob.es\/dam\/jcr:3b9be790-30e8-4f53-9f54-652762fc866f\/a2-metodolog-a.pdf\" data-saferedirecturl=\"https:\/\/www.google.com\/url?q=https:\/\/www.educacionyfp.gob.es\/dam\/jcr:3b9be790-30e8-4f53-9f54-652762fc866f\/a2-metodolog-a.pdf&amp;source=gmail&amp;ust=1684954558415000&amp;usg=AOvVaw0rOMkKXbPsrehavlqlbpil\">\u00bfC\u00f3mo y qu\u00e9 ense\u00f1ar? Medolog\u00edas, destrezas y competencias en Espa\u00f1ol-L2-LE\u00a0<\/a>\n<ul>\n<li style=\"list-style-type: none\">\n<ul>\n<li>Lugar de celebraci\u00f3n: Centro Asociado de la UNED, \u00c1vila. Espa\u00f1a.<\/li>\n<li>Fechas: Del 10 al 14 de julio de 2023<\/li>\n<\/ul>\n<\/li>\n<\/ul>\n<\/li>\n<li><strong>Curso A 3.-\u00a0<\/strong><a href=\"https:\/\/www.educacionyfp.gob.es\/dam\/jcr:3539ca7e-92cd-4144-be8f-980667897c37\/a3-dime-c-mo-hablas-y-escribes.pdf\" data-saferedirecturl=\"https:\/\/www.google.com\/url?q=https:\/\/www.educacionyfp.gob.es\/dam\/jcr:3539ca7e-92cd-4144-be8f-980667897c37\/a3-dime-c-mo-hablas-y-escribes.pdf&amp;source=gmail&amp;ust=1684954558416000&amp;usg=AOvVaw2aPXniDxlHJ7hEMQuy0WkR\">Dime c\u00f3mo hablas y escribes, y te dir\u00e9 cu\u00e1nto sabes. C\u00f3mo evaluar las destrezas de Espa\u00f1ol-L2\/LE<\/a>\n<ul>\n<li style=\"list-style-type: none\">\n<ul>\n<li>Lugar de celebraci\u00f3n: Centro Asociado de la UNED, \u00c1vila. Espa\u00f1a.<\/li>\n<li>Fechas: Del 17 al 21 de julio de 2023.<\/li>\n<\/ul>\n<\/li>\n<\/ul>\n<\/li>\n<\/ul>\n<p style=\"font-weight: 400\">\n<p style=\"font-weight: 400\">\n<p style=\"font-weight: 400\"><strong>\u00a0 \u00a0 \u00a0 \u00a0 \u00a0 \u00a0 \u00a0 \u00a0 \u00a0 \u00a0 \u00a0 \u00a0 \u00a0 \u00a0 \u00a0 \u00a0 \u00a0 \u00a0 \u00a0 \u00a0 \u00a0 \u00a0 \u00a0 \u00a0 \u00a0 \u00a0 \u00a0 \u00a0 \u00a0 \u00a0 \u00a0 \u00a0 \u00a0 \u00a0 \u00a0 \u00a0 \u00a0 \u00a0 \u00a0 \u00a0 \u00a0 \u00a0 \u00a0 \u00a0 \u00a0 \u00a0Centro Asociado de la UNED, Segovia.<\/strong><\/p>\n<ul style=\"font-weight: 400\">\n<li><strong>Curso S 1.-\u00a0<\/strong><a href=\"https:\/\/www.educacionyfp.gob.es\/dam\/jcr:9ef16560-2c19-4047-90d5-a9ce5da1d2f0\/s1-pragm-tica-y-paralenguaje.pdf\" data-saferedirecturl=\"https:\/\/www.google.com\/url?q=https:\/\/www.educacionyfp.gob.es\/dam\/jcr:9ef16560-2c19-4047-90d5-a9ce5da1d2f0\/s1-pragm-tica-y-paralenguaje.pdf&amp;source=gmail&amp;ust=1684954558416000&amp;usg=AOvVaw1wUw1-ND8razQVHzCYBzrh\">Qu\u00e9 decir y c\u00f3mo hacerlo sin palabras. Pragm\u00e1tica y paralenguaje aplicados al Espa\u00f1ol-L2\/LE<\/a>\n<ul>\n<li style=\"list-style-type: none\">\n<ul>\n<li>Lugar de celebraci\u00f3n: Centro Asociado de la UNED, Segovia. Espa\u00f1a.<\/li>\n<li>Fechas: Del 17 al 21 de julio de 2023.<\/li>\n<\/ul>\n<\/li>\n<\/ul>\n<\/li>\n<li><strong>Curso S 2.-<\/strong><a href=\"https:\/\/www.educacionyfp.gob.es\/dam\/jcr:2a421b48-80cf-46e0-9612-ff008b7bce25\/s2-a-vueltas-de-la-gram-tica.pdf\" data-saferedirecturl=\"https:\/\/www.google.com\/url?q=https:\/\/www.educacionyfp.gob.es\/dam\/jcr:2a421b48-80cf-46e0-9612-ff008b7bce25\/s2-a-vueltas-de-la-gram-tica.pdf&amp;source=gmail&amp;ust=1684954558416000&amp;usg=AOvVaw0PAxqJ8PHALiFLhjRjo68T\">\u00a0A vueltas de la gram\u00e1tica. Reflexiones para la ense\u00f1anza del Espa\u00f1ol<\/a>\n<ul>\n<li style=\"list-style-type: none\">\n<ul>\n<li>Lugar de celebraci\u00f3n: Centro Asociado de la UNED, Segovia. Espa\u00f1a.<\/li>\n<li>Fechas: Del 17 al 21 de julio de 2023.<\/li>\n<\/ul>\n<\/li>\n<\/ul>\n<\/li>\n<\/ul>\n<p style=\"font-weight: 400\">\n<p style=\"font-weight: 400\">\n<p style=\"font-weight: 400\"><strong>\u00a0 \u00a0 \u00a0 \u00a0 \u00a0 \u00a0 \u00a0 \u00a0 \u00a0 \u00a0 \u00a0 \u00a0 \u00a0 \u00a0 \u00a0 \u00a0 \u00a0 \u00a0 \u00a0 \u00a0 \u00a0 \u00a0 \u00a0 \u00a0 \u00a0 \u00a0 \u00a0 \u00a0 \u00a0 \u00a0 \u00a0 \u00a0 \u00a0 \u00a0 \u00a0 \u00a0 \u00a0 \u00a0 \u00a0 \u00a0 \u00a0 \u00a0 \u00a0 \u00a0 \u00a0 Campus de las Llamas de la UIMP, Santander<\/strong>\n<\/p>\n<ul style=\"font-weight: 400\">\n<li style=\"list-style-type: none\">\n<ul>\n<li><strong>Curso SA 1.-\u00a0<\/strong><a href=\"https:\/\/www.educacionyfp.gob.es\/dam\/jcr:470ebb57-ef82-45a1-8195-21ccc439e747\/sa1-dise-o-de-materiales-y-situaciones-de-aprendizaje.pdf\" data-saferedirecturl=\"https:\/\/www.google.com\/url?q=https:\/\/www.educacionyfp.gob.es\/dam\/jcr:470ebb57-ef82-45a1-8195-21ccc439e747\/sa1-dise-o-de-materiales-y-situaciones-de-aprendizaje.pdf&amp;source=gmail&amp;ust=1684954558416000&amp;usg=AOvVaw17J2gv6JvT0iz1NaHdzCgQ\">Dise\u00f1o de materiales y situaciones de aprendizaje para la ense\u00f1anza del Espa\u00f1ol como Lengua Extranjera<\/a>\n<ul>\n<li>Lugar de celebraci\u00f3n: Campus de las Llamas de la UIMP, Santander. Espa\u00f1a.<\/li>\n<li>Fechas: Del 17 al 21 de julio de 2023.<\/li>\n<\/ul>\n<\/li>\n<li><strong>Curso SA 2.-\u00a0<\/strong><a href=\"https:\/\/www.educacionyfp.gob.es\/dam\/jcr:37ba3250-3404-41b8-b9dc-0aa9f6bca90c\/sa2-recursos-audiovisuales--tic-y-t-cnicas-teatrales-para-la-ense-anza-de-ele.pdf\" data-saferedirecturl=\"https:\/\/www.google.com\/url?q=https:\/\/www.educacionyfp.gob.es\/dam\/jcr:37ba3250-3404-41b8-b9dc-0aa9f6bca90c\/sa2-recursos-audiovisuales--tic-y-t-cnicas-teatrales-para-la-ense-anza-de-ele.pdf&amp;source=gmail&amp;ust=1684954558416000&amp;usg=AOvVaw3rxDsOJhzJqwzVk3WPqEMT\">Recursos audiovisuales, TIC y t\u00e9cnicas teatrales para la ense\u00f1anza de ELE<\/a>\n<ul>\n<li>Lugar de celebraci\u00f3n: Campus de las Llamas de la UIMP, Santander. Espa\u00f1a.<\/li>\n<li>Fechas: Del 24 al 28 de julio de 2023.<\/li>\n<\/ul>\n<\/li>\n<li><strong>Curso SA 3.-\u00a0<\/strong><a href=\"https:\/\/www.educacionyfp.gob.es\/dam\/jcr:5af7ac77-7950-4406-9213-3bbc904fd956\/sa3-especializaci-n-para-profesores-internacionales-de-espa-ol-como-lengua-extranjera.pdf\" data-saferedirecturl=\"https:\/\/www.google.com\/url?q=https:\/\/www.educacionyfp.gob.es\/dam\/jcr:5af7ac77-7950-4406-9213-3bbc904fd956\/sa3-especializaci-n-para-profesores-internacionales-de-espa-ol-como-lengua-extranjera.pdf&amp;source=gmail&amp;ust=1684954558416000&amp;usg=AOvVaw0g-ftLmA8m2xD_Jl4J7KU2\">Especializaci\u00f3n para profesores internacionales de espa\u00f1ol como lengua extranjera<\/a>\n<ul>\n<li>Lugar de celebraci\u00f3n: Campus de las Llamas de la UIMP, Santander. Espa\u00f1a.<\/li>\n<li>Fechas: Del 31 de julio al 4 de agosto de 2023.<\/li>\n<\/ul>\n<\/li>\n<\/ul>\n<\/li>\n<\/ul>\n<p style=\"font-weight: 400\">\n<p style=\"font-weight: 400\">\n<p style=\"font-weight: 400\">\n<p style=\"font-weight: 400\">Los destinatarios de estas becas y cursos son profesores extranjeros de espa\u00f1ol y de otras materias en espa\u00f1ol. Toda la informaci\u00f3n se puede consultar en nuestra web en el siguiente enlace:<\/p>\n<p><a href=\"https:\/\/www.educacionyfp.gob.es\/francia\/actualidad\/actualidadconsejeria\/2023\/18may-27may-prog-form-prof-extranjero.html\" data-saferedirecturl=\"https:\/\/www.google.com\/url?q=https:\/\/www.educacionyfp.gob.es\/francia\/actualidad\/actualidadconsejeria\/2023\/18may-27may-prog-form-prof-extranjero.html&amp;source=gmail&amp;ust=1684954558416000&amp;usg=AOvVaw1HEQyUVgq0ZM2OTMbPQ3w2\">https:\/\/www.educacionyfp.gob.es\/francia\/actualidad\/actualidadconsejeria\/2023\/18may-27may-prog-form-prof-extranjero.html<\/a><\/p>\n<p>El plazo de solicitud \u00a0<strong>est\u00e1 actualmente abierto<\/strong>\u00a0<strong>y finaliza el 27 de mayo de 2023 y\u00a0<\/strong>se debe realizar a trav\u00e9s de la<strong>\u00a0aplicaci\u00f3n PROFEX.<\/strong><\/p>\n","protected":false},"excerpt":{"rendered":"<p>Les comunicamos\u00a0\u00a0que El Ministerio de Educaci\u00f3n y Formaci\u00f3n Profesional de Espa\u00f1a convoca\u00a0becas para 8 cursos de verano ELE presenciales, organizados en colaboraci\u00f3n con la UNED. Cada uno de ellos cuenta\u00a030 &#8230;<\/p>\n","protected":false},"author":13,"featured_media":5571,"comment_status":"closed","ping_status":"closed","sticky":false,"template":"","format":"standard","meta":{"footnotes":""},"categories":[19],"tags":[],"class_list":["post-5570","post","type-post","status-publish","format-standard","has-post-thumbnail","hentry","category-accueil"],"_links":{"self":[{"href":"https:\/\/ent2d.ac-bordeaux.fr\/disciplines\/espagnol\/wp-json\/wp\/v2\/posts\/5570","targetHints":{"allow":["GET"]}}],"collection":[{"href":"https:\/\/ent2d.ac-bordeaux.fr\/disciplines\/espagnol\/wp-json\/wp\/v2\/posts"}],"about":[{"href":"https:\/\/ent2d.ac-bordeaux.fr\/disciplines\/espagnol\/wp-json\/wp\/v2\/types\/post"}],"author":[{"embeddable":true,"href":"https:\/\/ent2d.ac-bordeaux.fr\/disciplines\/espagnol\/wp-json\/wp\/v2\/users\/13"}],"replies":[{"embeddable":true,"href":"https:\/\/ent2d.ac-bordeaux.fr\/disciplines\/espagnol\/wp-json\/wp\/v2\/comments?post=5570"}],"version-history":[{"count":1,"href":"https:\/\/ent2d.ac-bordeaux.fr\/disciplines\/espagnol\/wp-json\/wp\/v2\/posts\/5570\/revisions"}],"predecessor-version":[{"id":5572,"href":"https:\/\/ent2d.ac-bordeaux.fr\/disciplines\/espagnol\/wp-json\/wp\/v2\/posts\/5570\/revisions\/5572"}],"wp:featuredmedia":[{"embeddable":true,"href":"https:\/\/ent2d.ac-bordeaux.fr\/disciplines\/espagnol\/wp-json\/wp\/v2\/media\/5571"}],"wp:attachment":[{"href":"https:\/\/ent2d.ac-bordeaux.fr\/disciplines\/espagnol\/wp-json\/wp\/v2\/media?parent=5570"}],"wp:term":[{"taxonomy":"category","embeddable":true,"href":"https:\/\/ent2d.ac-bordeaux.fr\/disciplines\/espagnol\/wp-json\/wp\/v2\/categories?post=5570"},{"taxonomy":"post_tag","embeddable":true,"href":"https:\/\/ent2d.ac-bordeaux.fr\/disciplines\/espagnol\/wp-json\/wp\/v2\/tags?post=5570"}],"curies":[{"name":"wp","href":"https:\/\/api.w.org\/{rel}","templated":true}]}}