{"id":5358,"date":"2022-12-06T13:57:07","date_gmt":"2022-12-06T12:57:07","guid":{"rendered":"https:\/\/ent2d.ac-bordeaux.fr\/disciplines\/espagnol\/?p=5358"},"modified":"2022-12-06T14:00:04","modified_gmt":"2022-12-06T13:00:04","slug":"apprendre-lespagnol-avec-educarte","status":"publish","type":"post","link":"https:\/\/ent2d.ac-bordeaux.fr\/disciplines\/espagnol\/2022\/12\/06\/apprendre-lespagnol-avec-educarte\/","title":{"rendered":"Apprendre l&rsquo;espagnol avec Educ&rsquo;arte"},"content":{"rendered":"<p class=\"paragraph\"><span class=\"normaltextrun\">Depuis 2016, ARTE Education propose aux enseignant.e.s et aux \u00e9l\u00e8ves de l\u2019enseignement secondaire <\/span><a href=\"https:\/\/educ.arte.tv\/\" target=\"_blank\" rel=\"noopener noreferrer\"><span class=\"normaltextrun\"><b>Educ\u2019ARTE<\/b><\/span><\/a><span class=\"normaltextrun\"><b>, la ressource p\u00e9dagogique d\u2019ARTE<\/b>. Une fois abonn\u00e9s, les \u00e9tablissements ont acc\u00e8s \u00e0 <b>un catalogue de plus de 2000 documentaires ARTE<\/b> ainsi qu\u2019\u00e0 <b>des outils permettant de personnaliser les vid\u00e9os<\/b> (extraits vid\u00e9o, cartes mentales, annotations) ou d\u2019<b>apprendre une langue \u00e9trang\u00e8re<\/b>.<\/span><\/p>\n<p class=\"paragraph\"><span class=\"normaltextrun\">De nombreux \u00e9tablissements de votre acad\u00e9mie sont d\u00e9j\u00e0 abonn\u00e9s \u00e0 Educ\u2019ARTE !<\/span><span class=\"eop\">\u00a0<\/span><span class=\"normaltextrun\">En effet,\u00a0<b>tous les lyc\u00e9es de Nouvelle-Aquitaine<\/b>\u00a0sont abonn\u00e9s \u00e0 la ressource par la R\u00e9gion.<\/span><\/p>\n<p class=\"paragraph\"><span class=\"normaltextrun\">Afin de vous pr\u00e9senter la ressource, nous avons le plaisir de<b> vous inviter \u00e0 un nouveau webinaire \u00ab\u202fEnseigner l\u2019espagnol avec Educ\u2019ARTE\u202f\u00bb qui aura lieu en ligne le mardi 13 d\u00e9cembre, de 12h15 \u00e0 13h.<\/b><\/span><\/p>\n<p class=\"paragraph\"><span class=\"normaltextrun\">Vous pouvez vous inscrire en cliquant <\/span><a href=\"https:\/\/educarte.clickmeeting.com\/webinaire-disciplinaire-espagnol\/register\" target=\"_blank\" rel=\"noopener noreferrer\"><span class=\"normaltextrun\">sur ce lien<\/span><\/a><span class=\"normaltextrun\">.<\/span><span class=\"eop\">\u00a0<\/span><\/p>\n<p class=\"paragraph\"><span class=\"normaltextrun\"><b>Pour rappel, Educ\u2019ARTE est une ressource particuli\u00e8rement utile pour enseigner l\u2019espagnol.<\/b> Elle propose un grand nombre de programmes sur la culture hispanique, ainsi que des fonctionnalit\u00e9s multilingues en espagnol. Par exemple, vous trouverez sur Educ\u2019ARTE :<\/span><\/p>\n<ul type=\"disc\">\n<li class=\"paragraph\"><span class=\"normaltextrun\">Une collection de vid\u00e9os :\u00a0<\/span><a href=\"https:\/\/educ.arte.tv\/thematic\/histoire-et-culture-espagne\" target=\"_blank\" rel=\"noopener noreferrer\"><span class=\"normaltextrun\">Histoire et culture : Espagne<\/span><\/a><\/li>\n<li class=\"paragraph\"><span class=\"normaltextrun\">Des\u00a0<b>programmes phares<\/b>\u00a0sur la culture hispanique, parmi lesquels :\u00a0<\/span><a href=\"https:\/\/educ.arte.tv\/program\/petits-secrets-des-grands-tableaux-velasquez\" target=\"_blank\" rel=\"noopener noreferrer\"><span class=\"normaltextrun\"><i>Les M\u00e9nines<\/i><\/span><span class=\"normaltextrun\">\u00a0de V\u00e9lasquez<\/span><\/a><span class=\"normaltextrun\">\u00a0(doubl\u00e9),\u00a0<\/span><a href=\"https:\/\/educ.arte.tv\/program\/cinekino-espagne\" target=\"_blank\" rel=\"noopener noreferrer\"><span class=\"normaltextrun\">Cin\u00e9Kino &#8211; Espagne<\/span><\/a><span class=\"normaltextrun\">,\u00a0<\/span><a href=\"https:\/\/educ.arte.tv\/program\/chez-frida-kahlo\" target=\"_blank\" rel=\"noopener noreferrer\"><span class=\"normaltextrun\">Chez Frida Kahlo<\/span><\/a><span class=\"normaltextrun\">,\u00a0<\/span><a href=\"https:\/\/educ.arte.tv\/search\/thesaurus\/8083?tab=program\" target=\"_blank\" rel=\"noopener noreferrer\"><span class=\"normaltextrun\">La Catalogne<\/span><\/a><span class=\"normaltextrun\">,\u00a0<\/span><a href=\"https:\/\/educ.arte.tv\/program\/un-jour-en-espagne\" target=\"_blank\" rel=\"noopener noreferrer\"><span class=\"normaltextrun\">Un jour en Espagne<\/span><\/a><span class=\"normaltextrun\">,\u00a0<\/span><a href=\"https:\/\/educ.arte.tv\/program\/le-dessous-des-cartes-des-nouvelles-d-amerique-latine\" target=\"_blank\" rel=\"noopener noreferrer\"><span class=\"normaltextrun\">Des nouvelles d\u2019Am\u00e9rique latine<\/span><\/a><span class=\"normaltextrun\">,\u00a0<\/span><a href=\"https:\/\/educ.arte.tv\/thematic\/artjacking-tous-les-episodes\" target=\"_blank\" rel=\"noopener noreferrer\"><span class=\"normaltextrun\">Artjacking<\/span><\/a><span class=\"normaltextrun\">, etc.<\/span><\/li>\n<li class=\"paragraph\"><span class=\"normaltextrun\">Plus de\u00a0<b>50 vid\u00e9os doubl\u00e9es\u00a0<\/b>en espagnol avec la\u00a0<b>transcription interactive et t\u00e9l\u00e9chargeable<\/b>\u00a0en espagnol :\u00a0<\/span><a href=\"https:\/\/educ.arte.tv\/thematic\/nouveaute-habla-en-espanol-por-favor-une-selection-de-programmes-en-espagnol-\" target=\"_blank\" rel=\"noopener noreferrer\"><span class=\"normaltextrun\">\u00ab\u00a0Habla en espa\u00f1ol por favor\u00a0\u00bb<\/span><\/a><span class=\"eop\">\u00a0<\/span><\/li>\n<li class=\"paragraph\"><span class=\"normaltextrun\">Des contenus en langue originale\u00a0<b>en provenance de la RTVE<\/b>\u00a0bient\u00f4t disponibles !<\/span><\/li>\n<li class=\"paragraph\"><span class=\"normaltextrun\">Des\u00a0<b>fiches p\u00e9dagogiques<\/b>\u00a0:\u00a0<\/span><a href=\"https:\/\/educ.arte.tv\/article\/fiche-pedagogique-jeunesse-colombienne\" target=\"_blank\" rel=\"noopener noreferrer\"><span class=\"normaltextrun\">La jeunesse colombienne<\/span><\/a><span class=\"normaltextrun\">,\u00a0<a href=\"https:\/\/vodstorage.arte.tv\/educarte\/attachedfiles\/154687_af1.pdf\" target=\"_blank\" rel=\"noopener\">La peinture de V\u00e9lasquez<\/a><\/span><\/li>\n<\/ul>\n<p><a href=\"https:\/\/vodstorage.arte.tv\/educarte\/attachedfiles\/article_11648_af1.pdf\"><strong>Pour en savoir plus\u00a0<\/strong><\/a><\/p>\n","protected":false},"excerpt":{"rendered":"<p>Depuis 2016, ARTE Education propose aux enseignant.e.s et aux \u00e9l\u00e8ves de l\u2019enseignement secondaire Educ\u2019ARTE, la ressource p\u00e9dagogique d\u2019ARTE. Une fois abonn\u00e9s, les \u00e9tablissements ont acc\u00e8s \u00e0 un catalogue de plus &#8230;<\/p>\n","protected":false},"author":13,"featured_media":5360,"comment_status":"closed","ping_status":"closed","sticky":false,"template":"","format":"standard","meta":{"footnotes":""},"categories":[19,98,66,41,42],"tags":[114,113,57],"class_list":["post-5358","post","type-post","status-publish","format-standard","has-post-thumbnail","hentry","category-accueil","category-pistes-lycee","category-pistes-pedagogiques-2","category-ressources-college","category-ressources-lycee","tag-pistes-college","tag-pistes-lycee","tag-pistes-pedagogiques"],"_links":{"self":[{"href":"https:\/\/ent2d.ac-bordeaux.fr\/disciplines\/espagnol\/wp-json\/wp\/v2\/posts\/5358","targetHints":{"allow":["GET"]}}],"collection":[{"href":"https:\/\/ent2d.ac-bordeaux.fr\/disciplines\/espagnol\/wp-json\/wp\/v2\/posts"}],"about":[{"href":"https:\/\/ent2d.ac-bordeaux.fr\/disciplines\/espagnol\/wp-json\/wp\/v2\/types\/post"}],"author":[{"embeddable":true,"href":"https:\/\/ent2d.ac-bordeaux.fr\/disciplines\/espagnol\/wp-json\/wp\/v2\/users\/13"}],"replies":[{"embeddable":true,"href":"https:\/\/ent2d.ac-bordeaux.fr\/disciplines\/espagnol\/wp-json\/wp\/v2\/comments?post=5358"}],"version-history":[{"count":3,"href":"https:\/\/ent2d.ac-bordeaux.fr\/disciplines\/espagnol\/wp-json\/wp\/v2\/posts\/5358\/revisions"}],"predecessor-version":[{"id":5362,"href":"https:\/\/ent2d.ac-bordeaux.fr\/disciplines\/espagnol\/wp-json\/wp\/v2\/posts\/5358\/revisions\/5362"}],"wp:featuredmedia":[{"embeddable":true,"href":"https:\/\/ent2d.ac-bordeaux.fr\/disciplines\/espagnol\/wp-json\/wp\/v2\/media\/5360"}],"wp:attachment":[{"href":"https:\/\/ent2d.ac-bordeaux.fr\/disciplines\/espagnol\/wp-json\/wp\/v2\/media?parent=5358"}],"wp:term":[{"taxonomy":"category","embeddable":true,"href":"https:\/\/ent2d.ac-bordeaux.fr\/disciplines\/espagnol\/wp-json\/wp\/v2\/categories?post=5358"},{"taxonomy":"post_tag","embeddable":true,"href":"https:\/\/ent2d.ac-bordeaux.fr\/disciplines\/espagnol\/wp-json\/wp\/v2\/tags?post=5358"}],"curies":[{"name":"wp","href":"https:\/\/api.w.org\/{rel}","templated":true}]}}