{"id":5212,"date":"2022-09-10T14:37:03","date_gmt":"2022-09-10T13:37:03","guid":{"rendered":"https:\/\/ent2d.ac-bordeaux.fr\/disciplines\/espagnol\/?p=5212"},"modified":"2022-09-10T17:02:42","modified_gmt":"2022-09-10T16:02:42","slug":"dasafio-dali-exposicion-en-madrid","status":"publish","type":"post","link":"https:\/\/ent2d.ac-bordeaux.fr\/disciplines\/espagnol\/2022\/09\/10\/dasafio-dali-exposicion-en-madrid\/","title":{"rendered":"Desaf\u00edo Dal\u00ed &#8211; Exposici\u00f3n en Madrid"},"content":{"rendered":"<p>Desaf\u00edo Dal\u00ed es <em><strong>un innovador formato para experimentar el Arte<\/strong><\/em>, \u00fanico en el mundo, que llega a Madrid. A trav\u00e9s de \u00e9l, te sumergir\u00e1s en los sue\u00f1os, obsesiones y obras del genio Salvador Dal\u00ed. Conoce\u00a0<strong><em>a fondo<\/em><\/strong>\u00a0la vida, obra y contexto hist\u00f3rico del genial artista.<\/p>\n<p>Un recorrido guiado a trav\u00e9s de un espectacular formato escenogr\u00e1fico y tecnol\u00f3gico. M\u00e1s de 2.000 m2 que incluyen realidad virtual, 3D, realidad aumentada, audiovisuales, micro-mapping y\u00a0<em><strong>la mayor exposici\u00f3n de cuadros del artista en formato digital del mundo.<\/strong><\/em><\/p>\n<p><a href=\"https:\/\/www.artdidaktik.com\/desafiodali\/\">Pour en savoir plus\u00a0<\/a><\/p>\n","protected":false},"excerpt":{"rendered":"<p>Desaf\u00edo Dal\u00ed es un innovador formato para experimentar el Arte, \u00fanico en el mundo, que llega a Madrid. A trav\u00e9s de \u00e9l, te sumergir\u00e1s en los sue\u00f1os, obsesiones y obras &#8230;<\/p>\n","protected":false},"author":13,"featured_media":5214,"comment_status":"closed","ping_status":"closed","sticky":false,"template":"","format":"standard","meta":{"footnotes":""},"categories":[19,45],"tags":[127],"class_list":["post-5212","post","type-post","status-publish","format-standard","has-post-thumbnail","hentry","category-accueil","category-espacio-cultural","tag-exposition"],"_links":{"self":[{"href":"https:\/\/ent2d.ac-bordeaux.fr\/disciplines\/espagnol\/wp-json\/wp\/v2\/posts\/5212","targetHints":{"allow":["GET"]}}],"collection":[{"href":"https:\/\/ent2d.ac-bordeaux.fr\/disciplines\/espagnol\/wp-json\/wp\/v2\/posts"}],"about":[{"href":"https:\/\/ent2d.ac-bordeaux.fr\/disciplines\/espagnol\/wp-json\/wp\/v2\/types\/post"}],"author":[{"embeddable":true,"href":"https:\/\/ent2d.ac-bordeaux.fr\/disciplines\/espagnol\/wp-json\/wp\/v2\/users\/13"}],"replies":[{"embeddable":true,"href":"https:\/\/ent2d.ac-bordeaux.fr\/disciplines\/espagnol\/wp-json\/wp\/v2\/comments?post=5212"}],"version-history":[{"count":5,"href":"https:\/\/ent2d.ac-bordeaux.fr\/disciplines\/espagnol\/wp-json\/wp\/v2\/posts\/5212\/revisions"}],"predecessor-version":[{"id":5218,"href":"https:\/\/ent2d.ac-bordeaux.fr\/disciplines\/espagnol\/wp-json\/wp\/v2\/posts\/5212\/revisions\/5218"}],"wp:featuredmedia":[{"embeddable":true,"href":"https:\/\/ent2d.ac-bordeaux.fr\/disciplines\/espagnol\/wp-json\/wp\/v2\/media\/5214"}],"wp:attachment":[{"href":"https:\/\/ent2d.ac-bordeaux.fr\/disciplines\/espagnol\/wp-json\/wp\/v2\/media?parent=5212"}],"wp:term":[{"taxonomy":"category","embeddable":true,"href":"https:\/\/ent2d.ac-bordeaux.fr\/disciplines\/espagnol\/wp-json\/wp\/v2\/categories?post=5212"},{"taxonomy":"post_tag","embeddable":true,"href":"https:\/\/ent2d.ac-bordeaux.fr\/disciplines\/espagnol\/wp-json\/wp\/v2\/tags?post=5212"}],"curies":[{"name":"wp","href":"https:\/\/api.w.org\/{rel}","templated":true}]}}