{"id":5182,"date":"2022-07-05T07:29:53","date_gmt":"2022-07-05T06:29:53","guid":{"rendered":"https:\/\/ent2d.ac-bordeaux.fr\/disciplines\/espagnol\/?p=5182"},"modified":"2022-07-05T07:30:30","modified_gmt":"2022-07-05T06:30:30","slug":"sequence-colombia-es-realismo-magico-projet-final","status":"publish","type":"post","link":"https:\/\/ent2d.ac-bordeaux.fr\/disciplines\/espagnol\/2022\/07\/05\/sequence-colombia-es-realismo-magico-projet-final\/","title":{"rendered":"S\u00e9quence \u00ab\u00a0Colombia es realismo m\u00e1gico \u00a0\u00bb &#8211; Projet final"},"content":{"rendered":"<div><\/div>\n<div>Travail propos\u00e9 par Mme BLANCA JARAMILLO-Professeure Contractuelle au coll\u00e8ge Ausone ( Le Bouscat )<\/div>\n<div><\/div>\n<div>Mme Blanca JARAMILLO a construit la s\u00e9quence\u00a0 \u00ab\u00a0Colombia es realismo m\u00e1gico\u00a0\u00bb ( 4LV1) qui a d\u00e9but\u00e9 par une exploitation\u00a0 du film \u00a0\u00ab\u00a0Encanto\u00a0\u00bb, un travail autour des \u00e9l\u00e9ments culturels de la Colombie, pr\u00e9sents dans le film . Le projet final\u00a0 consistait en l&rsquo;\u00e9criture d&rsquo;un conte \u00e0 trois mains contenant un \u00e9l\u00e9ment magique pr\u00e9sent dans l&rsquo;histoire.<\/div>\n<div>Cette activit\u00e9 a \u00e9t\u00e9 effectu\u00e9e en classe\u00a0 , \u00e0 l&rsquo;aide du dictionnaire, et a permis \u00e0 l&rsquo;enseignante d&rsquo;individualiser l&rsquo;aide et d&rsquo;accompagner les \u00e9l\u00e8ves au plus pr\u00e8s de leurs besoins .<\/div>\n<div>Acc\u00e8s \u00e0 la t\u00e2che finale<\/div>\n<div><\/div>\n<div><a href=\"https:\/\/ent2d.ac-bordeaux.fr\/disciplines\/espagnol\/wp-content\/uploads\/sites\/6\/2022\/07\/cuento-definitivo.-1.pdf\">cuento definitivo<img loading=\"lazy\" decoding=\"async\" class=\"alignnone size-medium wp-image-5184\" src=\"https:\/\/ent2d.ac-bordeaux.fr\/disciplines\/espagnol\/wp-content\/uploads\/sites\/6\/2022\/07\/cuento-definitivo-239x300.jpg\" alt=\"\" width=\"239\" height=\"300\" srcset=\"https:\/\/ent2d.ac-bordeaux.fr\/disciplines\/espagnol\/wp-content\/uploads\/sites\/6\/2022\/07\/cuento-definitivo-239x300.jpg 239w, https:\/\/ent2d.ac-bordeaux.fr\/disciplines\/espagnol\/wp-content\/uploads\/sites\/6\/2022\/07\/cuento-definitivo.jpg 409w\" sizes=\"auto, (max-width: 239px) 100vw, 239px\" \/><\/a><\/div>\n","protected":false},"excerpt":{"rendered":"<p>Travail propos\u00e9 par Mme BLANCA JARAMILLO-Professeure Contractuelle au coll\u00e8ge Ausone ( Le Bouscat ) Mme Blanca JARAMILLO a construit la s\u00e9quence\u00a0 \u00ab\u00a0Colombia es realismo m\u00e1gico\u00a0\u00bb ( 4LV1) qui a d\u00e9but\u00e9 &#8230;<\/p>\n","protected":false},"author":13,"featured_media":5184,"comment_status":"closed","ping_status":"closed","sticky":false,"template":"","format":"standard","meta":{"footnotes":""},"categories":[19,63,98,66,65],"tags":[],"class_list":["post-5182","post","type-post","status-publish","format-standard","has-post-thumbnail","hentry","category-accueil","category-espacio-para-compartir","category-pistes-lycee","category-pistes-pedagogiques-2","category-pistes-pour-le-college"],"_links":{"self":[{"href":"https:\/\/ent2d.ac-bordeaux.fr\/disciplines\/espagnol\/wp-json\/wp\/v2\/posts\/5182","targetHints":{"allow":["GET"]}}],"collection":[{"href":"https:\/\/ent2d.ac-bordeaux.fr\/disciplines\/espagnol\/wp-json\/wp\/v2\/posts"}],"about":[{"href":"https:\/\/ent2d.ac-bordeaux.fr\/disciplines\/espagnol\/wp-json\/wp\/v2\/types\/post"}],"author":[{"embeddable":true,"href":"https:\/\/ent2d.ac-bordeaux.fr\/disciplines\/espagnol\/wp-json\/wp\/v2\/users\/13"}],"replies":[{"embeddable":true,"href":"https:\/\/ent2d.ac-bordeaux.fr\/disciplines\/espagnol\/wp-json\/wp\/v2\/comments?post=5182"}],"version-history":[{"count":1,"href":"https:\/\/ent2d.ac-bordeaux.fr\/disciplines\/espagnol\/wp-json\/wp\/v2\/posts\/5182\/revisions"}],"predecessor-version":[{"id":5185,"href":"https:\/\/ent2d.ac-bordeaux.fr\/disciplines\/espagnol\/wp-json\/wp\/v2\/posts\/5182\/revisions\/5185"}],"wp:featuredmedia":[{"embeddable":true,"href":"https:\/\/ent2d.ac-bordeaux.fr\/disciplines\/espagnol\/wp-json\/wp\/v2\/media\/5184"}],"wp:attachment":[{"href":"https:\/\/ent2d.ac-bordeaux.fr\/disciplines\/espagnol\/wp-json\/wp\/v2\/media?parent=5182"}],"wp:term":[{"taxonomy":"category","embeddable":true,"href":"https:\/\/ent2d.ac-bordeaux.fr\/disciplines\/espagnol\/wp-json\/wp\/v2\/categories?post=5182"},{"taxonomy":"post_tag","embeddable":true,"href":"https:\/\/ent2d.ac-bordeaux.fr\/disciplines\/espagnol\/wp-json\/wp\/v2\/tags?post=5182"}],"curies":[{"name":"wp","href":"https:\/\/api.w.org\/{rel}","templated":true}]}}