{"id":5112,"date":"2022-05-02T21:47:48","date_gmt":"2022-05-02T20:47:48","guid":{"rendered":"https:\/\/ent2d.ac-bordeaux.fr\/disciplines\/espagnol\/?p=5112"},"modified":"2022-05-02T21:55:29","modified_gmt":"2022-05-02T20:55:29","slug":"vida-y-obra-de-frida-kahlo-una-exposicion-sonora-y-visual","status":"publish","type":"post","link":"https:\/\/ent2d.ac-bordeaux.fr\/disciplines\/espagnol\/2022\/05\/02\/vida-y-obra-de-frida-kahlo-una-exposicion-sonora-y-visual\/","title":{"rendered":"Vida y Obra de Frida Kahlo: una exposici\u00f3n sonora y visual &#8211; Madrid"},"content":{"rendered":"<p><img loading=\"lazy\" decoding=\"async\" class=\"size-medium wp-image-5115 alignright\" src=\"https:\/\/ent2d.ac-bordeaux.fr\/disciplines\/espagnol\/wp-content\/uploads\/sites\/6\/2022\/05\/Capture-4-300x178.jpg\" alt=\"\" width=\"300\" height=\"178\" srcset=\"https:\/\/ent2d.ac-bordeaux.fr\/disciplines\/espagnol\/wp-content\/uploads\/sites\/6\/2022\/05\/Capture-4-300x178.jpg 300w, https:\/\/ent2d.ac-bordeaux.fr\/disciplines\/espagnol\/wp-content\/uploads\/sites\/6\/2022\/05\/Capture-4.jpg 737w\" sizes=\"auto, (max-width: 300px) 100vw, 300px\" \/>Emb\u00e1rcate en un viaje inspirador por el universo art\u00edstico de Frida Kahlo. La exposici\u00f3n \u00ab\u00a0Vida y Obra de Frida Kahlo\u00a0\u00bb de Acciona te acerca, a trav\u00e9s de una atrevida puesta en escena multisensorial, a la vida y la trayectoria pict\u00f3rica de la artista mexicana m\u00e1s laureada de todos los tiempos. Sum\u00e9rgete en m\u00e1s de cien obras pl\u00e1sticas, dibujos, fotograf\u00edas y escritos de su diario personal con los que conocer\u00e1s a una Frida Kahlo muy diferente a la que cre\u00edas conocer. Explorando las fronteras entre el cine, el arte y el espect\u00e1culo, \u00ab\u00a0Vida y Obra de Frida Kahlo\u00a0\u00bb de Acciona te traslada a M\u00e9xico y a la intimidad de Frida Kahlo para ofrecerte una experiencia inmersiva sin igual.<\/p>\n","protected":false},"excerpt":{"rendered":"<p>Emb\u00e1rcate en un viaje inspirador por el universo art\u00edstico de Frida Kahlo. La exposici\u00f3n \u00ab\u00a0Vida y Obra de Frida Kahlo\u00a0\u00bb de Acciona te acerca, a trav\u00e9s de una atrevida puesta &#8230;<\/p>\n","protected":false},"author":13,"featured_media":5114,"comment_status":"closed","ping_status":"closed","sticky":false,"template":"","format":"standard","meta":{"footnotes":""},"categories":[19,45,63],"tags":[50,70],"class_list":["post-5112","post","type-post","status-publish","format-standard","has-post-thumbnail","hentry","category-accueil","category-espacio-cultural","category-espacio-para-compartir","tag-culture","tag-informations-culturelles"],"_links":{"self":[{"href":"https:\/\/ent2d.ac-bordeaux.fr\/disciplines\/espagnol\/wp-json\/wp\/v2\/posts\/5112","targetHints":{"allow":["GET"]}}],"collection":[{"href":"https:\/\/ent2d.ac-bordeaux.fr\/disciplines\/espagnol\/wp-json\/wp\/v2\/posts"}],"about":[{"href":"https:\/\/ent2d.ac-bordeaux.fr\/disciplines\/espagnol\/wp-json\/wp\/v2\/types\/post"}],"author":[{"embeddable":true,"href":"https:\/\/ent2d.ac-bordeaux.fr\/disciplines\/espagnol\/wp-json\/wp\/v2\/users\/13"}],"replies":[{"embeddable":true,"href":"https:\/\/ent2d.ac-bordeaux.fr\/disciplines\/espagnol\/wp-json\/wp\/v2\/comments?post=5112"}],"version-history":[{"count":2,"href":"https:\/\/ent2d.ac-bordeaux.fr\/disciplines\/espagnol\/wp-json\/wp\/v2\/posts\/5112\/revisions"}],"predecessor-version":[{"id":5117,"href":"https:\/\/ent2d.ac-bordeaux.fr\/disciplines\/espagnol\/wp-json\/wp\/v2\/posts\/5112\/revisions\/5117"}],"wp:featuredmedia":[{"embeddable":true,"href":"https:\/\/ent2d.ac-bordeaux.fr\/disciplines\/espagnol\/wp-json\/wp\/v2\/media\/5114"}],"wp:attachment":[{"href":"https:\/\/ent2d.ac-bordeaux.fr\/disciplines\/espagnol\/wp-json\/wp\/v2\/media?parent=5112"}],"wp:term":[{"taxonomy":"category","embeddable":true,"href":"https:\/\/ent2d.ac-bordeaux.fr\/disciplines\/espagnol\/wp-json\/wp\/v2\/categories?post=5112"},{"taxonomy":"post_tag","embeddable":true,"href":"https:\/\/ent2d.ac-bordeaux.fr\/disciplines\/espagnol\/wp-json\/wp\/v2\/tags?post=5112"}],"curies":[{"name":"wp","href":"https:\/\/api.w.org\/{rel}","templated":true}]}}