{"id":4940,"date":"2022-01-16T14:13:17","date_gmt":"2022-01-16T13:13:17","guid":{"rendered":"https:\/\/ent2d.ac-bordeaux.fr\/disciplines\/espagnol\/?p=4940"},"modified":"2022-01-16T14:13:17","modified_gmt":"2022-01-16T13:13:17","slug":"conference-allophones-ou-plurilingues-enseigner-en-contexte-de-diversite-linguistique-les-gestes-et-postures-qui-transforment","status":"publish","type":"post","link":"https:\/\/ent2d.ac-bordeaux.fr\/disciplines\/espagnol\/2022\/01\/16\/conference-allophones-ou-plurilingues-enseigner-en-contexte-de-diversite-linguistique-les-gestes-et-postures-qui-transforment\/","title":{"rendered":"Conf\u00e9rence : \u00ab Allophones \u00bb ou plurilingues ? Enseigner en contexte de diversit\u00e9 linguistique : les gestes et postures qui transforment.\u00a0"},"content":{"rendered":"<p><strong>Conf\u00e9rence de Marine Totozani<\/strong><br \/>\nUniversit\u00e9 Jean Monnet de Saint-\u00c9tienne<br \/>\nMardi 25 janvier 2022<br \/>\n17h30 \u2022 Amphi Loiseau (DEFLE)<br \/>\n\u00ab Allophones \u00bb ou plurilingues ?<br \/>\nEnseigner en contexte de diversit\u00e9<br \/>\nlinguistique : les gestes et postures<br \/>\nqui transforment.<\/p>\n<p>Pour en savoir plus\u00a0<a href=\"https:\/\/ent2d.ac-bordeaux.fr\/disciplines\/espagnol\/wp-content\/uploads\/sites\/6\/2022\/01\/affiche-Totozani.pdf\">affiche <\/a><a href=\"https:\/\/ent2d.ac-bordeaux.fr\/disciplines\/espagnol\/wp-content\/uploads\/sites\/6\/2022\/01\/affiche-Totozani.pdf\">Totozani<\/a><\/p>\n","protected":false},"excerpt":{"rendered":"<p>Conf\u00e9rence de Marine Totozani Universit\u00e9 Jean Monnet de Saint-\u00c9tienne Mardi 25 janvier 2022 17h30 \u2022 Amphi Loiseau (DEFLE) \u00ab Allophones \u00bb ou plurilingues ? Enseigner en contexte de diversit\u00e9 linguistique &#8230;<\/p>\n","protected":false},"author":13,"featured_media":4942,"comment_status":"closed","ping_status":"closed","sticky":false,"template":"","format":"standard","meta":{"footnotes":""},"categories":[19],"tags":[107,136,109],"class_list":["post-4940","post","type-post","status-publish","format-standard","has-post-thumbnail","hentry","category-accueil","tag-conferences","tag-defle","tag-plurilinguisme"],"_links":{"self":[{"href":"https:\/\/ent2d.ac-bordeaux.fr\/disciplines\/espagnol\/wp-json\/wp\/v2\/posts\/4940","targetHints":{"allow":["GET"]}}],"collection":[{"href":"https:\/\/ent2d.ac-bordeaux.fr\/disciplines\/espagnol\/wp-json\/wp\/v2\/posts"}],"about":[{"href":"https:\/\/ent2d.ac-bordeaux.fr\/disciplines\/espagnol\/wp-json\/wp\/v2\/types\/post"}],"author":[{"embeddable":true,"href":"https:\/\/ent2d.ac-bordeaux.fr\/disciplines\/espagnol\/wp-json\/wp\/v2\/users\/13"}],"replies":[{"embeddable":true,"href":"https:\/\/ent2d.ac-bordeaux.fr\/disciplines\/espagnol\/wp-json\/wp\/v2\/comments?post=4940"}],"version-history":[{"count":1,"href":"https:\/\/ent2d.ac-bordeaux.fr\/disciplines\/espagnol\/wp-json\/wp\/v2\/posts\/4940\/revisions"}],"predecessor-version":[{"id":4943,"href":"https:\/\/ent2d.ac-bordeaux.fr\/disciplines\/espagnol\/wp-json\/wp\/v2\/posts\/4940\/revisions\/4943"}],"wp:featuredmedia":[{"embeddable":true,"href":"https:\/\/ent2d.ac-bordeaux.fr\/disciplines\/espagnol\/wp-json\/wp\/v2\/media\/4942"}],"wp:attachment":[{"href":"https:\/\/ent2d.ac-bordeaux.fr\/disciplines\/espagnol\/wp-json\/wp\/v2\/media?parent=4940"}],"wp:term":[{"taxonomy":"category","embeddable":true,"href":"https:\/\/ent2d.ac-bordeaux.fr\/disciplines\/espagnol\/wp-json\/wp\/v2\/categories?post=4940"},{"taxonomy":"post_tag","embeddable":true,"href":"https:\/\/ent2d.ac-bordeaux.fr\/disciplines\/espagnol\/wp-json\/wp\/v2\/tags?post=4940"}],"curies":[{"name":"wp","href":"https:\/\/api.w.org\/{rel}","templated":true}]}}