{"id":4865,"date":"2021-12-02T21:22:06","date_gmt":"2021-12-02T20:22:06","guid":{"rendered":"https:\/\/ent2d.ac-bordeaux.fr\/disciplines\/espagnol\/?p=4865"},"modified":"2021-12-02T21:43:40","modified_gmt":"2021-12-02T20:43:40","slug":"le-cinema-dalmodovar-ou-la-memoire-les-identites-de-toutes-les-espagnes","status":"publish","type":"post","link":"https:\/\/ent2d.ac-bordeaux.fr\/disciplines\/espagnol\/2021\/12\/02\/le-cinema-dalmodovar-ou-la-memoire-les-identites-de-toutes-les-espagnes\/","title":{"rendered":"Le cin\u00e9ma d&rsquo;Almod\u00f3var ou la m\u00e9moire, les identit\u00e9s de toutes les Espagnes"},"content":{"rendered":"<p>Loin des clich\u00e9s, le cin\u00e9ma de Pedro Almod\u00f3var est r\u00e9solument inscrit dans la perspective de l\u2019histoire du cin\u00e9ma universel. Sa filmographie s\u2019est affirm\u00e9e comme un nouveau mode de cr\u00e9ation artistique, un marqueur du temps historique de l\u2019Espagne contemporaine et une repr\u00e9sentation de la soci\u00e9t\u00e9.<\/p>\n<p><a href=\"https:\/\/www.franceculture.fr\/conferences\/universite-de-nantes\/le-cinema-dalmodovar-ou-la-memoire-les-identites-de-toutes-les-espagnes\">Pour en savoir plus\u00a0<\/a><\/p>\n","protected":false},"excerpt":{"rendered":"<p>Loin des clich\u00e9s, le cin\u00e9ma de Pedro Almod\u00f3var est r\u00e9solument inscrit dans la perspective de l\u2019histoire du cin\u00e9ma universel. Sa filmographie s\u2019est affirm\u00e9e comme un nouveau mode de cr\u00e9ation artistique, &#8230;<\/p>\n","protected":false},"author":13,"featured_media":4866,"comment_status":"closed","ping_status":"closed","sticky":false,"template":"","format":"standard","meta":{"footnotes":""},"categories":[19],"tags":[],"class_list":["post-4865","post","type-post","status-publish","format-standard","has-post-thumbnail","hentry","category-accueil"],"_links":{"self":[{"href":"https:\/\/ent2d.ac-bordeaux.fr\/disciplines\/espagnol\/wp-json\/wp\/v2\/posts\/4865","targetHints":{"allow":["GET"]}}],"collection":[{"href":"https:\/\/ent2d.ac-bordeaux.fr\/disciplines\/espagnol\/wp-json\/wp\/v2\/posts"}],"about":[{"href":"https:\/\/ent2d.ac-bordeaux.fr\/disciplines\/espagnol\/wp-json\/wp\/v2\/types\/post"}],"author":[{"embeddable":true,"href":"https:\/\/ent2d.ac-bordeaux.fr\/disciplines\/espagnol\/wp-json\/wp\/v2\/users\/13"}],"replies":[{"embeddable":true,"href":"https:\/\/ent2d.ac-bordeaux.fr\/disciplines\/espagnol\/wp-json\/wp\/v2\/comments?post=4865"}],"version-history":[{"count":2,"href":"https:\/\/ent2d.ac-bordeaux.fr\/disciplines\/espagnol\/wp-json\/wp\/v2\/posts\/4865\/revisions"}],"predecessor-version":[{"id":4868,"href":"https:\/\/ent2d.ac-bordeaux.fr\/disciplines\/espagnol\/wp-json\/wp\/v2\/posts\/4865\/revisions\/4868"}],"wp:featuredmedia":[{"embeddable":true,"href":"https:\/\/ent2d.ac-bordeaux.fr\/disciplines\/espagnol\/wp-json\/wp\/v2\/media\/4866"}],"wp:attachment":[{"href":"https:\/\/ent2d.ac-bordeaux.fr\/disciplines\/espagnol\/wp-json\/wp\/v2\/media?parent=4865"}],"wp:term":[{"taxonomy":"category","embeddable":true,"href":"https:\/\/ent2d.ac-bordeaux.fr\/disciplines\/espagnol\/wp-json\/wp\/v2\/categories?post=4865"},{"taxonomy":"post_tag","embeddable":true,"href":"https:\/\/ent2d.ac-bordeaux.fr\/disciplines\/espagnol\/wp-json\/wp\/v2\/tags?post=4865"}],"curies":[{"name":"wp","href":"https:\/\/api.w.org\/{rel}","templated":true}]}}