{"id":4862,"date":"2021-11-28T22:05:39","date_gmt":"2021-11-28T21:05:39","guid":{"rendered":"https:\/\/ent2d.ac-bordeaux.fr\/disciplines\/espagnol\/?p=4862"},"modified":"2021-11-28T22:07:10","modified_gmt":"2021-11-28T21:07:10","slug":"le-deficit-dattention-des-eleves-comment-agir","status":"publish","type":"post","link":"https:\/\/ent2d.ac-bordeaux.fr\/disciplines\/espagnol\/2021\/11\/28\/le-deficit-dattention-des-eleves-comment-agir\/","title":{"rendered":"\u00ab Le d\u00e9ficit d&rsquo;attention des \u00e9l\u00e8ves : comment agir ? \u00bb"},"content":{"rendered":"<p><span class=\"css-901oao css-16my406 r-poiln3 r-bcqeeo r-qvutc0\">\u00ab Le d\u00e9ficit d&rsquo;attention des \u00e9l\u00e8ves : comment agir ? \u00bb Retrouvez les vid\u00e9os des conf\u00e9rences et les pr\u00e9sentations des ateliers du s\u00e9minaire national du 27 mai 2019. <\/span><\/p>\n<p><a class=\"css-4rbku5 css-18t94o4 css-901oao css-16my406 r-1cvl2hr r-1loqt21 r-poiln3 r-bcqeeo r-qvutc0\" role=\"link\" href=\"https:\/\/t.co\/KwI4rhlG4u?amp=1\" target=\"_blank\" rel=\"noopener noreferrer\"><span class=\"css-901oao css-16my406 r-poiln3 r-hiw28u r-qvk6io r-bcqeeo r-qvutc0\" aria-hidden=\"true\">http:\/\/<\/span>ow.ly\/TIG850wIF2B<\/a><\/p>\n","protected":false},"excerpt":{"rendered":"<p>\u00ab Le d\u00e9ficit d&rsquo;attention des \u00e9l\u00e8ves : comment agir ? \u00bb Retrouvez les vid\u00e9os des conf\u00e9rences et les pr\u00e9sentations des ateliers du s\u00e9minaire national du 27 mai 2019. http:\/\/ow.ly\/TIG850wIF2B<\/p>\n","protected":false},"author":13,"featured_media":4863,"comment_status":"closed","ping_status":"closed","sticky":false,"template":"","format":"standard","meta":{"footnotes":""},"categories":[19],"tags":[],"class_list":["post-4862","post","type-post","status-publish","format-standard","has-post-thumbnail","hentry","category-accueil"],"_links":{"self":[{"href":"https:\/\/ent2d.ac-bordeaux.fr\/disciplines\/espagnol\/wp-json\/wp\/v2\/posts\/4862","targetHints":{"allow":["GET"]}}],"collection":[{"href":"https:\/\/ent2d.ac-bordeaux.fr\/disciplines\/espagnol\/wp-json\/wp\/v2\/posts"}],"about":[{"href":"https:\/\/ent2d.ac-bordeaux.fr\/disciplines\/espagnol\/wp-json\/wp\/v2\/types\/post"}],"author":[{"embeddable":true,"href":"https:\/\/ent2d.ac-bordeaux.fr\/disciplines\/espagnol\/wp-json\/wp\/v2\/users\/13"}],"replies":[{"embeddable":true,"href":"https:\/\/ent2d.ac-bordeaux.fr\/disciplines\/espagnol\/wp-json\/wp\/v2\/comments?post=4862"}],"version-history":[{"count":1,"href":"https:\/\/ent2d.ac-bordeaux.fr\/disciplines\/espagnol\/wp-json\/wp\/v2\/posts\/4862\/revisions"}],"predecessor-version":[{"id":4864,"href":"https:\/\/ent2d.ac-bordeaux.fr\/disciplines\/espagnol\/wp-json\/wp\/v2\/posts\/4862\/revisions\/4864"}],"wp:featuredmedia":[{"embeddable":true,"href":"https:\/\/ent2d.ac-bordeaux.fr\/disciplines\/espagnol\/wp-json\/wp\/v2\/media\/4863"}],"wp:attachment":[{"href":"https:\/\/ent2d.ac-bordeaux.fr\/disciplines\/espagnol\/wp-json\/wp\/v2\/media?parent=4862"}],"wp:term":[{"taxonomy":"category","embeddable":true,"href":"https:\/\/ent2d.ac-bordeaux.fr\/disciplines\/espagnol\/wp-json\/wp\/v2\/categories?post=4862"},{"taxonomy":"post_tag","embeddable":true,"href":"https:\/\/ent2d.ac-bordeaux.fr\/disciplines\/espagnol\/wp-json\/wp\/v2\/tags?post=4862"}],"curies":[{"name":"wp","href":"https:\/\/api.w.org\/{rel}","templated":true}]}}