{"id":4858,"date":"2021-11-28T21:45:08","date_gmt":"2021-11-28T20:45:08","guid":{"rendered":"https:\/\/ent2d.ac-bordeaux.fr\/disciplines\/espagnol\/?p=4858"},"modified":"2021-11-28T21:48:16","modified_gmt":"2021-11-28T20:48:16","slug":"ouverture-aux-langues-a-lecole-vers-des-competences-plurilingues-et-pluriculturelles","status":"publish","type":"post","link":"https:\/\/ent2d.ac-bordeaux.fr\/disciplines\/espagnol\/2021\/11\/28\/ouverture-aux-langues-a-lecole-vers-des-competences-plurilingues-et-pluriculturelles\/","title":{"rendered":"Ouverture aux langues \u00e0 l&rsquo;\u00e9cole : vers des comp\u00e9tences plurilingues et pluriculturelles"},"content":{"rendered":"<p>R\u00e9flexions sur l&rsquo;\u00e9ducation plurilingue et pluriculturelle, activit\u00e9s pratiques \u00e0 r\u00e9aliser en classe: Ouverture aux langues \u00e0 l&rsquo;\u00e9cole : vers des comp\u00e9tences plurilingues et pluriculturelles, un guide disponible.<\/p>\n<p><a href=\"https:\/\/liseo.france-education-international.fr\/index.php?lvl=notice_display&amp;id=34304\">Pour en savoir plus\u00a0<\/a><\/p>\n","protected":false},"excerpt":{"rendered":"<p>R\u00e9flexions sur l&rsquo;\u00e9ducation plurilingue et pluriculturelle, activit\u00e9s pratiques \u00e0 r\u00e9aliser en classe: Ouverture aux langues \u00e0 l&rsquo;\u00e9cole : vers des comp\u00e9tences plurilingues et pluriculturelles, un guide disponible. Pour en savoir &#8230;<\/p>\n","protected":false},"author":13,"featured_media":4861,"comment_status":"closed","ping_status":"closed","sticky":false,"template":"","format":"standard","meta":{"footnotes":""},"categories":[19],"tags":[],"class_list":["post-4858","post","type-post","status-publish","format-standard","has-post-thumbnail","hentry","category-accueil"],"_links":{"self":[{"href":"https:\/\/ent2d.ac-bordeaux.fr\/disciplines\/espagnol\/wp-json\/wp\/v2\/posts\/4858","targetHints":{"allow":["GET"]}}],"collection":[{"href":"https:\/\/ent2d.ac-bordeaux.fr\/disciplines\/espagnol\/wp-json\/wp\/v2\/posts"}],"about":[{"href":"https:\/\/ent2d.ac-bordeaux.fr\/disciplines\/espagnol\/wp-json\/wp\/v2\/types\/post"}],"author":[{"embeddable":true,"href":"https:\/\/ent2d.ac-bordeaux.fr\/disciplines\/espagnol\/wp-json\/wp\/v2\/users\/13"}],"replies":[{"embeddable":true,"href":"https:\/\/ent2d.ac-bordeaux.fr\/disciplines\/espagnol\/wp-json\/wp\/v2\/comments?post=4858"}],"version-history":[{"count":1,"href":"https:\/\/ent2d.ac-bordeaux.fr\/disciplines\/espagnol\/wp-json\/wp\/v2\/posts\/4858\/revisions"}],"predecessor-version":[{"id":4859,"href":"https:\/\/ent2d.ac-bordeaux.fr\/disciplines\/espagnol\/wp-json\/wp\/v2\/posts\/4858\/revisions\/4859"}],"wp:featuredmedia":[{"embeddable":true,"href":"https:\/\/ent2d.ac-bordeaux.fr\/disciplines\/espagnol\/wp-json\/wp\/v2\/media\/4861"}],"wp:attachment":[{"href":"https:\/\/ent2d.ac-bordeaux.fr\/disciplines\/espagnol\/wp-json\/wp\/v2\/media?parent=4858"}],"wp:term":[{"taxonomy":"category","embeddable":true,"href":"https:\/\/ent2d.ac-bordeaux.fr\/disciplines\/espagnol\/wp-json\/wp\/v2\/categories?post=4858"},{"taxonomy":"post_tag","embeddable":true,"href":"https:\/\/ent2d.ac-bordeaux.fr\/disciplines\/espagnol\/wp-json\/wp\/v2\/tags?post=4858"}],"curies":[{"name":"wp","href":"https:\/\/api.w.org\/{rel}","templated":true}]}}