{"id":4855,"date":"2021-11-28T21:40:54","date_gmt":"2021-11-28T20:40:54","guid":{"rendered":"https:\/\/ent2d.ac-bordeaux.fr\/disciplines\/espagnol\/?p=4855"},"modified":"2021-11-28T21:41:59","modified_gmt":"2021-11-28T20:41:59","slug":"guide-dutilisation-des-reseaux-sociaux-en-classe-version-2021","status":"publish","type":"post","link":"https:\/\/ent2d.ac-bordeaux.fr\/disciplines\/espagnol\/2021\/11\/28\/guide-dutilisation-des-reseaux-sociaux-en-classe-version-2021\/","title":{"rendered":"Guide d\u2019utilisation des r\u00e9seaux sociaux en classe &#8211; Version 2021"},"content":{"rendered":"<p>Une initiative dans l&rsquo; Acad\u00e9mie de Paris : un\u00a0 Guide de r\u00e9f\u00e9rence de l&rsquo;utilisation des r\u00e9seaux sociaux en classe, r\u00e9dig\u00e9 sur l&rsquo;initiative du CLEMI Paris en collaboration avec la DANE, qui doit permettre aux enseignants d\u2019utiliser les r\u00e9seaux sociaux avec leurs \u00e9l\u00e8ves en classe de fa\u00e7on s\u00e9curis\u00e9e et fiable, en toute s\u00e9r\u00e9nit\u00e9.<\/p>\n<p><a href=\"https:\/\/www.ac-paris.fr\/portail\/jcms\/p1_2507870\/guide-d-utilisation-des-reseaux-sociaux-en-classe-version-2021\">Pour en savoir plus\u00a0<\/a><\/p>\n","protected":false},"excerpt":{"rendered":"<p>Une initiative dans l&rsquo; Acad\u00e9mie de Paris : un\u00a0 Guide de r\u00e9f\u00e9rence de l&rsquo;utilisation des r\u00e9seaux sociaux en classe, r\u00e9dig\u00e9 sur l&rsquo;initiative du CLEMI Paris en collaboration avec la DANE, &#8230;<\/p>\n","protected":false},"author":13,"featured_media":4856,"comment_status":"closed","ping_status":"closed","sticky":false,"template":"","format":"standard","meta":{"footnotes":""},"categories":[19],"tags":[87],"class_list":["post-4855","post","type-post","status-publish","format-standard","has-post-thumbnail","hentry","category-accueil","tag-numerique"],"_links":{"self":[{"href":"https:\/\/ent2d.ac-bordeaux.fr\/disciplines\/espagnol\/wp-json\/wp\/v2\/posts\/4855","targetHints":{"allow":["GET"]}}],"collection":[{"href":"https:\/\/ent2d.ac-bordeaux.fr\/disciplines\/espagnol\/wp-json\/wp\/v2\/posts"}],"about":[{"href":"https:\/\/ent2d.ac-bordeaux.fr\/disciplines\/espagnol\/wp-json\/wp\/v2\/types\/post"}],"author":[{"embeddable":true,"href":"https:\/\/ent2d.ac-bordeaux.fr\/disciplines\/espagnol\/wp-json\/wp\/v2\/users\/13"}],"replies":[{"embeddable":true,"href":"https:\/\/ent2d.ac-bordeaux.fr\/disciplines\/espagnol\/wp-json\/wp\/v2\/comments?post=4855"}],"version-history":[{"count":1,"href":"https:\/\/ent2d.ac-bordeaux.fr\/disciplines\/espagnol\/wp-json\/wp\/v2\/posts\/4855\/revisions"}],"predecessor-version":[{"id":4857,"href":"https:\/\/ent2d.ac-bordeaux.fr\/disciplines\/espagnol\/wp-json\/wp\/v2\/posts\/4855\/revisions\/4857"}],"wp:featuredmedia":[{"embeddable":true,"href":"https:\/\/ent2d.ac-bordeaux.fr\/disciplines\/espagnol\/wp-json\/wp\/v2\/media\/4856"}],"wp:attachment":[{"href":"https:\/\/ent2d.ac-bordeaux.fr\/disciplines\/espagnol\/wp-json\/wp\/v2\/media?parent=4855"}],"wp:term":[{"taxonomy":"category","embeddable":true,"href":"https:\/\/ent2d.ac-bordeaux.fr\/disciplines\/espagnol\/wp-json\/wp\/v2\/categories?post=4855"},{"taxonomy":"post_tag","embeddable":true,"href":"https:\/\/ent2d.ac-bordeaux.fr\/disciplines\/espagnol\/wp-json\/wp\/v2\/tags?post=4855"}],"curies":[{"name":"wp","href":"https:\/\/api.w.org\/{rel}","templated":true}]}}