{"id":3746,"date":"2020-05-12T10:07:55","date_gmt":"2020-05-12T09:07:55","guid":{"rendered":"https:\/\/ent2d.ac-bordeaux.fr\/disciplines\/espagnol\/?p=3746"},"modified":"2020-10-20T21:38:55","modified_gmt":"2020-10-20T20:38:55","slug":"lettre-edu_n-um-n11-definir-les-competences-numeriques","status":"publish","type":"post","link":"https:\/\/ent2d.ac-bordeaux.fr\/disciplines\/espagnol\/2020\/05\/12\/lettre-edu_n-um-n11-definir-les-competences-numeriques\/","title":{"rendered":"Lettre Edu_N um n\u00b011 ( d\u00e9finir les comp\u00e9tences num\u00e9riques )"},"content":{"rendered":"<p>&nbsp;<\/p>\n<div id=\"Sommaire4\">\n<p><a href=\"https:\/\/eduscol.education.fr\/numerique\/edunum-thematique\/edunum-thematique_11\/#header-1\">INTRODUCTION<\/a><\/p>\n<ul>\n<li><a href=\"https:\/\/eduscol.education.fr\/numerique\/edunum-thematique\/edunum-thematique_11\/#header-2\">D\u00e9finir les comp\u00e9tences num\u00e9riques<\/a><\/li>\n<\/ul>\n<p><a href=\"https:\/\/eduscol.education.fr\/numerique\/edunum-thematique\/edunum-thematique_11\/#header-3\">1. FORMER AUX DOMAINES ET COMP\u00c9TENCES DU CRCN<\/a><\/p>\n<ul>\n<li><a href=\"https:\/\/eduscol.education.fr\/numerique\/edunum-thematique\/edunum-thematique_11\/#header-4\">Le cadre de r\u00e9f\u00e9rence des comp\u00e9tences num\u00e9riques<\/a><\/li>\n<li><a href=\"https:\/\/eduscol.education.fr\/numerique\/edunum-thematique\/edunum-thematique_11\/#header-5\">Des sc\u00e9narios en lien avec les comp\u00e9tences<\/a><\/li>\n<li><a href=\"https:\/\/eduscol.education.fr\/numerique\/edunum-thematique\/edunum-thematique_11\/#header-6\">Des exemples pr\u00e9cis de sc\u00e9narios<\/a><\/li>\n<\/ul>\n<p><a href=\"https:\/\/eduscol.education.fr\/numerique\/edunum-thematique\/edunum-thematique_11\/#header-7\">2. \u00c9VALUER LES COMP\u00c9TENCES NUM\u00c9RIQUES<\/a><\/p>\n<ul>\n<li><a href=\"https:\/\/eduscol.education.fr\/numerique\/edunum-thematique\/edunum-thematique_11\/#header-8\">L&rsquo;\u00e9cosyst\u00e8me Pix<\/a><\/li>\n<li><a href=\"https:\/\/eduscol.education.fr\/numerique\/edunum-thematique\/edunum-thematique_11\/#header-9\">Pour les \u00e9l\u00e8ves<\/a><\/li>\n<li><a href=\"https:\/\/eduscol.education.fr\/numerique\/edunum-thematique\/edunum-thematique_11\/#header-10\">Des ressources de formation pour les disciplines<\/a><\/li>\n<\/ul>\n<p><a href=\"https:\/\/eduscol.education.fr\/numerique\/edunum-thematique\/edunum-thematique_11\/#header-11\">3. SE TENIR INFORM\u00c9<\/a><\/p>\n<ul>\n<li><a href=\"https:\/\/eduscol.education.fr\/numerique\/edunum-thematique\/edunum-thematique_11\/#header-12\">Veille sur les sc\u00e9narios p\u00e9dagogiques<\/a><\/li>\n<li><a href=\"https:\/\/eduscol.education.fr\/numerique\/edunum-thematique\/edunum-thematique_11\/#header-13\">Bibliographie<\/a><\/li>\n<li><a href=\"https:\/\/eduscol.education.fr\/numerique\/edunum-thematique\/edunum-thematique_11\/#header-14\">Sources<\/a><\/li>\n<\/ul>\n<\/div>\n<h2 id=\"header-1\"><\/h2>\n","protected":false},"excerpt":{"rendered":"<p>&nbsp; INTRODUCTION D\u00e9finir les comp\u00e9tences num\u00e9riques 1. FORMER AUX DOMAINES ET COMP\u00c9TENCES DU CRCN Le cadre de r\u00e9f\u00e9rence des comp\u00e9tences num\u00e9riques Des sc\u00e9narios en lien avec les comp\u00e9tences Des exemples &#8230;<\/p>\n","protected":false},"author":13,"featured_media":3575,"comment_status":"closed","ping_status":"closed","sticky":false,"template":"","format":"standard","meta":{"footnotes":""},"categories":[19],"tags":[91,87],"class_list":["post-3746","post","type-post","status-publish","format-standard","has-post-thumbnail","hentry","category-accueil","tag-lettre-edu_num","tag-numerique"],"_links":{"self":[{"href":"https:\/\/ent2d.ac-bordeaux.fr\/disciplines\/espagnol\/wp-json\/wp\/v2\/posts\/3746","targetHints":{"allow":["GET"]}}],"collection":[{"href":"https:\/\/ent2d.ac-bordeaux.fr\/disciplines\/espagnol\/wp-json\/wp\/v2\/posts"}],"about":[{"href":"https:\/\/ent2d.ac-bordeaux.fr\/disciplines\/espagnol\/wp-json\/wp\/v2\/types\/post"}],"author":[{"embeddable":true,"href":"https:\/\/ent2d.ac-bordeaux.fr\/disciplines\/espagnol\/wp-json\/wp\/v2\/users\/13"}],"replies":[{"embeddable":true,"href":"https:\/\/ent2d.ac-bordeaux.fr\/disciplines\/espagnol\/wp-json\/wp\/v2\/comments?post=3746"}],"version-history":[{"count":1,"href":"https:\/\/ent2d.ac-bordeaux.fr\/disciplines\/espagnol\/wp-json\/wp\/v2\/posts\/3746\/revisions"}],"predecessor-version":[{"id":3747,"href":"https:\/\/ent2d.ac-bordeaux.fr\/disciplines\/espagnol\/wp-json\/wp\/v2\/posts\/3746\/revisions\/3747"}],"wp:featuredmedia":[{"embeddable":true,"href":"https:\/\/ent2d.ac-bordeaux.fr\/disciplines\/espagnol\/wp-json\/wp\/v2\/media\/3575"}],"wp:attachment":[{"href":"https:\/\/ent2d.ac-bordeaux.fr\/disciplines\/espagnol\/wp-json\/wp\/v2\/media?parent=3746"}],"wp:term":[{"taxonomy":"category","embeddable":true,"href":"https:\/\/ent2d.ac-bordeaux.fr\/disciplines\/espagnol\/wp-json\/wp\/v2\/categories?post=3746"},{"taxonomy":"post_tag","embeddable":true,"href":"https:\/\/ent2d.ac-bordeaux.fr\/disciplines\/espagnol\/wp-json\/wp\/v2\/tags?post=3746"}],"curies":[{"name":"wp","href":"https:\/\/api.w.org\/{rel}","templated":true}]}}