{"id":3519,"date":"2020-01-15T17:22:17","date_gmt":"2020-01-15T16:22:17","guid":{"rendered":"https:\/\/ent2d.ac-bordeaux.fr\/disciplines\/espagnol\/?p=3519"},"modified":"2020-01-15T17:22:17","modified_gmt":"2020-01-15T16:22:17","slug":"label-europeen-ouverture-internationale","status":"publish","type":"post","link":"https:\/\/ent2d.ac-bordeaux.fr\/disciplines\/espagnol\/2020\/01\/15\/label-europeen-ouverture-internationale\/","title":{"rendered":"Label europ\u00e9en -ouverture internationale"},"content":{"rendered":"<p>&nbsp;<\/p>\n<div class=\"titre\">\n<h5><span class=\"contenu_titre_non_image\" style=\"font-family: 'arial black', sans-serif\">Euroscol : le Label des \u00e9coles et des \u00e9tablissements scolaires<\/span><\/h5>\n<\/div>\n<div class=\"padding-left-10\">\n<div class=\"chapo margin-bottom-20 padding-top-10 font-georgia font-12 font-grey bold\">\n<p><a href=\"https:\/\/eduscol.education.fr\/cid144760\/euroscol-label-des-ecoles-des-etablissements-scolaires.html\">Le label \u00ab Euroscol \u00bb<\/a> vise \u00e0 reconna\u00eetre la mobilisation des \u00e9coles et des \u00e9tablissements scolaires publics ou priv\u00e9s sous contrat s&rsquo;inscrivant dans une dynamique europ\u00e9enne, par le portage et la participation \u00e0 des projets et par la construction de parcours europ\u00e9ens dans la perspective de la cr\u00e9ation d&rsquo;un Espace europ\u00e9en de l&rsquo;\u00e9ducation.<\/p>\n<\/div>\n<\/div>\n<div class=\"content-default\"><\/div>\n<div class=\"content-default dossier-docu-body\"><\/div>\n","protected":false},"excerpt":{"rendered":"<p>&nbsp; Euroscol : le Label des \u00e9coles et des \u00e9tablissements scolaires Le label \u00ab Euroscol \u00bb vise \u00e0 reconna\u00eetre la mobilisation des \u00e9coles et des \u00e9tablissements scolaires publics ou priv\u00e9s &#8230;<\/p>\n","protected":false},"author":13,"featured_media":3520,"comment_status":"closed","ping_status":"closed","sticky":false,"template":"","format":"standard","meta":{"footnotes":""},"categories":[19,45,43],"tags":[31],"class_list":["post-3519","post","type-post","status-publish","format-standard","has-post-thumbnail","hentry","category-accueil","category-espacio-cultural","category-mobilite-internationale","tag-mobilite"],"_links":{"self":[{"href":"https:\/\/ent2d.ac-bordeaux.fr\/disciplines\/espagnol\/wp-json\/wp\/v2\/posts\/3519","targetHints":{"allow":["GET"]}}],"collection":[{"href":"https:\/\/ent2d.ac-bordeaux.fr\/disciplines\/espagnol\/wp-json\/wp\/v2\/posts"}],"about":[{"href":"https:\/\/ent2d.ac-bordeaux.fr\/disciplines\/espagnol\/wp-json\/wp\/v2\/types\/post"}],"author":[{"embeddable":true,"href":"https:\/\/ent2d.ac-bordeaux.fr\/disciplines\/espagnol\/wp-json\/wp\/v2\/users\/13"}],"replies":[{"embeddable":true,"href":"https:\/\/ent2d.ac-bordeaux.fr\/disciplines\/espagnol\/wp-json\/wp\/v2\/comments?post=3519"}],"version-history":[{"count":1,"href":"https:\/\/ent2d.ac-bordeaux.fr\/disciplines\/espagnol\/wp-json\/wp\/v2\/posts\/3519\/revisions"}],"predecessor-version":[{"id":3521,"href":"https:\/\/ent2d.ac-bordeaux.fr\/disciplines\/espagnol\/wp-json\/wp\/v2\/posts\/3519\/revisions\/3521"}],"wp:featuredmedia":[{"embeddable":true,"href":"https:\/\/ent2d.ac-bordeaux.fr\/disciplines\/espagnol\/wp-json\/wp\/v2\/media\/3520"}],"wp:attachment":[{"href":"https:\/\/ent2d.ac-bordeaux.fr\/disciplines\/espagnol\/wp-json\/wp\/v2\/media?parent=3519"}],"wp:term":[{"taxonomy":"category","embeddable":true,"href":"https:\/\/ent2d.ac-bordeaux.fr\/disciplines\/espagnol\/wp-json\/wp\/v2\/categories?post=3519"},{"taxonomy":"post_tag","embeddable":true,"href":"https:\/\/ent2d.ac-bordeaux.fr\/disciplines\/espagnol\/wp-json\/wp\/v2\/tags?post=3519"}],"curies":[{"name":"wp","href":"https:\/\/api.w.org\/{rel}","templated":true}]}}