{"id":3110,"date":"2019-01-06T18:50:32","date_gmt":"2019-01-06T17:50:32","guid":{"rendered":"https:\/\/ent2d.ac-bordeaux.fr\/disciplines\/espagnol\/?p=3110"},"modified":"2019-01-06T18:54:15","modified_gmt":"2019-01-06T17:54:15","slug":"dia-de-muertos","status":"publish","type":"post","link":"https:\/\/ent2d.ac-bordeaux.fr\/disciplines\/espagnol\/2019\/01\/06\/dia-de-muertos\/","title":{"rendered":"D\u00eda de muertos"},"content":{"rendered":"<p>Cette s\u00e9quence est propos\u00e9e par madame Gilda Ayerdi, professeure au coll\u00e8ge d&rsquo;Amikuze \u00e0 Saint Palais<br \/>\nElle est envisag\u00e9e pour une classe de 4\u00e8me.<\/p>\n<p><span style=\"text-decoration: underline\">Th\u00e8me<\/span> : Rencontres avec d&rsquo;autres cultures<br \/>\n<span style=\"text-decoration: underline\">Niveau du CECRL vis\u00e9<\/span> : A1+ \u2192 A2<br \/>\n<span style=\"text-decoration: underline\">Th\u00e9matique \/ Probl\u00e9matique<\/span> : Recordar a los difuntos : \u00bf Alegr\u00eda o tristeza ?<\/p>\n<p><span style=\"text-decoration: underline\">S\u00e9quence propos\u00e9e<\/span> :<\/p>\n<p><a href=\"https:\/\/ent2d.ac-bordeaux.fr\/disciplines\/espagnol\/wp-content\/uploads\/sites\/6\/2019\/01\/fichaprofediademuertos.pdf\" target=\"_blank\" rel=\"noopener\">D\u00eda de muertos<\/a><\/p>\n<p><a href=\"https:\/\/ent2d.ac-bordeaux.fr\/disciplines\/espagnol\/wp-content\/uploads\/sites\/6\/2019\/01\/DIADELOSMUERTOSINSP.pdf\" target=\"_blank\" rel=\"noopener\">Contenu et activit\u00e9s<\/a><\/p>\n","protected":false},"excerpt":{"rendered":"<p>Cette s\u00e9quence est propos\u00e9e par madame Gilda Ayerdi, professeure au coll\u00e8ge d&rsquo;Amikuze \u00e0 Saint Palais Elle est envisag\u00e9e pour une classe de 4\u00e8me. Th\u00e8me : Rencontres avec d&rsquo;autres cultures Niveau &#8230;<\/p>\n","protected":false},"author":352,"featured_media":3114,"comment_status":"closed","ping_status":"closed","sticky":false,"template":"","format":"standard","meta":{"footnotes":""},"categories":[63,61,66,65,41],"tags":[],"class_list":["post-3110","post","type-post","status-publish","format-standard","has-post-thumbnail","hentry","category-espacio-para-compartir","category-noticias","category-pistes-pedagogiques-2","category-pistes-pour-le-college","category-ressources-college"],"_links":{"self":[{"href":"https:\/\/ent2d.ac-bordeaux.fr\/disciplines\/espagnol\/wp-json\/wp\/v2\/posts\/3110","targetHints":{"allow":["GET"]}}],"collection":[{"href":"https:\/\/ent2d.ac-bordeaux.fr\/disciplines\/espagnol\/wp-json\/wp\/v2\/posts"}],"about":[{"href":"https:\/\/ent2d.ac-bordeaux.fr\/disciplines\/espagnol\/wp-json\/wp\/v2\/types\/post"}],"author":[{"embeddable":true,"href":"https:\/\/ent2d.ac-bordeaux.fr\/disciplines\/espagnol\/wp-json\/wp\/v2\/users\/352"}],"replies":[{"embeddable":true,"href":"https:\/\/ent2d.ac-bordeaux.fr\/disciplines\/espagnol\/wp-json\/wp\/v2\/comments?post=3110"}],"version-history":[{"count":1,"href":"https:\/\/ent2d.ac-bordeaux.fr\/disciplines\/espagnol\/wp-json\/wp\/v2\/posts\/3110\/revisions"}],"predecessor-version":[{"id":3113,"href":"https:\/\/ent2d.ac-bordeaux.fr\/disciplines\/espagnol\/wp-json\/wp\/v2\/posts\/3110\/revisions\/3113"}],"wp:featuredmedia":[{"embeddable":true,"href":"https:\/\/ent2d.ac-bordeaux.fr\/disciplines\/espagnol\/wp-json\/wp\/v2\/media\/3114"}],"wp:attachment":[{"href":"https:\/\/ent2d.ac-bordeaux.fr\/disciplines\/espagnol\/wp-json\/wp\/v2\/media?parent=3110"}],"wp:term":[{"taxonomy":"category","embeddable":true,"href":"https:\/\/ent2d.ac-bordeaux.fr\/disciplines\/espagnol\/wp-json\/wp\/v2\/categories?post=3110"},{"taxonomy":"post_tag","embeddable":true,"href":"https:\/\/ent2d.ac-bordeaux.fr\/disciplines\/espagnol\/wp-json\/wp\/v2\/tags?post=3110"}],"curies":[{"name":"wp","href":"https:\/\/api.w.org\/{rel}","templated":true}]}}