{"id":9478,"date":"2025-09-02T12:18:00","date_gmt":"2025-09-02T10:18:00","guid":{"rendered":"https:\/\/ent2d.ac-bordeaux.fr\/disciplines\/eps\/?p=9478"},"modified":"2025-11-03T14:33:03","modified_gmt":"2025-11-03T13:33:03","slug":"territoires","status":"publish","type":"post","link":"https:\/\/ent2d.ac-bordeaux.fr\/disciplines\/eps\/?p=9478","title":{"rendered":"Territoires et dossiers en responsabilit\u00e9 &#8211; Qui est votre IA-IPR r\u00e9f\u00e9rent ?"},"content":{"rendered":"\n<p><\/p>\n\n\n\n<p class=\"has-small-font-size\">L\u2019\u00e9quipe de l\u2019inspection p\u00e9dagogique est disponible pour toutes questions et vous accompagner dans la mise en \u0153uvre des projets p\u00e9dagogiques.&nbsp;<\/p>\n\n\n\n<p class=\"has-small-font-size\">Chaque IA-IPR est r\u00e9f\u00e9rent de plusieurs territoires de l\u2019acad\u00e9mie pour faciliter la communication et vous permettre d&#8217;avoir un interlocuteur privil\u00e9gi\u00e9. Pour toute question ou demande de renseignement, le contact se fait donc aupr\u00e8s de celui-ci par le biais de votre bo\u00eete mail professionnelle et en pla\u00e7ant en copie votre chef d\u2019\u00e9tablissement. <br><br>Egalement, chaque IA-IPR a en responsabilit\u00e9 un ou plusieurs dossiers au niveau acad\u00e9mique, qu&#8217;il soit disciplinaire ou transversal. Votre IA-IPR r\u00e9f\u00e9rent pourra vous mettre en relation lorsque votre interrogation est plus pointue et n\u00e9cessite avis et expertise du porteur du dossier au niveau acad\u00e9mique. <\/p>\n\n\n\n<div class=\"wp-block-columns is-layout-flex wp-container-core-columns-is-layout-28f84493 wp-block-columns-is-layout-flex\">\n<div class=\"wp-block-column is-layout-flow wp-block-column-is-layout-flow\" style=\"flex-basis:100%\">\n<div class=\"wp-block-columns is-layout-flex wp-container-core-columns-is-layout-28f84493 wp-block-columns-is-layout-flex\">\n<div class=\"wp-block-column is-layout-flow wp-block-column-is-layout-flow\" style=\"flex-basis:100%\">\n<figure class=\"wp-block-table aligncenter is-style-regular has-small-font-size\" style=\"padding-top:0;padding-right:0;padding-bottom:0;padding-left:0\"><table class=\"has-border-color has-black-border-color has-fixed-layout\" style=\"border-style:solid;border-width:1px\"><tbody><tr><td><strong>IA-IPR<\/strong><\/td><td class=\"has-text-align-left\" data-align=\"left\"><strong>TERRITOIRES DE  REFERENCE<\/strong><\/td><td><strong>DOSSIERS ACADEMIQUES DISCIPLINAIRE EN RESPONSABILITE<\/strong><\/td><td class=\"has-text-align-center\" data-align=\"center\"><strong>CONTACT<\/strong><\/td><\/tr><tr><td><strong>Cosette Agnan Pourinet<\/strong><img loading=\"lazy\" decoding=\"async\" width=\"174\" height=\"170\" class=\"wp-image-9525\" style=\"width: 150px\" src=\"https:\/\/ent2d.ac-bordeaux.fr\/disciplines\/eps\/wp-content\/uploads\/sites\/33\/2025\/09\/Capture-decran-2025-10-29-135607.png\" alt=\"\"><\/td><td class=\"has-text-align-left\" data-align=\"left\"><strong>&#8211; Gironde (33) : <\/strong><br>     &#8211; ZAP de Libourne<br>     &#8211; ZAP Ambition Nord Gironde (Blaye)<br>&#8211; <strong>Landes (40) : <\/strong><br>     &#8211; ZAP de Dax<br>     &#8211; ZAP de Mont de Marsan &#8211; Aire sur Adour <br>     &#8211; ZAP de Parentis-Morcenx<br>&#8211; <strong>Pyr\u00e9n\u00e9es Atlantiques (64) : <\/strong><br>     &#8211; ZAP des Gaves<\/td><td><strong>&#8211; Sport<\/strong> : parcours sportif de l\u2019\u00e9l\u00e8ve (sport scolaire, section sportive scolaire) ; haut niveau (dispositif sport-\u00e9tudes, suivi \u00e9l\u00e8ves sportifs de haut niveau) ; G\u00e9n\u00e9ration 2030<br>&#8211; <strong>Formation initiale <\/strong>(stagiaires et lien INSPE &#8211; Universit\u00e9s) et <strong>Formation continue <\/strong>(programme acad\u00e9mique de formation, GRP,FCIL)<br><strong>&#8211;<\/strong> <strong>Parcours de pr\u00e9paration au concours du CAPEPS interne<\/strong><br><strong>&#8211;<\/strong> <strong>Enseignement de sp\u00e9cialit\u00e9 EPPCS<\/strong><br><strong>&#8211;<\/strong> <strong>Liaison premier et second degr\u00e9s (cycle 3)<\/strong><br><strong>&#8211; Num\u00e9rique et communication<\/strong><br><strong>&#8211; S\u00e9curit\u00e9 et APPN<\/strong><\/td><td class=\"has-text-align-center\" data-align=\"center\"><a href=\"mailto:cosette.agnan-pourinet@ac-bordeaux.fr\">cosette.agnan-pourinet@ac-bordeaux.fr<\/a><\/td><\/tr><tr><td><strong>C\u00e9line Chevillon<\/strong><br><img loading=\"lazy\" decoding=\"async\" width=\"170\" height=\"175\" class=\"wp-image-9526\" style=\"width: 145px\" src=\"https:\/\/ent2d.ac-bordeaux.fr\/disciplines\/eps\/wp-content\/uploads\/sites\/33\/2025\/09\/Capture-decran-2025-10-29-140639.png\" alt=\"\"><\/td><td class=\"has-text-align-left\" data-align=\"left\"><strong>&#8211; Gironde (33) : <\/strong><br>     &#8211; ZAP du M\u00e9doc, <br>     &#8211; ZAP de Talence <br>     &#8211; ZAP de M\u00e9rignac-Pessac <br>     &#8211; ZAP du Sud-Gironde et de l&#8217;Entre-Deux-Mers<br>&#8211; <strong>Lot-et-Garonne (47) : <\/strong><br>     &#8211; ZAP d&#8217;Agen<br>     &#8211; ZAP de Marmande &#8211; N\u00e9rac<br>     &#8211; ZAP de Villeneuve-sur-Lot &#8211; Fumel<\/td><td>&#8211; <strong>Formation initiale <\/strong>(stagiaires et liens INSPE &#8211; Universit\u00e9s) et <strong>formation continue <\/strong>(programme acad\u00e9mique de formation, groupes de r\u00e9flexion p\u00e9dagogique, FCIL)<br><strong>&#8211; Parcours de pr\u00e9paration au concours de l&#8217;agr\u00e9gation interne<\/strong><br>&#8211; <strong>Examens <\/strong>(baccalaur\u00e9ats g\u00e9n\u00e9ral, technologique et professionnel, CAP, \u00e9preuves ponctuelles)<br><strong>&#8211; Voie professionnelle <\/strong>(secteur sportif dans la voie professionnelle : UF2S, certificats de sp\u00e9cialisation AG2S et E2S ; habilitations CCF)<br>&#8211; <strong>Enseignements artistiques <\/strong>(danse, arts du cirque)<br>&#8211; <strong>Num\u00e9rique et communication<\/strong><br>&#8211; <strong>S\u00e9curit\u00e9 et APPN<\/strong><\/td><td class=\"has-text-align-center\" data-align=\"center\"><a href=\"mailto:celine.chevillon@ac-bordeaux.fr\">celine.chevillon@ac-bordeaux.fr<\/a> <\/td><\/tr><tr><td><strong>Patrick Frerot<\/strong><br><img loading=\"lazy\" decoding=\"async\" width=\"176\" height=\"169\" class=\"wp-image-9527\" style=\"width: 150px\" src=\"https:\/\/ent2d.ac-bordeaux.fr\/disciplines\/eps\/wp-content\/uploads\/sites\/33\/2025\/09\/Capture-decran-2025-10-29-141401.png\" alt=\"\"><\/td><td class=\"has-text-align-left\" data-align=\"left\">&#8211; <strong>Dordogne (24) : <\/strong><br>     &#8211; ZAP Nord Dordogne<br>     &#8211; ZAP Ouest Dordogne   <br>     &#8211; ZAP de P\u00e9rigueux<br>     &#8211; ZAP de Bergerac<br>     &#8211; ZAP Est Dordogne<br><strong>&#8211; Gironde (33) : <\/strong><br>     &#8211; ZAP d&#8217;Arcachon <br>     &#8211; ZAP de Bordeaux Nord<br>     &#8211; ZAP de Bordeaux Rive Droite<\/td><td><strong>&#8211;<\/strong> <strong>Sport : parcours sportif de l\u2019\u00e9l\u00e8ve <\/strong>(sport scolaire, section sportive scolaire, deux heures de sport) ; haut niveau (dispositif sport-\u00e9tude, suivi \u00e9l\u00e8ves sportifs de haut niveau) ; G\u00e9n\u00e9ration 2030<br><strong>&#8211;<\/strong> <strong>Contractuels<\/strong> <strong>EPS<\/strong><br><strong>&#8211;<\/strong> <strong>Secteur sportif voie professionnelle <\/strong>(UF2S, certificats de sp\u00e9cialisation AG2S et E2S)<br><strong>&#8211;<\/strong> <strong>Savoirs fondamentaux<\/strong> (aisance aquatique et savoir nager, savoir rouler \u00e0 v\u00e9lo, liaison premier degr\u00e9)<br><strong>&#8211;<\/strong> <strong>Parcours de pr\u00e9paration au concours du CAPEPS interne<\/strong><br><strong>&#8211;<\/strong> <strong>Discipline Non Linguistique (DNL EPS)<\/strong><br><strong>&#8211;<\/strong> <strong>S\u00e9curit\u00e9 et APPN<\/strong><\/td><td class=\"has-text-align-center\" data-align=\"center\"><a href=\"mailto:patrick.frerot@ac-bordeaux.fr\">patrick.frerot@ac-bordeaux.fr<\/a><\/td><\/tr><tr><td><strong>Fr\u00e9d\u00e9rique Rouanet<\/strong><br><img loading=\"lazy\" decoding=\"async\" width=\"176\" height=\"159\" class=\"wp-image-9528\" style=\"width: 150px\" src=\"https:\/\/ent2d.ac-bordeaux.fr\/disciplines\/eps\/wp-content\/uploads\/sites\/33\/2025\/09\/Capture-decran-2025-10-29-141929.png\" alt=\"\"><\/td><td class=\"has-text-align-left\" data-align=\"left\"><strong>&#8211; Gironde (33) : <\/strong><br>     &#8211; ZAP de Bordeaux centre<br><strong>&#8211;<\/strong> <strong>Pyr\u00e9n\u00e9es Atlantiques <\/strong>(<strong>64) : <\/strong><br>     &#8211; ZAP de Pau-Nay<br>     &#8211; ZAP Nive et Adour<br>     &#8211; ZAP Nive et Saison<\/td><td><strong>&#8211;<\/strong> <strong>Examens <\/strong>(baccalaur\u00e9ats g\u00e9n\u00e9ral, technologique et professionnel, CAP, \u00e9preuves ponctuelles)<br><strong>&#8211;<\/strong> <strong>Contractuels EPS<\/strong><br><strong>&#8211;<\/strong> <strong>Enseignement de sp\u00e9cialit\u00e9 EPPCS<\/strong><br><strong>&#8211;<\/strong> <strong>Enseignements artistiques<\/strong> (danse, arts du cirque)<br><strong>&#8211;<\/strong> <strong>Parcours de pr\u00e9paration au concours de l&#8217;agr\u00e9gation interne<\/strong><br><strong>&#8211; Installations sportives de la ville de Bordeaux<\/strong><br><strong>&#8211;<\/strong> <strong>S\u00e9curit\u00e9 et APPN<\/strong><\/td><td class=\"has-text-align-center\" data-align=\"center\"><a href=\"mailto:frederique.rouanet@ac-bordeaux.fr\">frederique.rouanet@ac-bordeaux.fr<\/a><\/td><\/tr><\/tbody><\/table><\/figure>\n<\/div>\n<\/div>\n<\/div>\n<\/div>\n\n\n\n<p><\/p>\n\n\n\n<figure class=\"wp-block-image aligncenter size-full is-resized\"><img loading=\"lazy\" decoding=\"async\" width=\"700\" height=\"777\" src=\"https:\/\/ent2d.ac-bordeaux.fr\/disciplines\/eps\/wp-content\/uploads\/sites\/33\/2025\/10\/image-2.png\" alt=\"\" class=\"wp-image-9482\" style=\"width:636px;height:auto\" srcset=\"https:\/\/ent2d.ac-bordeaux.fr\/disciplines\/eps\/wp-content\/uploads\/sites\/33\/2025\/10\/image-2.png 700w, https:\/\/ent2d.ac-bordeaux.fr\/disciplines\/eps\/wp-content\/uploads\/sites\/33\/2025\/10\/image-2-270x300.png 270w\" sizes=\"auto, (max-width: 700px) 100vw, 700px\" \/><\/figure>\n\n\n\n<p><\/p>\n\n\n\n<p class=\"has-small-font-size\">Si vous ne savez pas \u00e0 quelle ZAP appartient votre \u00e9tablissement, nous vous invitons \u00e0 consulter les r\u00e9pertoires des \u00e9tablissements de l&#8217;acad\u00e9mie de Bordeaux pour l&#8217;ann\u00e9e 2025\/2026 : <\/p>\n\n\n\n<div class=\"wp-block-columns is-layout-flex wp-container-core-columns-is-layout-28f84493 wp-block-columns-is-layout-flex\">\n<div class=\"wp-block-column is-layout-flow wp-block-column-is-layout-flow\">\n<div class=\"wp-block-file aligncenter\"><a id=\"wp-block-file--media-ca1e2fa0-03a8-410a-a14c-d8292d53eb08\" href=\"https:\/\/ent2d.ac-bordeaux.fr\/disciplines\/eps\/wp-content\/uploads\/sites\/33\/2025\/10\/r-pertoire-des-tablissements-publics-du-2nd-degr-ann-e-2025-2026-43624_0.pdf\" target=\"_blank\" rel=\"noreferrer noopener\"><strong>R\u00e9pertoire des \u00e9tablissements publics du 2nd degr\u00e9 &#8211; Acad\u00e9mie de Bordeaux &#8211; 2025-2026<\/strong><\/a><a href=\"https:\/\/ent2d.ac-bordeaux.fr\/disciplines\/eps\/wp-content\/uploads\/sites\/33\/2025\/10\/r-pertoire-des-tablissements-publics-du-2nd-degr-ann-e-2025-2026-43624_0.pdf\" class=\"wp-block-file__button wp-element-button\" download aria-describedby=\"wp-block-file--media-ca1e2fa0-03a8-410a-a14c-d8292d53eb08\">T\u00e9l\u00e9charger<\/a><\/div>\n<\/div>\n\n\n\n<div class=\"wp-block-column is-layout-flow wp-block-column-is-layout-flow\">\n<div class=\"wp-block-file aligncenter\" style=\"margin-top:0;margin-right:0;margin-bottom:0;margin-left:0;padding-top:0;padding-right:0;padding-bottom:0;padding-left:0\"><a id=\"wp-block-file--media-37f814c6-decd-41a1-b23b-d407af0c85f5\" href=\"https:\/\/ent2d.ac-bordeaux.fr\/disciplines\/eps\/wp-content\/uploads\/sites\/33\/2025\/10\/r-pertoire-des-tablissements-priv-s-du-2nd-degr-ann-e-2025-2026-30553-1.pdf\" target=\"_blank\" rel=\"noreferrer noopener\"><strong>R\u00e9pertoire des \u00e9tablissements priv\u00e9s du 2nd degr\u00e9 &#8211; Acad\u00e9mie de Bordeaux &#8211; 2025-2026<\/strong><\/a><a href=\"https:\/\/ent2d.ac-bordeaux.fr\/disciplines\/eps\/wp-content\/uploads\/sites\/33\/2025\/10\/r-pertoire-des-tablissements-priv-s-du-2nd-degr-ann-e-2025-2026-30553-1.pdf\" class=\"wp-block-file__button wp-element-button\" download aria-describedby=\"wp-block-file--media-37f814c6-decd-41a1-b23b-d407af0c85f5\">T\u00e9l\u00e9charger<\/a><\/div>\n<\/div>\n<\/div>\n","protected":false},"excerpt":{"rendered":"<p>L\u2019\u00e9quipe de l\u2019inspection p\u00e9dagogique est disponible pour toutes questions et vous accompagner dans la mise en \u0153uvre des projets p\u00e9dagogiques.&nbsp;<\/p>\n","protected":false},"author":2554,"featured_media":9484,"comment_status":"closed","ping_status":"closed","sticky":false,"template":"","format":"standard","meta":{"footnotes":""},"categories":[329],"tags":[186],"class_list":["post-9478","post","type-post","status-publish","format-standard","has-post-thumbnail","hentry","category-equipe-organisation-ipr","tag-inspection"],"_links":{"self":[{"href":"https:\/\/ent2d.ac-bordeaux.fr\/disciplines\/eps\/index.php?rest_route=\/wp\/v2\/posts\/9478","targetHints":{"allow":["GET"]}}],"collection":[{"href":"https:\/\/ent2d.ac-bordeaux.fr\/disciplines\/eps\/index.php?rest_route=\/wp\/v2\/posts"}],"about":[{"href":"https:\/\/ent2d.ac-bordeaux.fr\/disciplines\/eps\/index.php?rest_route=\/wp\/v2\/types\/post"}],"author":[{"embeddable":true,"href":"https:\/\/ent2d.ac-bordeaux.fr\/disciplines\/eps\/index.php?rest_route=\/wp\/v2\/users\/2554"}],"replies":[{"embeddable":true,"href":"https:\/\/ent2d.ac-bordeaux.fr\/disciplines\/eps\/index.php?rest_route=%2Fwp%2Fv2%2Fcomments&post=9478"}],"version-history":[{"count":25,"href":"https:\/\/ent2d.ac-bordeaux.fr\/disciplines\/eps\/index.php?rest_route=\/wp\/v2\/posts\/9478\/revisions"}],"predecessor-version":[{"id":9619,"href":"https:\/\/ent2d.ac-bordeaux.fr\/disciplines\/eps\/index.php?rest_route=\/wp\/v2\/posts\/9478\/revisions\/9619"}],"wp:featuredmedia":[{"embeddable":true,"href":"https:\/\/ent2d.ac-bordeaux.fr\/disciplines\/eps\/index.php?rest_route=\/wp\/v2\/media\/9484"}],"wp:attachment":[{"href":"https:\/\/ent2d.ac-bordeaux.fr\/disciplines\/eps\/index.php?rest_route=%2Fwp%2Fv2%2Fmedia&parent=9478"}],"wp:term":[{"taxonomy":"category","embeddable":true,"href":"https:\/\/ent2d.ac-bordeaux.fr\/disciplines\/eps\/index.php?rest_route=%2Fwp%2Fv2%2Fcategories&post=9478"},{"taxonomy":"post_tag","embeddable":true,"href":"https:\/\/ent2d.ac-bordeaux.fr\/disciplines\/eps\/index.php?rest_route=%2Fwp%2Fv2%2Ftags&post=9478"}],"curies":[{"name":"wp","href":"https:\/\/api.w.org\/{rel}","templated":true}]}}