{"id":9324,"date":"2025-10-02T13:23:00","date_gmt":"2025-10-02T11:23:00","guid":{"rendered":"https:\/\/ent2d.ac-bordeaux.fr\/disciplines\/eps\/?p=9324"},"modified":"2025-11-01T17:58:04","modified_gmt":"2025-11-01T16:58:04","slug":"visio-conferences-a-lattention-des-professeurs-coordonnateurs-eps-octobre-2025","status":"publish","type":"post","link":"https:\/\/ent2d.ac-bordeaux.fr\/disciplines\/eps\/?p=9324","title":{"rendered":"Visio-conf\u00e9rences \u00e0 l&#8217;attention des professeurs coordonnateurs EPS &#8211; Octobre 2025"},"content":{"rendered":"\n<p class=\"has-small-font-size\">L&#8217;\u00e9quipe des IA-IPR EPS souhaite vous convier \u00e0 un temps d&#8217;\u00e9change\u00a0en visioconf\u00e9rence autour de l&#8217;actualit\u00e9 de l&#8217;EPS dans l&#8217;acad\u00e9mie :<\/p>\n\n\n\n<ul class=\"has-medium-font-size wp-block-list\">\n<li class=\"has-small-font-size\"><strong>&nbsp;le <u>mercredi 15 <\/u><\/strong><strong><u>octobre 2025 <\/u><\/strong><strong><u>\u00e0 18H <\/u><\/strong><strong><u>pour les enseignants de lyc\u00e9es (g\u00e9n\u00e9ral et technologique et professionnel)<\/u><\/strong><\/li>\n<\/ul>\n\n\n\n<p class=\"has-small-font-size\"><em>Participer \u00e0 la r\u00e9union Zoom : <\/em><em><a href=\"https:\/\/region-academique-nouvelle-aquitaine-fr.zoom.us\/j\/89761061196?pwd=fIJj1QFjsdS4PtryRKeGK7benGBEzh.1\">https:\/\/region-academique-nouvelle-aquitaine-fr.zoom.us\/j\/89761061196?pwd=fIJj1QFjsdS4PtryRKeGK7benGBEzh.1<\/a><br>ID de r\u00e9union&nbsp;: 897 6106 1196<br>Code secret&nbsp;: 322452<\/em><\/p>\n\n\n\n<ul class=\"wp-block-list\">\n<li class=\"has-small-font-size\"><strong>le <u>jeudi 16 octobre 2025 \u00e0 18H pour les enseignants de coll\u00e8ge<\/u><\/strong><\/li>\n<\/ul>\n\n\n\n<p class=\"has-small-font-size\"><em>Participer \u00e0 la r\u00e9union Zoom : <\/em><em><a href=\"https:\/\/region-academique-nouvelle-aquitaine-fr.zoom.us\/j\/86547863594?pwd=TMcF9FZ29YEJErGAtbbdoDtq8LzxjE.1\">https:\/\/region-academique-nouvelle-aquitaine-fr.zoom.us\/j\/86547863594?pwd=TMcF9FZ29YEJErGAtbbdoDtq8LzxjE.1<\/a><br><\/em><em>ID de r\u00e9union&nbsp;: 865 4786 3594<br>Code secret&nbsp;: 114585<\/em><\/p>\n\n\n\n<p class=\"has-small-font-size\">Le diaporama envoy\u00e9 dans vos \u00e9tablissements et t\u00e9l\u00e9chargeable <a href=\"https:\/\/ent2d.ac-bordeaux.fr\/disciplines\/eps\/?p=9321\" data-type=\"link\" data-id=\"https:\/\/ent2d.ac-bordeaux.fr\/disciplines\/eps\/?p=9321\" target=\"_blank\" rel=\"noreferrer noopener\">ici<\/a>, compl\u00e9ment \u00e0 la lettre de rentr\u00e9e, vous permettra d&#8217;anticiper toutes les questions que vous souhaitez poser ou toute demande d&#8217;information suppl\u00e9mentaire dont vous pourriez avoir besoin.<\/p>\n\n\n\n<p class=\"has-small-font-size\">Pour les \u00e9quipes exer\u00e7ant en coll\u00e8ge, nous vous remercions \u00e9galement de compl\u00e9ter le questionnaire relatif \u00e0 l&#8217;\u00e9valuation des aptitudes physiques des \u00e9l\u00e8ves de 6e propos\u00e9e aux \u00e9tablissements volontaires en ce d\u00e9but d&#8217;ann\u00e9e scolaire (5 minutes maximum &#8211; 1 r\u00e9ponse par \u00e9tablissement) : <a href=\"https:\/\/framaforms.org\/evaluation-des-aptitudes\">https:\/\/framaforms.org\/evaluation-des-aptitudes<\/a>-physiques-au-college-1758465851 .<\/p>\n\n\n\n<p class=\"has-small-font-size\">Au plaisir de vous retrouver les 15 et 16 octobre prochains.<\/p>\n","protected":false},"excerpt":{"rendered":"<p>L&#8217;\u00e9quipe des IA-IPR EPS souhaite vous convier \u00e0 un temps d&#8217;\u00e9change\u00a0en visioconf\u00e9rence autour de l&#8217;actualit\u00e9 de l&#8217;EPS dans l&#8217;acad\u00e9mie :<\/p>\n","protected":false},"author":2554,"featured_media":7383,"comment_status":"closed","ping_status":"closed","sticky":false,"template":"","format":"standard","meta":{"footnotes":""},"categories":[337],"tags":[186],"class_list":["post-9324","post","type-post","status-publish","format-standard","has-post-thumbnail","hentry","category-reunions-des-coordonnateurs","tag-inspection"],"_links":{"self":[{"href":"https:\/\/ent2d.ac-bordeaux.fr\/disciplines\/eps\/index.php?rest_route=\/wp\/v2\/posts\/9324","targetHints":{"allow":["GET"]}}],"collection":[{"href":"https:\/\/ent2d.ac-bordeaux.fr\/disciplines\/eps\/index.php?rest_route=\/wp\/v2\/posts"}],"about":[{"href":"https:\/\/ent2d.ac-bordeaux.fr\/disciplines\/eps\/index.php?rest_route=\/wp\/v2\/types\/post"}],"author":[{"embeddable":true,"href":"https:\/\/ent2d.ac-bordeaux.fr\/disciplines\/eps\/index.php?rest_route=\/wp\/v2\/users\/2554"}],"replies":[{"embeddable":true,"href":"https:\/\/ent2d.ac-bordeaux.fr\/disciplines\/eps\/index.php?rest_route=%2Fwp%2Fv2%2Fcomments&post=9324"}],"version-history":[{"count":2,"href":"https:\/\/ent2d.ac-bordeaux.fr\/disciplines\/eps\/index.php?rest_route=\/wp\/v2\/posts\/9324\/revisions"}],"predecessor-version":[{"id":9326,"href":"https:\/\/ent2d.ac-bordeaux.fr\/disciplines\/eps\/index.php?rest_route=\/wp\/v2\/posts\/9324\/revisions\/9326"}],"wp:featuredmedia":[{"embeddable":true,"href":"https:\/\/ent2d.ac-bordeaux.fr\/disciplines\/eps\/index.php?rest_route=\/wp\/v2\/media\/7383"}],"wp:attachment":[{"href":"https:\/\/ent2d.ac-bordeaux.fr\/disciplines\/eps\/index.php?rest_route=%2Fwp%2Fv2%2Fmedia&parent=9324"}],"wp:term":[{"taxonomy":"category","embeddable":true,"href":"https:\/\/ent2d.ac-bordeaux.fr\/disciplines\/eps\/index.php?rest_route=%2Fwp%2Fv2%2Fcategories&post=9324"},{"taxonomy":"post_tag","embeddable":true,"href":"https:\/\/ent2d.ac-bordeaux.fr\/disciplines\/eps\/index.php?rest_route=%2Fwp%2Fv2%2Ftags&post=9324"}],"curies":[{"name":"wp","href":"https:\/\/api.w.org\/{rel}","templated":true}]}}