{"id":7670,"date":"2024-03-09T20:27:34","date_gmt":"2024-03-09T19:27:34","guid":{"rendered":"https:\/\/ent2d.ac-bordeaux.fr\/disciplines\/eps\/?p=7670"},"modified":"2024-03-09T20:37:37","modified_gmt":"2024-03-09T19:37:37","slug":"reorganisation-du-cursus-preparant-au-baccalaureat-professionnel-en-vigueur-a-la-rentree-septembre-2024","status":"publish","type":"post","link":"https:\/\/ent2d.ac-bordeaux.fr\/disciplines\/eps\/?p=7670","title":{"rendered":"R\u00e9organisation du cursus pr\u00e9parant au baccalaur\u00e9at professionnel (en vigueur \u00e0 la rentr\u00e9e septembre 2024)"},"content":{"rendered":"\n<p class=\"has-small-font-size\">La r\u00e9forme du lyc\u00e9e professionnel vise \u00e0 lutter contre le d\u00e9crochage scolaire, am\u00e9liorer la r\u00e9ussite aux examens et dans les poursuites d\u2019\u00e9tudes, am\u00e9liorer l\u2019insertion professionnelle des lyc\u00e9ens.<\/p>\n\n\n\n<p class=\"has-small-font-size\">Dans ce contexte, le cursus des \u00e9l\u00e8ves conduisant au baccalaur\u00e9at professionnel fait l\u2019objet d\u2019une r\u00e9organisation&nbsp;: elle porte en particulier sur l\u2019ann\u00e9e de terminale, et s\u2019accompagne aussi d\u2019ajustements pour les ann\u00e9es de seconde et de premi\u00e8re professionnelle.<\/p>\n\n\n\n<p class=\"has-small-font-size\">Cette r\u00e9organisation du cursus se concr\u00e9tise par l&#8217;<a href=\"https:\/\/www.legifrance.gouv.fr\/jorf\/id\/JORFTEXT000049083922\" target=\"_blank\" rel=\"noreferrer noopener\">arr\u00eat\u00e9 du 22 janvier 2024 modifiant l&#8217;arr\u00eat\u00e9 du 21 novembre 2018 relatif aux enseignements dispens\u00e9s dans les formations sous statut scolaire pr\u00e9parant au baccalaur\u00e9at professionnel<\/a>. Elle entre en vigueur \u00e0 la rentr\u00e9e scolaire 2024 pour tous les \u00e9l\u00e8ves des \u00e9tablissements publics et priv\u00e9s sous contrat entrant en seconde, entrant en premi\u00e8re et entrant en terminale professionnelle.<\/p>\n\n\n\n<p class=\"has-small-font-size\">Si des ajustements pour les ann\u00e9es de seconde et de premi\u00e8re professionnelle accompagne cette r\u00e9organisation, elle porte en particulier sur l\u2019ann\u00e9e de terminale qui s&#8217;organise autour de diff\u00e9rents temps couvrant 34 semaines de formation auxquelles s&#8217;ajoutent 2 semaines d&#8217;examen :<br><strong>&#8211; <span style=\"text-decoration: underline\">Septembre \u00e0 mi-mai &#8211; Tronc commun avec<\/span> :<\/strong> 22 semaines de cours et 6 semaines de PFMP obligatoires pour la certification<br><strong>&#8211;<\/strong> <strong><span style=\"text-decoration: underline\">Mi-mai \u00e0 juillet \u2013 Cr\u00e9ation d\u2019un parcours diff\u00e9renci\u00e9 de 6 semaines<\/span> qui n\u2019entrera pas dans le cadre des \u00e9valuations certificatives :<\/strong> pr\u00e9paration \u00e0 l\u2019insertion professionnelle (6 semaines de stage s\u2019ajoutent pour les \u00e9l\u00e8ves qui souhaitent travailler directement apr\u00e8s le baccalaur\u00e9at) OU pr\u00e9paration \u00e0 la poursuite d\u2019\u00e9tudes sup\u00e9rieures (6 semaines de pr\u00e9paration au sup\u00e9rieur s\u2019ajoutent pour ceux qui veulent poursuivre leurs \u00e9tudes, ce qui permettra des renforcements disciplinaires, m\u00e9thodologiques et de comp\u00e9tences psychosociales).<\/p>\n\n\n\n<p class=\"has-small-font-size\">Les \u00e9preuves en CCF pourront \u00eatre organis\u00e9es jusqu\u2019\u00e0 mai.<br><br>Cette r\u00e9organisation entra\u00eene des ajustements du volume horaire de r\u00e9f\u00e9rence de l&#8217;\u00e9l\u00e8ve. Pour l&#8217;EPS, nous attirons notamment votre attention sur ces derniers :<\/p>\n\n\n\n<figure class=\"wp-block-table aligncenter\" style=\"margin-right:var(--wp--preset--spacing--20);margin-left:var(--wp--preset--spacing--20);font-size:13px\"><table class=\"has-border-color has-black-border-color has-fixed-layout\" style=\"border-style:solid;border-width:1px\"><tbody><tr><td><\/td><td class=\"has-text-align-center\" data-align=\"center\"><strong>SECONDE PROFESSIONNELLE<\/strong><\/td><td class=\"has-text-align-center\" data-align=\"center\"><strong>PREMIERE PROFESSIONNELLE<\/strong><\/td><td class=\"has-text-align-center\" data-align=\"center\"><strong>TERMINALE PROFESSIONNELLE<\/strong><\/td><\/tr><tr><td>ORGANISATION DES TROIS ANNEES DE FORMATION<\/td><td class=\"has-text-align-center\" data-align=\"center\">30 semaines d&#8217;enseignement <br>et 4 \u00e0 6 semaines de PFMP<\/td><td class=\"has-text-align-center\" data-align=\"center\">28 semaines d&#8217;enseignement <br>et 6 \u00e0 8 semaines de PFMP<\/td><td class=\"has-text-align-center\" data-align=\"center\">22 semaines d&#8217;enseignement, 6 semaines de PFMP, 2 semaines d&#8217;examen et 6 semaines de parcours diff\u00e9renci\u00e9<\/td><\/tr><tr><td>VOLUME HORAIRE DE REFERENCE POUR L&#8217;EPS<\/td><td class=\"has-text-align-center\" data-align=\"center\"><strong>75 heures<\/strong><\/td><td class=\"has-text-align-center\" data-align=\"center\"><strong>70 heures<\/strong><\/td><td class=\"has-text-align-center\" data-align=\"center\"><strong>66 heures<\/strong><\/td><\/tr><\/tbody><\/table><\/figure>\n\n\n\n<p class=\"has-small-font-size\">Une foire aux questions (FAQ) est disponible sur le site Eduscol pour vous \u00e9pauler sur la r\u00e9organisation de l\u2019ann\u00e9e de terminale et du cursus de pr\u00e9paration au baccalaur\u00e9at professionnel : <a href=\"https:\/\/eduscol.education.fr\/3954\/cursus-renove-preparant-au-bac-pro\" target=\"_blank\" rel=\"noreferrer noopener\">https:\/\/eduscol.education.fr\/3954\/cursus-renove-preparant-au-bac-pro<\/a><\/p>\n","protected":false},"excerpt":{"rendered":"<p>La r\u00e9forme du lyc\u00e9e professionnel vise \u00e0 lutter contre le d\u00e9crochage scolaire, am\u00e9liorer la r\u00e9ussite aux examens et dans les<\/p>\n","protected":false},"author":2554,"featured_media":7681,"comment_status":"closed","ping_status":"closed","sticky":false,"template":"","format":"standard","meta":{"footnotes":""},"categories":[4,82],"tags":[191,192,193],"class_list":["post-7670","post","type-post","status-publish","format-standard","has-post-thumbnail","hentry","category-institutionnel","category-voie-professionnelle-programmes","tag-lp","tag-lycee","tag-professionnel"],"_links":{"self":[{"href":"https:\/\/ent2d.ac-bordeaux.fr\/disciplines\/eps\/index.php?rest_route=\/wp\/v2\/posts\/7670","targetHints":{"allow":["GET"]}}],"collection":[{"href":"https:\/\/ent2d.ac-bordeaux.fr\/disciplines\/eps\/index.php?rest_route=\/wp\/v2\/posts"}],"about":[{"href":"https:\/\/ent2d.ac-bordeaux.fr\/disciplines\/eps\/index.php?rest_route=\/wp\/v2\/types\/post"}],"author":[{"embeddable":true,"href":"https:\/\/ent2d.ac-bordeaux.fr\/disciplines\/eps\/index.php?rest_route=\/wp\/v2\/users\/2554"}],"replies":[{"embeddable":true,"href":"https:\/\/ent2d.ac-bordeaux.fr\/disciplines\/eps\/index.php?rest_route=%2Fwp%2Fv2%2Fcomments&post=7670"}],"version-history":[{"count":20,"href":"https:\/\/ent2d.ac-bordeaux.fr\/disciplines\/eps\/index.php?rest_route=\/wp\/v2\/posts\/7670\/revisions"}],"predecessor-version":[{"id":7692,"href":"https:\/\/ent2d.ac-bordeaux.fr\/disciplines\/eps\/index.php?rest_route=\/wp\/v2\/posts\/7670\/revisions\/7692"}],"wp:featuredmedia":[{"embeddable":true,"href":"https:\/\/ent2d.ac-bordeaux.fr\/disciplines\/eps\/index.php?rest_route=\/wp\/v2\/media\/7681"}],"wp:attachment":[{"href":"https:\/\/ent2d.ac-bordeaux.fr\/disciplines\/eps\/index.php?rest_route=%2Fwp%2Fv2%2Fmedia&parent=7670"}],"wp:term":[{"taxonomy":"category","embeddable":true,"href":"https:\/\/ent2d.ac-bordeaux.fr\/disciplines\/eps\/index.php?rest_route=%2Fwp%2Fv2%2Fcategories&post=7670"},{"taxonomy":"post_tag","embeddable":true,"href":"https:\/\/ent2d.ac-bordeaux.fr\/disciplines\/eps\/index.php?rest_route=%2Fwp%2Fv2%2Ftags&post=7670"}],"curies":[{"name":"wp","href":"https:\/\/api.w.org\/{rel}","templated":true}]}}