{"id":7574,"date":"2025-10-31T10:43:57","date_gmt":"2025-10-31T09:43:57","guid":{"rendered":"https:\/\/ent2d.ac-bordeaux.fr\/disciplines\/eps\/?p=7574"},"modified":"2026-04-15T10:18:40","modified_gmt":"2026-04-15T08:18:40","slug":"paf-pre-inscriptions-aux-modules-de-formation","status":"publish","type":"post","link":"https:\/\/ent2d.ac-bordeaux.fr\/disciplines\/eps\/?p=7574","title":{"rendered":"Programme Acad\u00e9mique de Formation 2025\/2026"},"content":{"rendered":"\n<p class=\"has-small-font-size\">Cet article r\u00e9f\u00e9rence l&#8217;ensemble des modules de formation du plan de formation disciplinaire (PAF) 2025\/2026. Dans la continuit\u00e9 des ann\u00e9es pr\u00e9c\u00e9dentes et en ad\u00e9quation avec le nouveau sch\u00e9ma directeur de la formation continue, le plan de formation disciplinaire r\u00e9pond tant aux priorit\u00e9s de l\u2019institution qu\u2019aux attentes des personnels. Ainsi, les formations de proximit\u00e9 sont privil\u00e9gi\u00e9es. Sous la forme d\u2019un parcours de formation, un prolongement de la journ\u00e9e v\u00e9cue l\u2019an pass\u00e9 constitue une opportunit\u00e9 d\u2019approfondir les contenus, mais il est tout \u00e0 fait possible de participer m\u00eame sans avoir suivi la premi\u00e8re journ\u00e9e de formation.<\/p>\n\n\n\n<p class=\"has-small-font-size\">Plusieurs dispositifs de formation sont d\u00e9ploy\u00e9s sur l&#8217;ensemble du territoire : <br>&#8211; <strong>D\u00e9velopper les comp\u00e9tences motrices au coll\u00e8ge<\/strong> : formations illustr\u00e9es dans une APSA \u00e0 destination des professeurs exer\u00e7ant en coll\u00e8ge ;<br>&#8211; <strong>D\u00e9velopper les comp\u00e9tences motrices au lyc\u00e9e \/ lyc\u00e9e professionnel<\/strong> : formations illustr\u00e9es dans une APSA \u00e0 destination des professeurs exer\u00e7ant en lyc\u00e9e g\u00e9n\u00e9ral et technologique ou lyc\u00e9e professionnel ;<br>&#8211;<strong> D\u00e9velopper les savoirs fondamentaux<\/strong> : formations en inter-degr\u00e9s autour du <strong>savoir nager en s\u00e9curit\u00e9<\/strong> ;<br>&#8211; <strong>Groupes de r\u00e9flexion p\u00e9dagogique<\/strong> : formations autour de la mutualisation et des \u00e9changes de pratiques pour observer, analyser la motricit\u00e9 et concevoir des propositions p\u00e9dagogiques diff\u00e9renci\u00e9es et accessibles \u00e0 tous.<br>&#8211; <strong>Probl\u00e9matiques professionnelles et actualit\u00e9s en EPS<\/strong> : formations courtes \u00e0 distance autour de probl\u00e9matiques professionnelles et th\u00e9matiques d&#8217;actualit\u00e9 en EPS ouvertes \u00e0 tous <br>&#8211; <strong>Accompagnement pour la construction de projets sp\u00e9cifiques<\/strong> : formations ouvertes \u00e0 tous (projets s\u00e9jour APPN et sections sportives scolaires)<br>&#8211; <strong>Pr\u00e9paration aux concours<\/strong> : agr\u00e9gation interne et CAPEPS interne<br><br><span style=\"text-decoration: underline\">Des formations \u00e0 public d\u00e9sign\u00e9<\/span> ont \u00e9galement lieu pour l&#8217;accompagnement \u00e0 la mise en \u0153uvre des programmes, les enseignants contractuels, les formateurs, les tuteurs.<\/p>\n\n\n\n<p class=\"has-small-font-size\">Les \u00e9quipes peuvent \u00e9galement, par l&#8217;interm\u00e9diaire de leur chef d&#8217;\u00e9tablissement, formuler une demande de <span style=\"text-decoration: underline\">FCIL<\/span> (formation collective d&#8217;initiative locale) pour r\u00e9pondre \u00e0 un besoin sp\u00e9cifique.  <br><br>Actualis\u00e9 au fil de l&#8217;ann\u00e9e scolaire, cet article vous permet de visualiser sur une seule page l&#8217;ensemble des informations et favoriser des formations de proximit\u00e9. Actuellement, chaque module est ouvert \u00e0 abonnement afin de faire valoir son int\u00e9r\u00eat pour participer et recevoir en avant-premi\u00e8re les informations pour se pr\u00e9inscrire d\u00e8s l&#8217;ouverture d&#8217;une session. <br><br>L&#8217;abonnement n&#8217;est pas obligatoire mais permet de recevoir un mail automatique \u00e9manant de l&#8217;application SOFIA-FMO en temps r\u00e9el pour se pr\u00e9inscrire d\u00e8s l&#8217;ouverture d&#8217;une session de formation. <\/p>\n\n\n\n<p class=\"has-small-font-size\">Cliquer sur l&#8217;encart &#8220;S&#8217;abonner&#8221; ou &#8220;Se pr\u00e9inscrire&#8221; d&#8217;une formation qui vous int\u00e9resse puis renseigner votre identifiant et votre mot de passe acad\u00e9mique pour retrouver l&#8217;ensemble des informations et valider votre choix d&#8217;abonnement ou de pr\u00e9inscription.<\/p>\n\n\n\n<div class=\"wp-block-columns is-layout-flex wp-container-core-columns-is-layout-28f84493 wp-block-columns-is-layout-flex\">\n<div class=\"wp-block-column is-layout-flow wp-block-column-is-layout-flow\" style=\"flex-basis:100%\">\n<h2 class=\"wp-block-heading has-text-align-center has-white-color has-vivid-cyan-blue-background-color has-text-color has-background has-link-color wp-elements-71d234e6a87b3886f8b23c254a5461ed\" style=\"font-size:17px\"><strong><span style=\"text-decoration: underline\">DEVELOPPER LES COMPETENCES MOTRICES AU COLLEGE<\/span><\/strong> <\/h2>\n<\/div>\n<\/div>\n\n\n\n<div class=\"wp-block-columns is-layout-flex wp-container-core-columns-is-layout-28f84493 wp-block-columns-is-layout-flex\">\n<div class=\"wp-block-column is-layout-flow wp-block-column-is-layout-flow\">\n<div class=\"wp-block-columns has-border-color has-vivid-cyan-blue-border-color has-white-background-color has-background is-layout-flex wp-container-core-columns-is-layout-28f84493 wp-block-columns-is-layout-flex\" style=\"border-style:dashed;border-width:2px\">\n<div class=\"wp-block-column is-layout-flow wp-block-column-is-layout-flow\" style=\"flex-basis:100%\">\n<div class=\"wp-block-columns is-layout-flex wp-container-core-columns-is-layout-28f84493 wp-block-columns-is-layout-flex\">\n<div class=\"wp-block-column is-layout-flow wp-block-column-is-layout-flow\" style=\"flex-basis:100%\">\n<h2 class=\"wp-block-heading has-text-align-left\" style=\"font-size:12px\"><strong>Comment d\u00e9velopper les comp\u00e9tences motrices de TOUS les \u00e9l\u00e8ves ?  Comment construire en acte les domaines du socle ? Comment contribuer aux orientations de la circulaire de rentr\u00e9e au travers de sa d\u00e9marche d&#8217;enseignement ?<\/strong><br><strong><br><\/strong><span style=\"text-decoration: underline\">APSA support<\/span> : <strong><br><\/strong>&#8211; Demi-fond (CA 1) &#8211; <em>Prolongement de l&#8217;an pass\u00e9 ;<\/em> <br>&#8211; De l&#8217;ASNS au savoir se sauver (CA 2) ;  <br>&#8211; Danse (CA 3) : concevoir et mettre en oeuvre le processus de cr\u00e9ation artistique &#8211; <em>Prolongement de l&#8217;an pass\u00e9<\/em> ;<br>&#8211; Arts du cirque (CA 3) : concevoir et mettre en oeuvre le processus de cr\u00e9ation artistique &#8211; <em>Prolongement de l&#8217;an pass\u00e9 dans certains secteurs de l&#8217;acad\u00e9mie <\/em>; <br>&#8211; Volley-ball (CA 4)<br>&#8211; Ultimate (CA 4) &#8211; <em>Journ\u00e9e d&#8217;approfondissement de la formation de l&#8217;an pass\u00e9<\/em> <br><br><span style=\"text-decoration: underline\">Public cible<\/span> : enseignants exer\u00e7ant en coll\u00e8ge (candidature individuelle)<br><span style=\"text-decoration: underline\">Modalit\u00e9s<\/span> : pr\u00e9sentiel <br><span style=\"text-decoration: underline\">Dur\u00e9e<\/span> : 6 heures<\/h2>\n<\/div>\n<\/div>\n<\/div>\n<\/div>\n<\/div>\n<\/div>\n\n\n\n<p style=\"font-size:5px\"><\/p>\n\n\n\n<div class=\"wp-block-columns is-layout-flex wp-container-core-columns-is-layout-28f84493 wp-block-columns-is-layout-flex\">\n<div class=\"wp-block-column is-layout-flow wp-block-column-is-layout-flow\">\n<div class=\"wp-block-columns has-border-color has-vivid-cyan-blue-border-color is-layout-flex wp-container-core-columns-is-layout-28f84493 wp-block-columns-is-layout-flex\" style=\"border-style:solid;border-width:3px\">\n<div class=\"wp-block-column is-layout-flow wp-block-column-is-layout-flow\" style=\"flex-basis:100%\">\n<h2 class=\"wp-block-heading has-text-align-center\" style=\"font-size:15px\"><br><em>A destination des enseignants de coll\u00e8ge de Dordogne<\/em><\/h2>\n\n\n\n<h2 class=\"wp-block-heading has-text-align-center has-medium-font-size\"><strong>CA 1 &#8211; DEMI-FOND<\/strong><a href=\"https:\/\/portailrh.ac-bordeaux.fr\/sofia-fmo-acad\/default\/extmodule\/subscriptionadd\/extModuleId\/67299\/tab\/trainee\/pill\/individualTrainingPlan\" data-type=\"link\" data-id=\"https:\/\/portailrh.ac-bordeaux.fr\/sofia-fmo-acad\/default\/extmodule\/subscriptionadd\/extModuleId\/67299\/tab\/trainee\/pill\/individualTrainingPlan\" target=\"_blank\" rel=\"noreferrer noopener\"><\/a><\/h2>\n\n\n\n<h2 class=\"wp-block-heading has-text-align-center has-small-font-size\"><a href=\"https:\/\/portailrh.ac-bordeaux.fr\/sofia-fmo-acad\/default\/extmodule\/subscriptionadd\/extModuleId\/72590\/tab\/trainee\/pill\/individualTrainingPlan\" data-type=\"link\" data-id=\"https:\/\/portailrh.ac-bordeaux.fr\/sofia-fmo-acad\/default\/extmodule\/subscriptionadd\/extModuleId\/72590\/tab\/trainee\/pill\/individualTrainingPlan\" target=\"_blank\" rel=\"noreferrer noopener\"><img loading=\"lazy\" decoding=\"async\" width=\"703\" height=\"395\" class=\"wp-image-8504\" style=\"width: 110px\" src=\"https:\/\/ent2d.ac-bordeaux.fr\/disciplines\/eps\/wp-content\/uploads\/sites\/33\/2024\/12\/Sabonner-clic.png\" alt=\"\" srcset=\"https:\/\/ent2d.ac-bordeaux.fr\/disciplines\/eps\/wp-content\/uploads\/sites\/33\/2024\/12\/Sabonner-clic.png 703w, https:\/\/ent2d.ac-bordeaux.fr\/disciplines\/eps\/wp-content\/uploads\/sites\/33\/2024\/12\/Sabonner-clic-300x169.png 300w\" sizes=\"auto, (max-width: 703px) 100vw, 703px\" \/><\/a><br><br><strong>Vendredi 22 mai de 9h \u00e0 16h <\/strong><br>Coll\u00e8ge Artur Rimbaud (Saint Astier)<br><a href=\"https:\/\/portailrh.ac-bordeaux.fr\/sofia-fmo-acad\/default\/session\/preregistrationadd\/globalSessionId\/96616\/tab\/trainee\/pill\/individualTrainingPlan\/infos\/72590|01|S1|2026-05-22_09:00:00|2026-05-22_16:00:00\" data-type=\"link\" data-id=\"https:\/\/portailrh.ac-bordeaux.fr\/sofia-fmo-acad\/default\/session\/preregistrationadd\/globalSessionId\/91378\/tab\/trainee\/pill\/individualTrainingPlan\/infos\/72693|01|S1|2026-01-26_09:00:00|2026-01-26_16:30:00\" target=\"_blank\" rel=\"noreferrer noopener\"><\/a><a href=\"https:\/\/portailrh.ac-bordeaux.fr\/sofia-fmo-acad\/default\/session\/preregistrationadd\/globalSessionId\/95942\/tab\/trainee\/pill\/individualTrainingPlan\/infos\/72594|01|S1|2026-03-31_09:00:00|2026-03-31_16:00:00\" data-type=\"link\" data-id=\"https:\/\/portailrh.ac-bordeaux.fr\/sofia-fmo-acad\/default\/session\/preregistrationadd\/globalSessionId\/91378\/tab\/trainee\/pill\/individualTrainingPlan\/infos\/72693|01|S1|2026-01-26_09:00:00|2026-01-26_16:30:00\" target=\"_blank\" rel=\"noreferrer noopener\"><img loading=\"lazy\" decoding=\"async\" width=\"703\" height=\"395\" class=\"wp-image-8434\" style=\"width: 110px\" src=\"https:\/\/ent2d.ac-bordeaux.fr\/disciplines\/eps\/wp-content\/uploads\/sites\/33\/2024\/10\/Preinscriptions-terminees.png\" alt=\"\" srcset=\"https:\/\/ent2d.ac-bordeaux.fr\/disciplines\/eps\/wp-content\/uploads\/sites\/33\/2024\/10\/Preinscriptions-terminees.png 703w, https:\/\/ent2d.ac-bordeaux.fr\/disciplines\/eps\/wp-content\/uploads\/sites\/33\/2024\/10\/Preinscriptions-terminees-300x169.png 300w\" sizes=\"auto, (max-width: 703px) 100vw, 703px\" \/><\/a> <br><br><br><a href=\"https:\/\/portailrh.ac-bordeaux.fr\/sofia-fmo-acad\/default\/session\/preregistrationadd\/globalSessionId\/79006\/tab\/trainee\/pill\/individualTrainingPlan\/infos\/67271|01|S1|2025-05-15_09:00:00|2025-05-15_16:00:00\" target=\"_blank\" rel=\"noreferrer noopener\"><\/a><\/h2>\n<\/div>\n<\/div>\n<\/div>\n\n\n\n<div class=\"wp-block-column is-layout-flow wp-block-column-is-layout-flow\">\n<div class=\"wp-block-columns has-border-color has-vivid-cyan-blue-border-color is-layout-flex wp-container-core-columns-is-layout-28f84493 wp-block-columns-is-layout-flex\" style=\"border-style:solid;border-width:3px\">\n<div class=\"wp-block-column is-layout-flow wp-block-column-is-layout-flow\" style=\"flex-basis:100%\">\n<h2 class=\"wp-block-heading has-text-align-center\" style=\"font-size:15px\"><br><em>A destination des enseignants de coll\u00e8ge de Gironde<\/em><\/h2>\n\n\n\n<h2 class=\"wp-block-heading has-text-align-center has-medium-font-size\"><strong>CA 1 &#8211; DEMI-FOND<\/strong><a href=\"https:\/\/portailrh.ac-bordeaux.fr\/sofia-fmo-acad\/default\/extmodule\/subscriptionadd\/extModuleId\/67299\/tab\/trainee\/pill\/individualTrainingPlan\" data-type=\"link\" data-id=\"https:\/\/portailrh.ac-bordeaux.fr\/sofia-fmo-acad\/default\/extmodule\/subscriptionadd\/extModuleId\/67299\/tab\/trainee\/pill\/individualTrainingPlan\" target=\"_blank\" rel=\"noreferrer noopener\"><\/a><\/h2>\n\n\n\n<h2 class=\"wp-block-heading has-text-align-center has-small-font-size\"><a href=\"https:\/\/portailrh.ac-bordeaux.fr\/sofia-fmo-acad\/default\/extmodule\/subscriptionadd\/extModuleId\/72591\/tab\/trainee\/pill\/individualTrainingPlan\" target=\"_blank\" rel=\"noreferrer noopener\"><img loading=\"lazy\" decoding=\"async\" width=\"703\" height=\"395\" class=\"wp-image-8504\" style=\"width: 110px\" src=\"https:\/\/ent2d.ac-bordeaux.fr\/disciplines\/eps\/wp-content\/uploads\/sites\/33\/2024\/12\/Sabonner-clic.png\" alt=\"\" srcset=\"https:\/\/ent2d.ac-bordeaux.fr\/disciplines\/eps\/wp-content\/uploads\/sites\/33\/2024\/12\/Sabonner-clic.png 703w, https:\/\/ent2d.ac-bordeaux.fr\/disciplines\/eps\/wp-content\/uploads\/sites\/33\/2024\/12\/Sabonner-clic-300x169.png 300w\" sizes=\"auto, (max-width: 703px) 100vw, 703px\" \/><\/a><br><br><strong>Vendredi 24 avril de 9h \u00e0 16h <\/strong><br>Coll\u00e8ge Jules Ferry (Langon)<br><a href=\"https:\/\/portailrh.ac-bordeaux.fr\/sofia-fmo-acad\/default\/session\/preregistrationadd\/globalSessionId\/95942\/tab\/trainee\/pill\/individualTrainingPlan\/infos\/72594|01|S1|2026-03-31_09:00:00|2026-03-31_16:00:00\" data-type=\"link\" data-id=\"https:\/\/portailrh.ac-bordeaux.fr\/sofia-fmo-acad\/default\/session\/preregistrationadd\/globalSessionId\/91378\/tab\/trainee\/pill\/individualTrainingPlan\/infos\/72693|01|S1|2026-01-26_09:00:00|2026-01-26_16:30:00\" target=\"_blank\" rel=\"noreferrer noopener\"><\/a><a href=\"https:\/\/portailrh.ac-bordeaux.fr\/sofia-fmo-acad\/default\/session\/preregistrationadd\/globalSessionId\/95942\/tab\/trainee\/pill\/individualTrainingPlan\/infos\/72594|01|S1|2026-03-31_09:00:00|2026-03-31_16:00:00\" data-type=\"link\" data-id=\"https:\/\/portailrh.ac-bordeaux.fr\/sofia-fmo-acad\/default\/session\/preregistrationadd\/globalSessionId\/91378\/tab\/trainee\/pill\/individualTrainingPlan\/infos\/72693|01|S1|2026-01-26_09:00:00|2026-01-26_16:30:00\" target=\"_blank\" rel=\"noreferrer noopener\"><img loading=\"lazy\" decoding=\"async\" width=\"703\" height=\"395\" class=\"wp-image-8434\" style=\"width: 110px\" src=\"https:\/\/ent2d.ac-bordeaux.fr\/disciplines\/eps\/wp-content\/uploads\/sites\/33\/2024\/10\/Preinscriptions-terminees.png\" alt=\"\" srcset=\"https:\/\/ent2d.ac-bordeaux.fr\/disciplines\/eps\/wp-content\/uploads\/sites\/33\/2024\/10\/Preinscriptions-terminees.png 703w, https:\/\/ent2d.ac-bordeaux.fr\/disciplines\/eps\/wp-content\/uploads\/sites\/33\/2024\/10\/Preinscriptions-terminees-300x169.png 300w\" sizes=\"auto, (max-width: 703px) 100vw, 703px\" \/><\/a> <br><br><strong>Mardi 28 avril de 9h \u00e0 16h <\/strong><br>Coll\u00e8ge Eug\u00e8ne Atget (Libourne)<br><a href=\"https:\/\/portailrh.ac-bordeaux.fr\/sofia-fmo-acad\/default\/session\/preregistrationadd\/globalSessionId\/96612\/tab\/trainee\/pill\/individualTrainingPlan\/infos\/72591|01|S1|2026-04-28_09:00:00|2026-04-28_16:00:00\" data-type=\"link\" data-id=\"https:\/\/portailrh.ac-bordeaux.fr\/sofia-fmo-acad\/default\/session\/preregistrationadd\/globalSessionId\/91378\/tab\/trainee\/pill\/individualTrainingPlan\/infos\/72693|01|S1|2026-01-26_09:00:00|2026-01-26_16:30:00\" target=\"_blank\" rel=\"noreferrer noopener\"><\/a><a href=\"https:\/\/portailrh.ac-bordeaux.fr\/sofia-fmo-acad\/default\/session\/preregistrationadd\/globalSessionId\/95942\/tab\/trainee\/pill\/individualTrainingPlan\/infos\/72594|01|S1|2026-03-31_09:00:00|2026-03-31_16:00:00\" data-type=\"link\" data-id=\"https:\/\/portailrh.ac-bordeaux.fr\/sofia-fmo-acad\/default\/session\/preregistrationadd\/globalSessionId\/91378\/tab\/trainee\/pill\/individualTrainingPlan\/infos\/72693|01|S1|2026-01-26_09:00:00|2026-01-26_16:30:00\" target=\"_blank\" rel=\"noreferrer noopener\"><img loading=\"lazy\" decoding=\"async\" width=\"703\" height=\"395\" class=\"wp-image-8434\" style=\"width: 110px\" src=\"https:\/\/ent2d.ac-bordeaux.fr\/disciplines\/eps\/wp-content\/uploads\/sites\/33\/2024\/10\/Preinscriptions-terminees.png\" alt=\"\" srcset=\"https:\/\/ent2d.ac-bordeaux.fr\/disciplines\/eps\/wp-content\/uploads\/sites\/33\/2024\/10\/Preinscriptions-terminees.png 703w, https:\/\/ent2d.ac-bordeaux.fr\/disciplines\/eps\/wp-content\/uploads\/sites\/33\/2024\/10\/Preinscriptions-terminees-300x169.png 300w\" sizes=\"auto, (max-width: 703px) 100vw, 703px\" \/><\/a> <br><a href=\"https:\/\/portailrh.ac-bordeaux.fr\/sofia-fmo-acad\/default\/session\/preregistrationadd\/globalSessionId\/79007\/tab\/trainee\/pill\/individualTrainingPlan\/infos\/67273|01|S1|2025-06-19_09:00:00|2025-06-19_16:00:00\" target=\"_blank\" rel=\"noreferrer noopener\"><\/a><\/h2>\n<\/div>\n<\/div>\n<\/div>\n\n\n\n<div class=\"wp-block-column is-layout-flow wp-block-column-is-layout-flow\">\n<div class=\"wp-block-columns has-border-color has-vivid-cyan-blue-border-color is-layout-flex wp-container-core-columns-is-layout-28f84493 wp-block-columns-is-layout-flex\" style=\"border-style:solid;border-width:3px\">\n<div class=\"wp-block-column is-layout-flow wp-block-column-is-layout-flow\" style=\"flex-basis:100%\">\n<h2 class=\"wp-block-heading has-text-align-center\" style=\"font-size:15px\"><br><em>A destination des enseignants de coll\u00e8ge des Landes<\/em><\/h2>\n\n\n\n<h2 class=\"wp-block-heading has-text-align-center has-medium-font-size\"><strong>CA 1 &#8211; DEMI-FOND<\/strong><a href=\"https:\/\/portailrh.ac-bordeaux.fr\/sofia-fmo-acad\/default\/extmodule\/subscriptionadd\/extModuleId\/67299\/tab\/trainee\/pill\/individualTrainingPlan\" data-type=\"link\" data-id=\"https:\/\/portailrh.ac-bordeaux.fr\/sofia-fmo-acad\/default\/extmodule\/subscriptionadd\/extModuleId\/67299\/tab\/trainee\/pill\/individualTrainingPlan\" target=\"_blank\" rel=\"noreferrer noopener\"><\/a><\/h2>\n\n\n\n<h2 class=\"wp-block-heading has-text-align-center has-small-font-size\"><a href=\"https:\/\/portailrh.ac-bordeaux.fr\/sofia-fmo-acad\/default\/extmodule\/subscriptionadd\/extModuleId\/72592\/tab\/trainee\/pill\/individualTrainingPlan\" data-type=\"link\" data-id=\"https:\/\/portailrh.ac-bordeaux.fr\/sofia-fmo-acad\/default\/extmodule\/subscriptionadd\/extModuleId\/72592\/tab\/trainee\/pill\/individualTrainingPlan\" target=\"_blank\" rel=\"noreferrer noopener\"><img loading=\"lazy\" decoding=\"async\" width=\"703\" height=\"395\" class=\"wp-image-8504\" style=\"width: 110px\" src=\"https:\/\/ent2d.ac-bordeaux.fr\/disciplines\/eps\/wp-content\/uploads\/sites\/33\/2024\/12\/Sabonner-clic.png\" alt=\"\" srcset=\"https:\/\/ent2d.ac-bordeaux.fr\/disciplines\/eps\/wp-content\/uploads\/sites\/33\/2024\/12\/Sabonner-clic.png 703w, https:\/\/ent2d.ac-bordeaux.fr\/disciplines\/eps\/wp-content\/uploads\/sites\/33\/2024\/12\/Sabonner-clic-300x169.png 300w\" sizes=\"auto, (max-width: 703px) 100vw, 703px\" \/><\/a><br><br><strong>Jeudi 23 avril de 9h30 \u00e0 16h30 <\/strong><br>Coll\u00e8ge Victor Duruy (Mont-de-Marsan)<br><a href=\"https:\/\/portailrh.ac-bordeaux.fr\/sofia-fmo-acad\/default\/session\/preregistrationadd\/globalSessionId\/95942\/tab\/trainee\/pill\/individualTrainingPlan\/infos\/72594|01|S1|2026-03-31_09:00:00|2026-03-31_16:00:00\" data-type=\"link\" data-id=\"https:\/\/portailrh.ac-bordeaux.fr\/sofia-fmo-acad\/default\/session\/preregistrationadd\/globalSessionId\/91378\/tab\/trainee\/pill\/individualTrainingPlan\/infos\/72693|01|S1|2026-01-26_09:00:00|2026-01-26_16:30:00\" target=\"_blank\" rel=\"noreferrer noopener\"><img loading=\"lazy\" decoding=\"async\" width=\"703\" height=\"395\" class=\"wp-image-8434\" style=\"width: 110px\" src=\"https:\/\/ent2d.ac-bordeaux.fr\/disciplines\/eps\/wp-content\/uploads\/sites\/33\/2024\/10\/Preinscriptions-terminees.png\" alt=\"\" srcset=\"https:\/\/ent2d.ac-bordeaux.fr\/disciplines\/eps\/wp-content\/uploads\/sites\/33\/2024\/10\/Preinscriptions-terminees.png 703w, https:\/\/ent2d.ac-bordeaux.fr\/disciplines\/eps\/wp-content\/uploads\/sites\/33\/2024\/10\/Preinscriptions-terminees-300x169.png 300w\" sizes=\"auto, (max-width: 703px) 100vw, 703px\" \/><\/a> <br><a href=\"https:\/\/portailrh.ac-bordeaux.fr\/sofia-fmo-acad\/default\/session\/preregistrationadd\/globalSessionId\/79008\/tab\/trainee\/pill\/individualTrainingPlan\/infos\/67273|02|S1|2025-05-06_09:00:00|2025-05-06_16:00:00\" target=\"_blank\" rel=\"noreferrer noopener\"><\/a><\/h2>\n<\/div>\n<\/div>\n<\/div>\n<\/div>\n\n\n\n<p style=\"font-size:3px\"><\/p>\n\n\n\n<div class=\"wp-block-columns is-layout-flex wp-container-core-columns-is-layout-28f84493 wp-block-columns-is-layout-flex\">\n<div class=\"wp-block-column is-layout-flow wp-block-column-is-layout-flow\">\n<div class=\"wp-block-columns has-border-color has-vivid-cyan-blue-border-color is-layout-flex wp-container-core-columns-is-layout-28f84493 wp-block-columns-is-layout-flex\" style=\"border-style:solid;border-width:3px\">\n<div class=\"wp-block-column is-layout-flow wp-block-column-is-layout-flow\" style=\"flex-basis:100%\">\n<h2 class=\"wp-block-heading has-text-align-center\" style=\"font-size:15px\"><br><em>A destination des enseignants de coll\u00e8ge du Lot-et-Garonne<\/em><\/h2>\n\n\n\n<h2 class=\"wp-block-heading has-text-align-center has-medium-font-size\"><strong>CA 1 &#8211; DEMI-FOND<\/strong><a href=\"https:\/\/portailrh.ac-bordeaux.fr\/sofia-fmo-acad\/default\/extmodule\/subscriptionadd\/extModuleId\/67299\/tab\/trainee\/pill\/individualTrainingPlan\" data-type=\"link\" data-id=\"https:\/\/portailrh.ac-bordeaux.fr\/sofia-fmo-acad\/default\/extmodule\/subscriptionadd\/extModuleId\/67299\/tab\/trainee\/pill\/individualTrainingPlan\" target=\"_blank\" rel=\"noreferrer noopener\"><\/a><\/h2>\n\n\n\n<h2 class=\"wp-block-heading has-text-align-center has-small-font-size\"><a href=\"https:\/\/portailrh.ac-bordeaux.fr\/sofia-fmo-acad\/default\/extmodule\/subscriptionadd\/extModuleId\/72593\/tab\/trainee\/pill\/individualTrainingPlan\" data-type=\"link\" data-id=\"https:\/\/portailrh.ac-bordeaux.fr\/sofia-fmo-acad\/default\/extmodule\/subscriptionadd\/extModuleId\/72590\/tab\/trainee\/pill\/individualTrainingPlan\" target=\"_blank\" rel=\"noreferrer noopener\"><img loading=\"lazy\" decoding=\"async\" width=\"703\" height=\"395\" class=\"wp-image-8504\" style=\"width: 110px\" src=\"https:\/\/ent2d.ac-bordeaux.fr\/disciplines\/eps\/wp-content\/uploads\/sites\/33\/2024\/12\/Sabonner-clic.png\" alt=\"\" srcset=\"https:\/\/ent2d.ac-bordeaux.fr\/disciplines\/eps\/wp-content\/uploads\/sites\/33\/2024\/12\/Sabonner-clic.png 703w, https:\/\/ent2d.ac-bordeaux.fr\/disciplines\/eps\/wp-content\/uploads\/sites\/33\/2024\/12\/Sabonner-clic-300x169.png 300w\" sizes=\"auto, (max-width: 703px) 100vw, 703px\" \/><\/a><br><br><strong>Jeudi 7 mai de 9h \u00e0 16h <\/strong><br>Coll\u00e8ge Jean Moulin (Marmande)<br><a href=\"https:\/\/portailrh.ac-bordeaux.fr\/sofia-fmo-acad\/default\/session\/preregistrationadd\/globalSessionId\/96613\/tab\/trainee\/pill\/individualTrainingPlan\/infos\/72593|01|S1|2026-05-07_09:00:00|2026-05-07_16:00:00\" data-type=\"link\" data-id=\"https:\/\/portailrh.ac-bordeaux.fr\/sofia-fmo-acad\/default\/session\/preregistrationadd\/globalSessionId\/91378\/tab\/trainee\/pill\/individualTrainingPlan\/infos\/72693|01|S1|2026-01-26_09:00:00|2026-01-26_16:30:00\" target=\"_blank\" rel=\"noreferrer noopener\"><\/a><a href=\"https:\/\/portailrh.ac-bordeaux.fr\/sofia-fmo-acad\/default\/session\/preregistrationadd\/globalSessionId\/95942\/tab\/trainee\/pill\/individualTrainingPlan\/infos\/72594|01|S1|2026-03-31_09:00:00|2026-03-31_16:00:00\" data-type=\"link\" data-id=\"https:\/\/portailrh.ac-bordeaux.fr\/sofia-fmo-acad\/default\/session\/preregistrationadd\/globalSessionId\/91378\/tab\/trainee\/pill\/individualTrainingPlan\/infos\/72693|01|S1|2026-01-26_09:00:00|2026-01-26_16:30:00\" target=\"_blank\" rel=\"noreferrer noopener\"><img loading=\"lazy\" decoding=\"async\" width=\"703\" height=\"395\" class=\"wp-image-8434\" style=\"width: 110px\" src=\"https:\/\/ent2d.ac-bordeaux.fr\/disciplines\/eps\/wp-content\/uploads\/sites\/33\/2024\/10\/Preinscriptions-terminees.png\" alt=\"\" srcset=\"https:\/\/ent2d.ac-bordeaux.fr\/disciplines\/eps\/wp-content\/uploads\/sites\/33\/2024\/10\/Preinscriptions-terminees.png 703w, https:\/\/ent2d.ac-bordeaux.fr\/disciplines\/eps\/wp-content\/uploads\/sites\/33\/2024\/10\/Preinscriptions-terminees-300x169.png 300w\" sizes=\"auto, (max-width: 703px) 100vw, 703px\" \/><\/a> <br><a href=\"https:\/\/portailrh.ac-bordeaux.fr\/sofia-fmo-acad\/default\/session\/preregistrationadd\/globalSessionId\/79026\/tab\/trainee\/pill\/individualTrainingPlan\/infos\/67285|01|S1|2025-06-02_09:00:00|2025-06-02_16:00:00\" target=\"_blank\" rel=\"noreferrer noopener\"><\/a><\/h2>\n<\/div>\n<\/div>\n<\/div>\n\n\n\n<div class=\"wp-block-column is-layout-flow wp-block-column-is-layout-flow\">\n<div class=\"wp-block-columns has-border-color has-vivid-cyan-blue-border-color is-layout-flex wp-container-core-columns-is-layout-28f84493 wp-block-columns-is-layout-flex\" style=\"border-style:solid;border-width:3px\">\n<div class=\"wp-block-column is-layout-flow wp-block-column-is-layout-flow\" style=\"flex-basis:100%\">\n<h2 class=\"wp-block-heading has-text-align-center\" style=\"font-size:15px\"><br><em>A destination des enseignants de coll\u00e8ge des Pyr\u00e9n\u00e9es Atlantiques<\/em><\/h2>\n\n\n\n<h2 class=\"wp-block-heading has-text-align-center has-medium-font-size\"><strong>CA 1 &#8211; DEMI-FOND<\/strong><br><a href=\"https:\/\/portailrh.ac-bordeaux.fr\/sofia-fmo-acad\/default\/extmodule\/subscriptionadd\/extModuleId\/72594\/tab\/trainee\/pill\/individualTrainingPlan\" data-type=\"link\" data-id=\"https:\/\/portailrh.ac-bordeaux.fr\/sofia-fmo-acad\/default\/extmodule\/subscriptionadd\/extModuleId\/72590\/tab\/trainee\/pill\/individualTrainingPlan\" target=\"_blank\" rel=\"noreferrer noopener\"><img loading=\"lazy\" decoding=\"async\" width=\"703\" height=\"395\" class=\"wp-image-8504\" style=\"width: 110px\" src=\"https:\/\/ent2d.ac-bordeaux.fr\/disciplines\/eps\/wp-content\/uploads\/sites\/33\/2024\/12\/Sabonner-clic.png\" alt=\"\" srcset=\"https:\/\/ent2d.ac-bordeaux.fr\/disciplines\/eps\/wp-content\/uploads\/sites\/33\/2024\/12\/Sabonner-clic.png 703w, https:\/\/ent2d.ac-bordeaux.fr\/disciplines\/eps\/wp-content\/uploads\/sites\/33\/2024\/12\/Sabonner-clic-300x169.png 300w\" sizes=\"auto, (max-width: 703px) 100vw, 703px\" \/><\/a><\/h2>\n\n\n\n<p class=\"has-text-align-center\"><strong>Mardi 31 mars de 9h00 \u00e0 16h00 <\/strong><br>Coll\u00e8ge Elhuyar (Hasparren)<br><a href=\"https:\/\/portailrh.ac-bordeaux.fr\/sofia-fmo-acad\/default\/session\/preregistrationadd\/globalSessionId\/95942\/tab\/trainee\/pill\/individualTrainingPlan\/infos\/72594|01|S1|2026-03-31_09:00:00|2026-03-31_16:00:00\" data-type=\"link\" data-id=\"https:\/\/portailrh.ac-bordeaux.fr\/sofia-fmo-acad\/default\/session\/preregistrationadd\/globalSessionId\/91378\/tab\/trainee\/pill\/individualTrainingPlan\/infos\/72693|01|S1|2026-01-26_09:00:00|2026-01-26_16:30:00\" target=\"_blank\" rel=\"noreferrer noopener\"><img loading=\"lazy\" decoding=\"async\" width=\"703\" height=\"395\" class=\"wp-image-8434\" style=\"width: 110px\" src=\"https:\/\/ent2d.ac-bordeaux.fr\/disciplines\/eps\/wp-content\/uploads\/sites\/33\/2024\/10\/Preinscriptions-terminees.png\" alt=\"\" srcset=\"https:\/\/ent2d.ac-bordeaux.fr\/disciplines\/eps\/wp-content\/uploads\/sites\/33\/2024\/10\/Preinscriptions-terminees.png 703w, https:\/\/ent2d.ac-bordeaux.fr\/disciplines\/eps\/wp-content\/uploads\/sites\/33\/2024\/10\/Preinscriptions-terminees-300x169.png 300w\" sizes=\"auto, (max-width: 703px) 100vw, 703px\" \/><\/a> <\/p>\n<\/div>\n<\/div>\n<\/div>\n\n\n\n<div class=\"wp-block-column is-layout-flow wp-block-column-is-layout-flow\">\n<div class=\"wp-block-columns is-layout-flex wp-container-core-columns-is-layout-28f84493 wp-block-columns-is-layout-flex\" style=\"border-style:none;border-width:0px\">\n<div class=\"wp-block-column is-layout-flow wp-block-column-is-layout-flow\"><\/div>\n\n\n\n<div class=\"wp-block-column is-layout-flow wp-block-column-is-layout-flow\"><\/div>\n<\/div>\n<\/div>\n<\/div>\n\n\n\n<p style=\"font-size:3px\"><\/p>\n\n\n\n<div class=\"wp-block-columns is-layout-flex wp-container-core-columns-is-layout-28f84493 wp-block-columns-is-layout-flex\">\n<div class=\"wp-block-column is-layout-flow wp-block-column-is-layout-flow\">\n<div class=\"wp-block-columns has-border-color has-vivid-cyan-blue-border-color is-layout-flex wp-container-core-columns-is-layout-28f84493 wp-block-columns-is-layout-flex\" style=\"border-style:solid;border-width:3px\">\n<div class=\"wp-block-column is-layout-flow wp-block-column-is-layout-flow\" style=\"flex-basis:100%\">\n<h2 class=\"wp-block-heading has-text-align-center\" style=\"font-size:15px\"><br><em>A destination des enseignants de coll\u00e8ge de Dordogne et du Lot-et-Garonne<\/em><\/h2>\n\n\n\n<h2 class=\"wp-block-heading has-text-align-center has-medium-font-size\"><strong>CA 2 &#8211; DE L<\/strong>&#8216;<strong>ASNS AU SAVOIR SE SAUVER<\/strong> <\/h2>\n\n\n\n<h2 class=\"wp-block-heading has-text-align-center has-small-font-size\">S&#8217;acculturer \u00e0 la nage en milieu naturel<a href=\"https:\/\/portailrh.ac-bordeaux.fr\/sofia-fmo-acad\/default\/extmodule\/subscriptionadd\/extModuleId\/67299\/tab\/trainee\/pill\/individualTrainingPlan\" data-type=\"link\" data-id=\"https:\/\/portailrh.ac-bordeaux.fr\/sofia-fmo-acad\/default\/extmodule\/subscriptionadd\/extModuleId\/67299\/tab\/trainee\/pill\/individualTrainingPlan\" target=\"_blank\" rel=\"noreferrer noopener\"><\/a><\/h2>\n\n\n\n<h2 class=\"wp-block-heading has-text-align-center has-small-font-size\"><a href=\"https:\/\/portailrh.ac-bordeaux.fr\/sofia-fmo-acad\/default\/extmodule\/subscriptionadd\/extModuleId\/72595\/tab\/trainee\/pill\/individualTrainingPlan\" data-type=\"link\" data-id=\"https:\/\/portailrh.ac-bordeaux.fr\/sofia-fmo-acad\/default\/extmodule\/subscriptionadd\/extModuleId\/72590\/tab\/trainee\/pill\/individualTrainingPlan\" target=\"_blank\" rel=\"noreferrer noopener\"><img loading=\"lazy\" decoding=\"async\" width=\"703\" height=\"395\" class=\"wp-image-8504\" style=\"width: 110px\" src=\"https:\/\/ent2d.ac-bordeaux.fr\/disciplines\/eps\/wp-content\/uploads\/sites\/33\/2024\/12\/Sabonner-clic.png\" alt=\"\" srcset=\"https:\/\/ent2d.ac-bordeaux.fr\/disciplines\/eps\/wp-content\/uploads\/sites\/33\/2024\/12\/Sabonner-clic.png 703w, https:\/\/ent2d.ac-bordeaux.fr\/disciplines\/eps\/wp-content\/uploads\/sites\/33\/2024\/12\/Sabonner-clic-300x169.png 300w\" sizes=\"auto, (max-width: 703px) 100vw, 703px\" \/><\/a><br><br><strong>3 f\u00e9vrier de 9h30 \u00e0 16h30<\/strong><br>Lyc\u00e9e Lot et Bastides et centre aquatique de Malbentre <br>(Villeneuve-sur-Lot)<br><img loading=\"lazy\" decoding=\"async\" width=\"703\" height=\"395\" class=\"wp-image-8434\" style=\"width: 110px\" src=\"https:\/\/ent2d.ac-bordeaux.fr\/disciplines\/eps\/wp-content\/uploads\/sites\/33\/2024\/10\/Preinscriptions-terminees.png\" alt=\"\" srcset=\"https:\/\/ent2d.ac-bordeaux.fr\/disciplines\/eps\/wp-content\/uploads\/sites\/33\/2024\/10\/Preinscriptions-terminees.png 703w, https:\/\/ent2d.ac-bordeaux.fr\/disciplines\/eps\/wp-content\/uploads\/sites\/33\/2024\/10\/Preinscriptions-terminees-300x169.png 300w\" sizes=\"auto, (max-width: 703px) 100vw, 703px\" \/> <\/h2>\n<\/div>\n<\/div>\n<\/div>\n\n\n\n<div class=\"wp-block-column is-layout-flow wp-block-column-is-layout-flow\">\n<div class=\"wp-block-columns has-border-color has-vivid-cyan-blue-border-color is-layout-flex wp-container-core-columns-is-layout-28f84493 wp-block-columns-is-layout-flex\" style=\"border-style:solid;border-width:3px\">\n<div class=\"wp-block-column is-layout-flow wp-block-column-is-layout-flow\" style=\"flex-basis:100%\">\n<h2 class=\"wp-block-heading has-text-align-center\" style=\"font-size:15px\"><br><em>A destination des enseignants de coll\u00e8ge de Gironde<\/em><\/h2>\n\n\n\n<h2 class=\"wp-block-heading has-text-align-center has-medium-font-size\"><strong>CA 2 &#8211; DE L<\/strong>&#8216;<strong>ASNS AU SAVOIR SE SAUVER<\/strong> <\/h2>\n\n\n\n<h2 class=\"wp-block-heading has-text-align-center has-small-font-size\">S&#8217;acculturer \u00e0 la nage en milieu naturel<a href=\"https:\/\/portailrh.ac-bordeaux.fr\/sofia-fmo-acad\/default\/extmodule\/subscriptionadd\/extModuleId\/67299\/tab\/trainee\/pill\/individualTrainingPlan\" data-type=\"link\" data-id=\"https:\/\/portailrh.ac-bordeaux.fr\/sofia-fmo-acad\/default\/extmodule\/subscriptionadd\/extModuleId\/67299\/tab\/trainee\/pill\/individualTrainingPlan\" target=\"_blank\" rel=\"noreferrer noopener\"><\/a><\/h2>\n\n\n\n<h2 class=\"wp-block-heading has-text-align-center has-small-font-size\"><a href=\"https:\/\/portailrh.ac-bordeaux.fr\/sofia-fmo-acad\/default\/extmodule\/subscriptionadd\/extModuleId\/72596\/tab\/trainee\/pill\/individualTrainingPlan\" data-type=\"link\" data-id=\"https:\/\/portailrh.ac-bordeaux.fr\/sofia-fmo-acad\/default\/extmodule\/subscriptionadd\/extModuleId\/72590\/tab\/trainee\/pill\/individualTrainingPlan\" target=\"_blank\" rel=\"noreferrer noopener\"><img loading=\"lazy\" decoding=\"async\" width=\"703\" height=\"395\" class=\"wp-image-8504\" style=\"width: 110px\" src=\"https:\/\/ent2d.ac-bordeaux.fr\/disciplines\/eps\/wp-content\/uploads\/sites\/33\/2024\/12\/Sabonner-clic.png\" alt=\"\" srcset=\"https:\/\/ent2d.ac-bordeaux.fr\/disciplines\/eps\/wp-content\/uploads\/sites\/33\/2024\/12\/Sabonner-clic.png 703w, https:\/\/ent2d.ac-bordeaux.fr\/disciplines\/eps\/wp-content\/uploads\/sites\/33\/2024\/12\/Sabonner-clic-300x169.png 300w\" sizes=\"auto, (max-width: 703px) 100vw, 703px\" \/><\/a><br><br><strong>5 f\u00e9vrier de 9h30 \u00e0 16h00<\/strong><br>Coll\u00e8ge Claude Mass\u00e9 et piscine Alain Bernard <br>(Ambar\u00e8s et Lagrave)<br><img loading=\"lazy\" decoding=\"async\" width=\"703\" height=\"395\" class=\"wp-image-8434\" style=\"width: 110px\" src=\"https:\/\/ent2d.ac-bordeaux.fr\/disciplines\/eps\/wp-content\/uploads\/sites\/33\/2024\/10\/Preinscriptions-terminees.png\" alt=\"\" srcset=\"https:\/\/ent2d.ac-bordeaux.fr\/disciplines\/eps\/wp-content\/uploads\/sites\/33\/2024\/10\/Preinscriptions-terminees.png 703w, https:\/\/ent2d.ac-bordeaux.fr\/disciplines\/eps\/wp-content\/uploads\/sites\/33\/2024\/10\/Preinscriptions-terminees-300x169.png 300w\" sizes=\"auto, (max-width: 703px) 100vw, 703px\" \/> <br><br><strong>10 juin de 9h \u00e0 16h<\/strong><br>Ecole \u00e9l\u00e9mentaire de Lavignolle et piscine Spadium (Salles)<br><a href=\"https:\/\/portailrh.ac-bordeaux.fr\/sofia-fmo-acad\/default\/session\/preregistrationadd\/globalSessionId\/99328\/tab\/trainee\/pill\/individualTrainingPlan\/infos\/72596|02|S1|2026-06-10_09:00:00|2026-06-10_11:00:00\" target=\"_blank\" rel=\"noreferrer noopener\"><img loading=\"lazy\" decoding=\"async\" width=\"703\" height=\"395\" class=\"wp-image-8497\" style=\"width: 110px\" src=\"https:\/\/ent2d.ac-bordeaux.fr\/disciplines\/eps\/wp-content\/uploads\/sites\/33\/2024\/12\/3.png\" alt=\"\" srcset=\"https:\/\/ent2d.ac-bordeaux.fr\/disciplines\/eps\/wp-content\/uploads\/sites\/33\/2024\/12\/3.png 703w, https:\/\/ent2d.ac-bordeaux.fr\/disciplines\/eps\/wp-content\/uploads\/sites\/33\/2024\/12\/3-300x169.png 300w\" sizes=\"auto, (max-width: 703px) 100vw, 703px\" \/><\/a><br><em>avant le 16 avril<\/em><br><br><a href=\"https:\/\/portailrh.ac-bordeaux.fr\/sofia-fmo-acad\/default\/extmodule\/subscriptionadd\/extModuleId\/72593\/tab\/trainee\/pill\/individualTrainingPlan\" data-type=\"link\" data-id=\"https:\/\/portailrh.ac-bordeaux.fr\/sofia-fmo-acad\/default\/extmodule\/subscriptionadd\/extModuleId\/72590\/tab\/trainee\/pill\/individualTrainingPlan\" target=\"_blank\" rel=\"noreferrer noopener\"><\/a><\/h2>\n<\/div>\n<\/div>\n<\/div>\n\n\n\n<div class=\"wp-block-column is-layout-flow wp-block-column-is-layout-flow\">\n<div class=\"wp-block-columns has-border-color has-vivid-cyan-blue-border-color is-layout-flex wp-container-core-columns-is-layout-28f84493 wp-block-columns-is-layout-flex\" style=\"border-style:solid;border-width:3px\">\n<div class=\"wp-block-column is-layout-flow wp-block-column-is-layout-flow\" style=\"flex-basis:100%\">\n<h2 class=\"wp-block-heading has-text-align-center\" style=\"font-size:15px\"><br><em>A destination des enseignants de coll\u00e8ge des Landes et Pyr\u00e9n\u00e9es Atlantiques<\/em><\/h2>\n\n\n\n<h2 class=\"wp-block-heading has-text-align-center has-medium-font-size\"><strong>CA 2 &#8211; DE L<\/strong>&#8216;<strong>ASNS AU SAVOIR SE SAUVER<\/strong> <\/h2>\n\n\n\n<h2 class=\"wp-block-heading has-text-align-center has-small-font-size\">S&#8217;acculturer \u00e0 la nage en milieu naturel<br><a href=\"https:\/\/portailrh.ac-bordeaux.fr\/sofia-fmo-acad\/default\/extmodule\/subscriptionadd\/extModuleId\/72597\/tab\/trainee\/pill\/individualTrainingPlan\" data-type=\"link\" data-id=\"https:\/\/portailrh.ac-bordeaux.fr\/sofia-fmo-acad\/default\/extmodule\/subscriptionadd\/extModuleId\/72590\/tab\/trainee\/pill\/individualTrainingPlan\" target=\"_blank\" rel=\"noreferrer noopener\"><img loading=\"lazy\" decoding=\"async\" width=\"703\" height=\"395\" class=\"wp-image-8504\" style=\"width: 110px\" src=\"https:\/\/ent2d.ac-bordeaux.fr\/disciplines\/eps\/wp-content\/uploads\/sites\/33\/2024\/12\/Sabonner-clic.png\" alt=\"\" srcset=\"https:\/\/ent2d.ac-bordeaux.fr\/disciplines\/eps\/wp-content\/uploads\/sites\/33\/2024\/12\/Sabonner-clic.png 703w, https:\/\/ent2d.ac-bordeaux.fr\/disciplines\/eps\/wp-content\/uploads\/sites\/33\/2024\/12\/Sabonner-clic-300x169.png 300w\" sizes=\"auto, (max-width: 703px) 100vw, 703px\" \/><\/a><br><br><strong>29 janvier de 9h30 \u00e0 16h30 <\/strong><br>Coll\u00e8ge Dussarat et Piscine Aquae (Dax)<br><img loading=\"lazy\" decoding=\"async\" width=\"703\" height=\"395\" class=\"wp-image-8434\" style=\"width: 110px\" src=\"https:\/\/ent2d.ac-bordeaux.fr\/disciplines\/eps\/wp-content\/uploads\/sites\/33\/2024\/10\/Preinscriptions-terminees.png\" alt=\"\" srcset=\"https:\/\/ent2d.ac-bordeaux.fr\/disciplines\/eps\/wp-content\/uploads\/sites\/33\/2024\/10\/Preinscriptions-terminees.png 703w, https:\/\/ent2d.ac-bordeaux.fr\/disciplines\/eps\/wp-content\/uploads\/sites\/33\/2024\/10\/Preinscriptions-terminees-300x169.png 300w\" sizes=\"auto, (max-width: 703px) 100vw, 703px\" \/> <br><\/h2>\n<\/div>\n<\/div>\n<\/div>\n<\/div>\n\n\n\n<p style=\"font-size:3px\"><\/p>\n\n\n\n<div class=\"wp-block-columns is-layout-flex wp-container-core-columns-is-layout-28f84493 wp-block-columns-is-layout-flex\">\n<div class=\"wp-block-column is-layout-flow wp-block-column-is-layout-flow\">\n<div class=\"wp-block-columns has-border-color has-vivid-cyan-blue-border-color is-layout-flex wp-container-core-columns-is-layout-28f84493 wp-block-columns-is-layout-flex\" style=\"border-style:solid;border-width:3px\">\n<div class=\"wp-block-column is-layout-flow wp-block-column-is-layout-flow\" style=\"flex-basis:100%\">\n<h2 class=\"wp-block-heading has-text-align-center\" style=\"font-size:15px\"><br><em>A destination des enseignants de coll\u00e8ge de Dordogne<\/em><\/h2>\n\n\n\n<h2 class=\"wp-block-heading has-text-align-center has-medium-font-size\"><strong>CA 3 &#8211; DANSE<\/strong> <\/h2>\n\n\n\n<h2 class=\"wp-block-heading has-text-align-center has-small-font-size\">Construire et mettre en \u0153uvre le processus de cr\u00e9ation artistique<\/h2>\n\n\n\n<h2 class=\"wp-block-heading has-text-align-center has-small-font-size\"><a href=\"https:\/\/portailrh.ac-bordeaux.fr\/sofia-fmo-acad\/default\/extmodule\/subscriptionadd\/extModuleId\/72598\/tab\/trainee\/pill\/individualTrainingPlan\" target=\"_blank\" rel=\"noreferrer noopener\"><img loading=\"lazy\" decoding=\"async\" width=\"703\" height=\"395\" class=\"wp-image-8504\" style=\"width: 110px\" src=\"https:\/\/ent2d.ac-bordeaux.fr\/disciplines\/eps\/wp-content\/uploads\/sites\/33\/2024\/12\/Sabonner-clic.png\" alt=\"\" srcset=\"https:\/\/ent2d.ac-bordeaux.fr\/disciplines\/eps\/wp-content\/uploads\/sites\/33\/2024\/12\/Sabonner-clic.png 703w, https:\/\/ent2d.ac-bordeaux.fr\/disciplines\/eps\/wp-content\/uploads\/sites\/33\/2024\/12\/Sabonner-clic-300x169.png 300w\" sizes=\"auto, (max-width: 703px) 100vw, 703px\" \/><\/a><br><a href=\"https:\/\/portailrh.ac-bordeaux.fr\/sofia-fmo-acad\/default\/extmodule\/subscriptionadd\/extModuleId\/67262\/tab\/trainee\/pill\/individualTrainingPlan\" target=\"_blank\" rel=\"noreferrer noopener\"><\/a><\/h2>\n<\/div>\n<\/div>\n<\/div>\n\n\n\n<div class=\"wp-block-column is-layout-flow wp-block-column-is-layout-flow\">\n<div class=\"wp-block-columns has-border-color has-vivid-cyan-blue-border-color is-layout-flex wp-container-core-columns-is-layout-28f84493 wp-block-columns-is-layout-flex\" style=\"border-style:solid;border-width:3px\">\n<div class=\"wp-block-column is-layout-flow wp-block-column-is-layout-flow\" style=\"flex-basis:100%\">\n<h2 class=\"wp-block-heading has-text-align-center\" style=\"font-size:15px\"><br><em>A destination des enseignants de coll\u00e8ge de Gironde<\/em><\/h2>\n\n\n\n<h2 class=\"wp-block-heading has-text-align-center has-medium-font-size\"><strong>CA 3 &#8211; DANSE<\/strong> <\/h2>\n\n\n\n<h2 class=\"wp-block-heading has-text-align-center has-small-font-size\">Construire et mettre en \u0153uvre le processus de cr\u00e9ation artistique<\/h2>\n\n\n\n<h2 class=\"wp-block-heading has-text-align-center has-small-font-size\"><a href=\"https:\/\/portailrh.ac-bordeaux.fr\/sofia-fmo-acad\/default\/extmodule\/subscriptionadd\/extModuleId\/72599\/tab\/trainee\/pill\/individualTrainingPlan\" target=\"_blank\" rel=\"noreferrer noopener\"><img loading=\"lazy\" decoding=\"async\" width=\"703\" height=\"395\" class=\"wp-image-8504\" style=\"width: 110px\" src=\"https:\/\/ent2d.ac-bordeaux.fr\/disciplines\/eps\/wp-content\/uploads\/sites\/33\/2024\/12\/Sabonner-clic.png\" alt=\"\" srcset=\"https:\/\/ent2d.ac-bordeaux.fr\/disciplines\/eps\/wp-content\/uploads\/sites\/33\/2024\/12\/Sabonner-clic.png 703w, https:\/\/ent2d.ac-bordeaux.fr\/disciplines\/eps\/wp-content\/uploads\/sites\/33\/2024\/12\/Sabonner-clic-300x169.png 300w\" sizes=\"auto, (max-width: 703px) 100vw, 703px\" \/><\/a><br><br><strong>Jeudi 19 mars de 9h -16h30 <\/strong><br>Coll\u00e8ge Cassignol (Bordeaux)<br><a href=\"https:\/\/portailrh.ac-bordeaux.fr\/sofia-fmo-acad\/default\/session\/preregistrationadd\/globalSessionId\/95623\/tab\/trainee\/pill\/individualTrainingPlan\/infos\/72599|01|S1|2026-03-19_09:00:00|2026-03-19_16:30:00\" data-type=\"link\" data-id=\"https:\/\/portailrh.ac-bordeaux.fr\/sofia-fmo-acad\/default\/session\/preregistrationadd\/globalSessionId\/91378\/tab\/trainee\/pill\/individualTrainingPlan\/infos\/72693|01|S1|2026-01-26_09:00:00|2026-01-26_16:30:00\" target=\"_blank\" rel=\"noreferrer noopener\"><img loading=\"lazy\" decoding=\"async\" width=\"703\" height=\"395\" class=\"wp-image-8434\" style=\"width: 110px\" src=\"https:\/\/ent2d.ac-bordeaux.fr\/disciplines\/eps\/wp-content\/uploads\/sites\/33\/2024\/10\/Preinscriptions-terminees.png\" alt=\"\" srcset=\"https:\/\/ent2d.ac-bordeaux.fr\/disciplines\/eps\/wp-content\/uploads\/sites\/33\/2024\/10\/Preinscriptions-terminees.png 703w, https:\/\/ent2d.ac-bordeaux.fr\/disciplines\/eps\/wp-content\/uploads\/sites\/33\/2024\/10\/Preinscriptions-terminees-300x169.png 300w\" sizes=\"auto, (max-width: 703px) 100vw, 703px\" \/><\/a> <br><em>avant le 2 f\u00e9vrier<\/em><br><br><strong>Vendredi 3 avril de 9h -16h30 <\/strong><br>Coll\u00e8ge Emile Durkheim (Peujard)<br><a href=\"https:\/\/portailrh.ac-bordeaux.fr\/sofia-fmo-acad\/default\/session\/preregistrationadd\/globalSessionId\/95940\/tab\/trainee\/pill\/individualTrainingPlan\/infos\/72599|02|S1|2026-04-03_09:00:00|2026-04-03_16:30:00\" data-type=\"link\" data-id=\"https:\/\/portailrh.ac-bordeaux.fr\/sofia-fmo-acad\/default\/session\/preregistrationadd\/globalSessionId\/91378\/tab\/trainee\/pill\/individualTrainingPlan\/infos\/72693|01|S1|2026-01-26_09:00:00|2026-01-26_16:30:00\" target=\"_blank\" rel=\"noreferrer noopener\"><img loading=\"lazy\" decoding=\"async\" width=\"703\" height=\"395\" class=\"wp-image-8434\" style=\"width: 110px\" src=\"https:\/\/ent2d.ac-bordeaux.fr\/disciplines\/eps\/wp-content\/uploads\/sites\/33\/2024\/10\/Preinscriptions-terminees.png\" alt=\"\" srcset=\"https:\/\/ent2d.ac-bordeaux.fr\/disciplines\/eps\/wp-content\/uploads\/sites\/33\/2024\/10\/Preinscriptions-terminees.png 703w, https:\/\/ent2d.ac-bordeaux.fr\/disciplines\/eps\/wp-content\/uploads\/sites\/33\/2024\/10\/Preinscriptions-terminees-300x169.png 300w\" sizes=\"auto, (max-width: 703px) 100vw, 703px\" \/><\/a> <br><em>avant le 4 f\u00e9vrier<\/em><br><br><strong>Vendredi 29 mai 2026 de 9h \u00e0 16h30<\/strong> <br>Coll\u00e8ge Manon Cormier (Bassens)<br><a href=\"https:\/\/portailrh.ac-bordeaux.fr\/sofia-fmo-acad\/default\/session\/preregistrationadd\/globalSessionId\/98487\/tab\/trainee\/pill\/individualTrainingPlan\/infos\/72599|03|S1|2026-05-29_09:00:00|2026-05-29_16:30:00\" target=\"_blank\" rel=\"noreferrer noopener\"><img loading=\"lazy\" decoding=\"async\" width=\"703\" height=\"395\" class=\"wp-image-8497\" style=\"width: 110px\" src=\"https:\/\/ent2d.ac-bordeaux.fr\/disciplines\/eps\/wp-content\/uploads\/sites\/33\/2024\/12\/3.png\" alt=\"\" srcset=\"https:\/\/ent2d.ac-bordeaux.fr\/disciplines\/eps\/wp-content\/uploads\/sites\/33\/2024\/12\/3.png 703w, https:\/\/ent2d.ac-bordeaux.fr\/disciplines\/eps\/wp-content\/uploads\/sites\/33\/2024\/12\/3-300x169.png 300w\" sizes=\"auto, (max-width: 703px) 100vw, 703px\" \/><\/a><br><em>avant le 18 avril 2026<\/em><a href=\"https:\/\/portailrh.ac-bordeaux.fr\/sofia-fmo-acad\/default\/extmodule\/subscriptionadd\/extModuleId\/67262\/tab\/trainee\/pill\/individualTrainingPlan\" target=\"_blank\" rel=\"noreferrer noopener\"><\/a><\/h2>\n<\/div>\n<\/div>\n<\/div>\n\n\n\n<div class=\"wp-block-column is-layout-flow wp-block-column-is-layout-flow\">\n<div class=\"wp-block-columns has-border-color has-vivid-cyan-blue-border-color is-layout-flex wp-container-core-columns-is-layout-28f84493 wp-block-columns-is-layout-flex\" style=\"border-style:solid;border-width:3px\">\n<div class=\"wp-block-column is-layout-flow wp-block-column-is-layout-flow\" style=\"flex-basis:100%\">\n<h2 class=\"wp-block-heading has-text-align-center\" style=\"font-size:15px\"><br><em>A destination des enseignants de coll\u00e8ge des Landes <\/em><\/h2>\n\n\n\n<h2 class=\"wp-block-heading has-text-align-center has-medium-font-size\"><strong>CA 3 &#8211; DANSE<\/strong><\/h2>\n\n\n\n<h2 class=\"wp-block-heading has-text-align-center has-small-font-size\">Construire et mettre en \u0153uvre le processus de cr\u00e9ation artistique<\/h2>\n\n\n\n<h2 class=\"wp-block-heading has-text-align-center has-small-font-size\"><a href=\"https:\/\/portailrh.ac-bordeaux.fr\/sofia-fmo-acad\/default\/extmodule\/subscriptionadd\/extModuleId\/72600\/tab\/trainee\/pill\/individualTrainingPlan\" target=\"_blank\" rel=\"noreferrer noopener\"><img loading=\"lazy\" decoding=\"async\" width=\"703\" height=\"395\" class=\"wp-image-8504\" style=\"width: 110px\" src=\"https:\/\/ent2d.ac-bordeaux.fr\/disciplines\/eps\/wp-content\/uploads\/sites\/33\/2024\/12\/Sabonner-clic.png\" alt=\"\" srcset=\"https:\/\/ent2d.ac-bordeaux.fr\/disciplines\/eps\/wp-content\/uploads\/sites\/33\/2024\/12\/Sabonner-clic.png 703w, https:\/\/ent2d.ac-bordeaux.fr\/disciplines\/eps\/wp-content\/uploads\/sites\/33\/2024\/12\/Sabonner-clic-300x169.png 300w\" sizes=\"auto, (max-width: 703px) 100vw, 703px\" \/><\/a><br><br><strong>Mardi 28 avril de 9h -17h (<span style=\"text-decoration: underline\">formation niveau 1<\/span>)<\/strong><br>La Marensine (Soustons)<br><a href=\"https:\/\/portailrh.ac-bordeaux.fr\/sofia-fmo-acad\/default\/session\/preregistrationadd\/globalSessionId\/95942\/tab\/trainee\/pill\/individualTrainingPlan\/infos\/72594|01|S1|2026-03-31_09:00:00|2026-03-31_16:00:00\" data-type=\"link\" data-id=\"https:\/\/portailrh.ac-bordeaux.fr\/sofia-fmo-acad\/default\/session\/preregistrationadd\/globalSessionId\/91378\/tab\/trainee\/pill\/individualTrainingPlan\/infos\/72693|01|S1|2026-01-26_09:00:00|2026-01-26_16:30:00\" target=\"_blank\" rel=\"noreferrer noopener\"><img loading=\"lazy\" decoding=\"async\" width=\"703\" height=\"395\" class=\"wp-image-8434\" style=\"width: 110px\" src=\"https:\/\/ent2d.ac-bordeaux.fr\/disciplines\/eps\/wp-content\/uploads\/sites\/33\/2024\/10\/Preinscriptions-terminees.png\" alt=\"\" srcset=\"https:\/\/ent2d.ac-bordeaux.fr\/disciplines\/eps\/wp-content\/uploads\/sites\/33\/2024\/10\/Preinscriptions-terminees.png 703w, https:\/\/ent2d.ac-bordeaux.fr\/disciplines\/eps\/wp-content\/uploads\/sites\/33\/2024\/10\/Preinscriptions-terminees-300x169.png 300w\" sizes=\"auto, (max-width: 703px) 100vw, 703px\" \/><\/a><br><br><strong>Vendredi 24 avril de 9h -17h (<span style=\"text-decoration: underline\">formation niveau 2<\/span>)<\/strong><br>Halle de l&#8217;universit\u00e9 (Pau)<br><a href=\"https:\/\/portailrh.ac-bordeaux.fr\/sofia-fmo-acad\/default\/session\/preregistrationadd\/globalSessionId\/95942\/tab\/trainee\/pill\/individualTrainingPlan\/infos\/72594|01|S1|2026-03-31_09:00:00|2026-03-31_16:00:00\" data-type=\"link\" data-id=\"https:\/\/portailrh.ac-bordeaux.fr\/sofia-fmo-acad\/default\/session\/preregistrationadd\/globalSessionId\/91378\/tab\/trainee\/pill\/individualTrainingPlan\/infos\/72693|01|S1|2026-01-26_09:00:00|2026-01-26_16:30:00\" target=\"_blank\" rel=\"noreferrer noopener\"><img loading=\"lazy\" decoding=\"async\" width=\"703\" height=\"395\" class=\"wp-image-8434\" style=\"width: 110px\" src=\"https:\/\/ent2d.ac-bordeaux.fr\/disciplines\/eps\/wp-content\/uploads\/sites\/33\/2024\/10\/Preinscriptions-terminees.png\" alt=\"\" srcset=\"https:\/\/ent2d.ac-bordeaux.fr\/disciplines\/eps\/wp-content\/uploads\/sites\/33\/2024\/10\/Preinscriptions-terminees.png 703w, https:\/\/ent2d.ac-bordeaux.fr\/disciplines\/eps\/wp-content\/uploads\/sites\/33\/2024\/10\/Preinscriptions-terminees-300x169.png 300w\" sizes=\"auto, (max-width: 703px) 100vw, 703px\" \/><\/a><br><a href=\"https:\/\/portailrh.ac-bordeaux.fr\/sofia-fmo-acad\/default\/extmodule\/subscriptionadd\/extModuleId\/67262\/tab\/trainee\/pill\/individualTrainingPlan\" target=\"_blank\" rel=\"noreferrer noopener\"><\/a><\/h2>\n<\/div>\n<\/div>\n<\/div>\n<\/div>\n\n\n\n<p style=\"font-size:3px\"><\/p>\n\n\n\n<div class=\"wp-block-columns is-layout-flex wp-container-core-columns-is-layout-28f84493 wp-block-columns-is-layout-flex\">\n<div class=\"wp-block-column is-layout-flow wp-block-column-is-layout-flow\">\n<div class=\"wp-block-columns has-border-color has-vivid-cyan-blue-border-color is-layout-flex wp-container-core-columns-is-layout-28f84493 wp-block-columns-is-layout-flex\" style=\"border-style:solid;border-width:3px\">\n<div class=\"wp-block-column is-layout-flow wp-block-column-is-layout-flow\" style=\"flex-basis:100%\">\n<h2 class=\"wp-block-heading has-text-align-center\" style=\"font-size:15px\"><br><em>A destination des enseignants de coll\u00e8ge du Lot-et-Garonne<\/em><\/h2>\n\n\n\n<h2 class=\"wp-block-heading has-text-align-center has-medium-font-size\"><strong><strong>CA 3 &#8211; DANSE<\/strong><\/strong><\/h2>\n\n\n\n<h2 class=\"wp-block-heading has-text-align-center has-small-font-size\">Construire et mettre en \u0153uvre le processus de cr\u00e9ation artistique<\/h2>\n\n\n\n<h2 class=\"wp-block-heading has-text-align-center has-small-font-size\"><a href=\"https:\/\/portailrh.ac-bordeaux.fr\/sofia-fmo-acad\/default\/extmodule\/subscriptionadd\/extModuleId\/72601\/tab\/trainee\/pill\/individualTrainingPlan\" target=\"_blank\" rel=\"noreferrer noopener\"><img loading=\"lazy\" decoding=\"async\" width=\"703\" height=\"395\" class=\"wp-image-8504\" style=\"width: 110px\" src=\"https:\/\/ent2d.ac-bordeaux.fr\/disciplines\/eps\/wp-content\/uploads\/sites\/33\/2024\/12\/Sabonner-clic.png\" alt=\"\" srcset=\"https:\/\/ent2d.ac-bordeaux.fr\/disciplines\/eps\/wp-content\/uploads\/sites\/33\/2024\/12\/Sabonner-clic.png 703w, https:\/\/ent2d.ac-bordeaux.fr\/disciplines\/eps\/wp-content\/uploads\/sites\/33\/2024\/12\/Sabonner-clic-300x169.png 300w\" sizes=\"auto, (max-width: 703px) 100vw, 703px\" \/><\/a><br><br><a href=\"https:\/\/portailrh.ac-bordeaux.fr\/sofia-fmo-acad\/default\/extmodule\/subscriptionadd\/extModuleId\/67262\/tab\/trainee\/pill\/individualTrainingPlan\" target=\"_blank\" rel=\"noreferrer noopener\"><\/a><\/h2>\n<\/div>\n<\/div>\n<\/div>\n\n\n\n<div class=\"wp-block-column is-layout-flow wp-block-column-is-layout-flow\">\n<div class=\"wp-block-columns has-border-color has-vivid-cyan-blue-border-color is-layout-flex wp-container-core-columns-is-layout-28f84493 wp-block-columns-is-layout-flex\" style=\"border-style:solid;border-width:3px\">\n<div class=\"wp-block-column is-layout-flow wp-block-column-is-layout-flow\" style=\"flex-basis:100%\">\n<h2 class=\"wp-block-heading has-text-align-center\" style=\"font-size:15px\"><br><em>A destination des enseignants de coll\u00e8ge des Pyr\u00e9n\u00e9es Atlantiques<\/em><\/h2>\n\n\n\n<h2 class=\"wp-block-heading has-text-align-center\" style=\"font-size:20px\"><strong><strong>CA 3 &#8211; DANSE<\/strong><\/strong><\/h2>\n\n\n\n<h2 class=\"wp-block-heading has-text-align-center has-small-font-size\">Construire et mettre en \u0153uvre le processus de cr\u00e9ation artistique<\/h2>\n\n\n\n<h2 class=\"wp-block-heading has-text-align-center has-small-font-size\"><a href=\"https:\/\/portailrh.ac-bordeaux.fr\/sofia-fmo-acad\/default\/extmodule\/subscriptionadd\/extModuleId\/72602\/tab\/trainee\/pill\/individualTrainingPlan\" target=\"_blank\" rel=\"noreferrer noopener\"><img loading=\"lazy\" decoding=\"async\" width=\"703\" height=\"395\" class=\"wp-image-8504\" style=\"width: 110px\" src=\"https:\/\/ent2d.ac-bordeaux.fr\/disciplines\/eps\/wp-content\/uploads\/sites\/33\/2024\/12\/Sabonner-clic.png\" alt=\"\" srcset=\"https:\/\/ent2d.ac-bordeaux.fr\/disciplines\/eps\/wp-content\/uploads\/sites\/33\/2024\/12\/Sabonner-clic.png 703w, https:\/\/ent2d.ac-bordeaux.fr\/disciplines\/eps\/wp-content\/uploads\/sites\/33\/2024\/12\/Sabonner-clic-300x169.png 300w\" sizes=\"auto, (max-width: 703px) 100vw, 703px\" \/><\/a><br><br><strong>Mardi 10 m<strong>a<\/strong>rs de 9h30 -16h30 <\/strong><br>Halle de l&#8217;universit\u00e9 (Pau) <br><a href=\"https:\/\/portailrh.ac-bordeaux.fr\/sofia-fmo-acad\/default\/session\/preregistrationadd\/globalSessionId\/96121\/tab\/trainee\/pill\/individualTrainingPlan\/infos\/72602%7C01%7CS1%7C2026-03-10_09:30:00%7C2026-03-10_16:30:00\" data-type=\"link\" data-id=\"https:\/\/portailrh.ac-bordeaux.fr\/sofia-fmo-acad\/default\/session\/preregistrationadd\/globalSessionId\/91378\/tab\/trainee\/pill\/individualTrainingPlan\/infos\/72693|01|S1|2026-01-26_09:00:00|2026-01-26_16:30:00\" target=\"_blank\" rel=\"noreferrer noopener\"><img loading=\"lazy\" decoding=\"async\" width=\"703\" height=\"395\" class=\"wp-image-8434\" style=\"width: 110px\" src=\"https:\/\/ent2d.ac-bordeaux.fr\/disciplines\/eps\/wp-content\/uploads\/sites\/33\/2024\/10\/Preinscriptions-terminees.png\" alt=\"\" srcset=\"https:\/\/ent2d.ac-bordeaux.fr\/disciplines\/eps\/wp-content\/uploads\/sites\/33\/2024\/10\/Preinscriptions-terminees.png 703w, https:\/\/ent2d.ac-bordeaux.fr\/disciplines\/eps\/wp-content\/uploads\/sites\/33\/2024\/10\/Preinscriptions-terminees-300x169.png 300w\" sizes=\"auto, (max-width: 703px) 100vw, 703px\" \/><\/a> <br><br><strong>Vendredi 24 avril de 9h -17h (<span style=\"text-decoration: underline\">formation niveau 2<\/span>)<\/strong><br>Halle de l&#8217;universit\u00e9 (Pau)<br><a href=\"https:\/\/portailrh.ac-bordeaux.fr\/sofia-fmo-acad\/default\/session\/preregistrationadd\/globalSessionId\/95942\/tab\/trainee\/pill\/individualTrainingPlan\/infos\/72594|01|S1|2026-03-31_09:00:00|2026-03-31_16:00:00\" data-type=\"link\" data-id=\"https:\/\/portailrh.ac-bordeaux.fr\/sofia-fmo-acad\/default\/session\/preregistrationadd\/globalSessionId\/91378\/tab\/trainee\/pill\/individualTrainingPlan\/infos\/72693|01|S1|2026-01-26_09:00:00|2026-01-26_16:30:00\" target=\"_blank\" rel=\"noreferrer noopener\"><img loading=\"lazy\" decoding=\"async\" width=\"703\" height=\"395\" class=\"wp-image-8434\" style=\"width: 110px\" src=\"https:\/\/ent2d.ac-bordeaux.fr\/disciplines\/eps\/wp-content\/uploads\/sites\/33\/2024\/10\/Preinscriptions-terminees.png\" alt=\"\" srcset=\"https:\/\/ent2d.ac-bordeaux.fr\/disciplines\/eps\/wp-content\/uploads\/sites\/33\/2024\/10\/Preinscriptions-terminees.png 703w, https:\/\/ent2d.ac-bordeaux.fr\/disciplines\/eps\/wp-content\/uploads\/sites\/33\/2024\/10\/Preinscriptions-terminees-300x169.png 300w\" sizes=\"auto, (max-width: 703px) 100vw, 703px\" \/><\/a><\/h2>\n<\/div>\n<\/div>\n<\/div>\n\n\n\n<div class=\"wp-block-column is-layout-flow wp-block-column-is-layout-flow\"><\/div>\n<\/div>\n\n\n\n<p style=\"font-size:3px\"><\/p>\n\n\n\n<div class=\"wp-block-columns is-layout-flex wp-container-core-columns-is-layout-28f84493 wp-block-columns-is-layout-flex\">\n<div class=\"wp-block-column is-layout-flow wp-block-column-is-layout-flow\">\n<div class=\"wp-block-columns has-border-color has-vivid-cyan-blue-border-color is-layout-flex wp-container-core-columns-is-layout-28f84493 wp-block-columns-is-layout-flex\" style=\"border-style:solid;border-width:3px\">\n<div class=\"wp-block-column is-layout-flow wp-block-column-is-layout-flow\" style=\"flex-basis:100%\">\n<h2 class=\"wp-block-heading has-text-align-center\" style=\"font-size:15px\"><br><em>A destination des enseignants de coll\u00e8ge de Dordogne<\/em><\/h2>\n\n\n\n<h2 class=\"wp-block-heading has-text-align-center has-medium-font-size\"><strong>CA 3 &#8211; ARTS DU CIRQUE<\/strong><\/h2>\n\n\n\n<h2 class=\"wp-block-heading has-text-align-center has-small-font-size\">Construire et mettre en \u0153uvre le processus de cr\u00e9ation artistique<\/h2>\n\n\n\n<h2 class=\"wp-block-heading has-text-align-center has-small-font-size\"><a href=\"https:\/\/portailrh.ac-bordeaux.fr\/sofia-fmo-acad\/default\/extmodule\/subscriptionadd\/extModuleId\/72603\/tab\/trainee\/pill\/individualTrainingPlan\" target=\"_blank\" rel=\"noreferrer noopener\"><img loading=\"lazy\" decoding=\"async\" width=\"703\" height=\"395\" class=\"wp-image-8504\" style=\"width: 110px\" src=\"https:\/\/ent2d.ac-bordeaux.fr\/disciplines\/eps\/wp-content\/uploads\/sites\/33\/2024\/12\/Sabonner-clic.png\" alt=\"\" srcset=\"https:\/\/ent2d.ac-bordeaux.fr\/disciplines\/eps\/wp-content\/uploads\/sites\/33\/2024\/12\/Sabonner-clic.png 703w, https:\/\/ent2d.ac-bordeaux.fr\/disciplines\/eps\/wp-content\/uploads\/sites\/33\/2024\/12\/Sabonner-clic-300x169.png 300w\" sizes=\"auto, (max-width: 703px) 100vw, 703px\" \/><\/a><br><a href=\"https:\/\/portailrh.ac-bordeaux.fr\/sofia-fmo-acad\/default\/extmodule\/subscriptionadd\/extModuleId\/67267\/tab\/trainee\/pill\/individualTrainingPlan\" target=\"_blank\" rel=\"noreferrer noopener\"><\/a><\/h2>\n<\/div>\n<\/div>\n<\/div>\n\n\n\n<div class=\"wp-block-column is-layout-flow wp-block-column-is-layout-flow\">\n<div class=\"wp-block-columns has-border-color has-vivid-cyan-blue-border-color is-layout-flex wp-container-core-columns-is-layout-28f84493 wp-block-columns-is-layout-flex\" style=\"border-style:solid;border-width:3px\">\n<div class=\"wp-block-column is-layout-flow wp-block-column-is-layout-flow\" style=\"flex-basis:100%\">\n<h2 class=\"wp-block-heading has-text-align-center\" style=\"font-size:15px\"><br><em>A destination des enseignants de coll\u00e8ge  de Gironde<\/em><\/h2>\n\n\n\n<h2 class=\"wp-block-heading has-text-align-center has-medium-font-size\"><strong>CA 3 &#8211; ARTS DU CIRQUE<\/strong><\/h2>\n\n\n\n<h2 class=\"wp-block-heading has-text-align-center has-small-font-size\">Construire et mettre en \u0153uvre le processus de cr\u00e9ation artistique<br><br><a href=\"https:\/\/portailrh.ac-bordeaux.fr\/sofia-fmo-acad\/default\/extmodule\/subscriptionadd\/extModuleId\/72604\/tab\/trainee\/pill\/individualTrainingPlan\" target=\"_blank\" rel=\"noreferrer noopener\"><img loading=\"lazy\" decoding=\"async\" width=\"703\" height=\"395\" class=\"wp-image-8504\" style=\"width: 110px\" src=\"https:\/\/ent2d.ac-bordeaux.fr\/disciplines\/eps\/wp-content\/uploads\/sites\/33\/2024\/12\/Sabonner-clic.png\" alt=\"\" srcset=\"https:\/\/ent2d.ac-bordeaux.fr\/disciplines\/eps\/wp-content\/uploads\/sites\/33\/2024\/12\/Sabonner-clic.png 703w, https:\/\/ent2d.ac-bordeaux.fr\/disciplines\/eps\/wp-content\/uploads\/sites\/33\/2024\/12\/Sabonner-clic-300x169.png 300w\" sizes=\"auto, (max-width: 703px) 100vw, 703px\" \/><\/a><br><a href=\"https:\/\/portailrh.ac-bordeaux.fr\/sofia-fmo-acad\/default\/extmodule\/subscriptionadd\/extModuleId\/67267\/tab\/trainee\/pill\/individualTrainingPlan\" target=\"_blank\" rel=\"noreferrer noopener\"><\/a><\/h2>\n<\/div>\n<\/div>\n<\/div>\n\n\n\n<div class=\"wp-block-column is-layout-flow wp-block-column-is-layout-flow\">\n<div class=\"wp-block-columns has-border-color has-vivid-cyan-blue-border-color is-layout-flex wp-container-core-columns-is-layout-28f84493 wp-block-columns-is-layout-flex\" style=\"border-style:solid;border-width:3px\">\n<div class=\"wp-block-column is-layout-flow wp-block-column-is-layout-flow\" style=\"flex-basis:100%\">\n<h2 class=\"wp-block-heading has-text-align-center\" style=\"font-size:15px\"><br><em>A destination des enseignants de coll\u00e8ge des Landes<\/em><\/h2>\n\n\n\n<h5 class=\"wp-block-heading has-text-align-center has-medium-font-size\"><strong>CA 3 &#8211; ARTS DU CIRQUE<\/strong><\/h5>\n\n\n\n<h5 class=\"wp-block-heading has-text-align-center has-small-font-size\">Construire et mettre en \u0153uvre le processus de cr\u00e9ation artistique<\/h5>\n\n\n\n<h2 class=\"wp-block-heading has-text-align-center has-small-font-size\"><a href=\"https:\/\/portailrh.ac-bordeaux.fr\/sofia-fmo-acad\/default\/extmodule\/subscriptionadd\/extModuleId\/72605\/tab\/trainee\/pill\/individualTrainingPlan\" target=\"_blank\" rel=\"noreferrer noopener\"><img loading=\"lazy\" decoding=\"async\" width=\"703\" height=\"395\" class=\"wp-image-8504\" style=\"width: 110px\" src=\"https:\/\/ent2d.ac-bordeaux.fr\/disciplines\/eps\/wp-content\/uploads\/sites\/33\/2024\/12\/Sabonner-clic.png\" alt=\"\" srcset=\"https:\/\/ent2d.ac-bordeaux.fr\/disciplines\/eps\/wp-content\/uploads\/sites\/33\/2024\/12\/Sabonner-clic.png 703w, https:\/\/ent2d.ac-bordeaux.fr\/disciplines\/eps\/wp-content\/uploads\/sites\/33\/2024\/12\/Sabonner-clic-300x169.png 300w\" sizes=\"auto, (max-width: 703px) 100vw, 703px\" \/><\/a><br><br><strong>21 avril de 9h30 \u00e0 17h00<\/strong><br>Coll\u00e8ge Victor Duruy (Mont de Marsan)<br><a href=\"https:\/\/portailrh.ac-bordeaux.fr\/sofia-fmo-acad\/default\/session\/preregistrationadd\/globalSessionId\/94371\/tab\/trainee\/pill\/individualTrainingPlan\/infos\/72609|02|S1|2026-02-23_09:00:00|2026-02-23_16:00\" data-type=\"link\" data-id=\"https:\/\/portailrh.ac-bordeaux.fr\/sofia-fmo-acad\/default\/session\/preregistrationadd\/globalSessionId\/94371\/tab\/trainee\/pill\/individualTrainingPlan\/infos\/72609|02|S1|2026-02-23_09:00:00|2026-02-23_16:00\" target=\"_blank\" rel=\"noreferrer noopener\"><\/a><a href=\"https:\/\/portailrh.ac-bordeaux.fr\/sofia-fmo-acad\/default\/session\/preregistrationadd\/globalSessionId\/95942\/tab\/trainee\/pill\/individualTrainingPlan\/infos\/72594|01|S1|2026-03-31_09:00:00|2026-03-31_16:00:00\" data-type=\"link\" data-id=\"https:\/\/portailrh.ac-bordeaux.fr\/sofia-fmo-acad\/default\/session\/preregistrationadd\/globalSessionId\/91378\/tab\/trainee\/pill\/individualTrainingPlan\/infos\/72693|01|S1|2026-01-26_09:00:00|2026-01-26_16:30:00\" target=\"_blank\" rel=\"noreferrer noopener\"><img loading=\"lazy\" decoding=\"async\" width=\"703\" height=\"395\" class=\"wp-image-8434\" style=\"width: 110px\" src=\"https:\/\/ent2d.ac-bordeaux.fr\/disciplines\/eps\/wp-content\/uploads\/sites\/33\/2024\/10\/Preinscriptions-terminees.png\" alt=\"\" srcset=\"https:\/\/ent2d.ac-bordeaux.fr\/disciplines\/eps\/wp-content\/uploads\/sites\/33\/2024\/10\/Preinscriptions-terminees.png 703w, https:\/\/ent2d.ac-bordeaux.fr\/disciplines\/eps\/wp-content\/uploads\/sites\/33\/2024\/10\/Preinscriptions-terminees-300x169.png 300w\" sizes=\"auto, (max-width: 703px) 100vw, 703px\" \/><\/a><br><a href=\"https:\/\/portailrh.ac-bordeaux.fr\/sofia-fmo-acad\/default\/session\/preregistrationadd\/globalSessionId\/79009\/tab\/trainee\/pill\/individualTrainingPlan\/infos\/67268|01|S1|2025-03-28_09:00:00|2025-03-28_16:00:00\" target=\"_blank\" rel=\"noreferrer noopener\"><\/a><\/h2>\n<\/div>\n<\/div>\n<\/div>\n<\/div>\n\n\n\n<p style=\"font-size:3px\"><\/p>\n\n\n\n<div class=\"wp-block-columns is-layout-flex wp-container-core-columns-is-layout-28f84493 wp-block-columns-is-layout-flex\">\n<div class=\"wp-block-column is-layout-flow wp-block-column-is-layout-flow\">\n<div class=\"wp-block-columns has-border-color has-vivid-cyan-blue-border-color is-layout-flex wp-container-core-columns-is-layout-28f84493 wp-block-columns-is-layout-flex\" style=\"border-style:solid;border-width:3px\">\n<div class=\"wp-block-column is-layout-flow wp-block-column-is-layout-flow\" style=\"flex-basis:100%\">\n<h2 class=\"wp-block-heading has-text-align-center\" style=\"font-size:15px\"><br><em>A destination des enseignants de coll\u00e8ge du Lot-et-Garonne<\/em><\/h2>\n\n\n\n<h2 class=\"wp-block-heading has-text-align-center has-medium-font-size\"><strong>CA 3 &#8211; ARTS DU CIRQUE <\/strong><\/h2>\n\n\n\n<h2 class=\"wp-block-heading has-text-align-center has-small-font-size\">Construire et mettre en \u0153uvre le processus de cr\u00e9ation artistique<\/h2>\n\n\n\n<h2 class=\"wp-block-heading has-text-align-center has-small-font-size\"><a href=\"https:\/\/portailrh.ac-bordeaux.fr\/sofia-fmo-acad\/default\/extmodule\/subscriptionadd\/extModuleId\/72606\/tab\/trainee\/pill\/individualTrainingPlan\" target=\"_blank\" rel=\"noreferrer noopener\"><img loading=\"lazy\" decoding=\"async\" width=\"703\" height=\"395\" class=\"wp-image-8504\" style=\"width: 110px\" src=\"https:\/\/ent2d.ac-bordeaux.fr\/disciplines\/eps\/wp-content\/uploads\/sites\/33\/2024\/12\/Sabonner-clic.png\" alt=\"\" srcset=\"https:\/\/ent2d.ac-bordeaux.fr\/disciplines\/eps\/wp-content\/uploads\/sites\/33\/2024\/12\/Sabonner-clic.png 703w, https:\/\/ent2d.ac-bordeaux.fr\/disciplines\/eps\/wp-content\/uploads\/sites\/33\/2024\/12\/Sabonner-clic-300x169.png 300w\" sizes=\"auto, (max-width: 703px) 100vw, 703px\" \/><\/a><br><a href=\"https:\/\/portailrh.ac-bordeaux.fr\/sofia-fmo-acad\/default\/extmodule\/subscriptionadd\/extModuleId\/67267\/tab\/trainee\/pill\/individualTrainingPlan\" target=\"_blank\" rel=\"noreferrer noopener\"><\/a><\/h2>\n<\/div>\n<\/div>\n<\/div>\n\n\n\n<div class=\"wp-block-column is-layout-flow wp-block-column-is-layout-flow\">\n<div class=\"wp-block-columns has-border-color has-vivid-cyan-blue-border-color is-layout-flex wp-container-core-columns-is-layout-28f84493 wp-block-columns-is-layout-flex\" style=\"border-style:solid;border-width:3px\">\n<div class=\"wp-block-column is-layout-flow wp-block-column-is-layout-flow\" style=\"flex-basis:100%\">\n<h2 class=\"wp-block-heading has-text-align-center\" style=\"font-size:15px\"><br><em>A destination des enseignants de coll\u00e8ge des Pyr\u00e9n\u00e9es Atlantiques<\/em><\/h2>\n\n\n\n<h2 class=\"wp-block-heading has-text-align-center has-medium-font-size\"><strong>CA 3 &#8211; ARTS DU CIRQUE<\/strong><\/h2>\n\n\n\n<h2 class=\"wp-block-heading has-text-align-center has-small-font-size\">Construire et mettre en \u0153uvre le processus de cr\u00e9ation artistique<\/h2>\n\n\n\n<h2 class=\"wp-block-heading has-text-align-center has-small-font-size\"><a href=\"https:\/\/portailrh.ac-bordeaux.fr\/sofia-fmo-acad\/default\/extmodule\/subscriptionadd\/extModuleId\/72607\/tab\/trainee\/pill\/individualTrainingPlan\" target=\"_blank\" rel=\"noreferrer noopener\"><img loading=\"lazy\" decoding=\"async\" width=\"703\" height=\"395\" class=\"wp-image-8504\" style=\"width: 110px\" src=\"https:\/\/ent2d.ac-bordeaux.fr\/disciplines\/eps\/wp-content\/uploads\/sites\/33\/2024\/12\/Sabonner-clic.png\" alt=\"\" srcset=\"https:\/\/ent2d.ac-bordeaux.fr\/disciplines\/eps\/wp-content\/uploads\/sites\/33\/2024\/12\/Sabonner-clic.png 703w, https:\/\/ent2d.ac-bordeaux.fr\/disciplines\/eps\/wp-content\/uploads\/sites\/33\/2024\/12\/Sabonner-clic-300x169.png 300w\" sizes=\"auto, (max-width: 703px) 100vw, 703px\" \/><\/a><br><br><strong>20 avril de 9h30 \u00e0 17h00<\/strong><br>Coll\u00e8ge La Hourquie (Morlaas)<br><a href=\"https:\/\/portailrh.ac-bordeaux.fr\/sofia-fmo-acad\/default\/session\/preregistrationadd\/globalSessionId\/94371\/tab\/trainee\/pill\/individualTrainingPlan\/infos\/72609|02|S1|2026-02-23_09:00:00|2026-02-23_16:00\" data-type=\"link\" data-id=\"https:\/\/portailrh.ac-bordeaux.fr\/sofia-fmo-acad\/default\/session\/preregistrationadd\/globalSessionId\/94371\/tab\/trainee\/pill\/individualTrainingPlan\/infos\/72609|02|S1|2026-02-23_09:00:00|2026-02-23_16:00\" target=\"_blank\" rel=\"noreferrer noopener\"><\/a><a href=\"https:\/\/portailrh.ac-bordeaux.fr\/sofia-fmo-acad\/default\/session\/preregistrationadd\/globalSessionId\/95942\/tab\/trainee\/pill\/individualTrainingPlan\/infos\/72594|01|S1|2026-03-31_09:00:00|2026-03-31_16:00:00\" data-type=\"link\" data-id=\"https:\/\/portailrh.ac-bordeaux.fr\/sofia-fmo-acad\/default\/session\/preregistrationadd\/globalSessionId\/91378\/tab\/trainee\/pill\/individualTrainingPlan\/infos\/72693|01|S1|2026-01-26_09:00:00|2026-01-26_16:30:00\" target=\"_blank\" rel=\"noreferrer noopener\"><img loading=\"lazy\" decoding=\"async\" width=\"703\" height=\"395\" class=\"wp-image-8434\" style=\"width: 110px\" src=\"https:\/\/ent2d.ac-bordeaux.fr\/disciplines\/eps\/wp-content\/uploads\/sites\/33\/2024\/10\/Preinscriptions-terminees.png\" alt=\"\" srcset=\"https:\/\/ent2d.ac-bordeaux.fr\/disciplines\/eps\/wp-content\/uploads\/sites\/33\/2024\/10\/Preinscriptions-terminees.png 703w, https:\/\/ent2d.ac-bordeaux.fr\/disciplines\/eps\/wp-content\/uploads\/sites\/33\/2024\/10\/Preinscriptions-terminees-300x169.png 300w\" sizes=\"auto, (max-width: 703px) 100vw, 703px\" \/><\/a><br><a href=\"https:\/\/portailrh.ac-bordeaux.fr\/sofia-fmo-acad\/default\/extmodule\/subscriptionadd\/extModuleId\/67267\/tab\/trainee\/pill\/individualTrainingPlan\" target=\"_blank\" rel=\"noreferrer noopener\"><\/a><\/h2>\n<\/div>\n<\/div>\n<\/div>\n\n\n\n<div class=\"wp-block-column is-layout-flow wp-block-column-is-layout-flow\"><\/div>\n<\/div>\n\n\n\n<p style=\"font-size:3px\"><\/p>\n\n\n\n<div class=\"wp-block-columns is-layout-flex wp-container-core-columns-is-layout-28f84493 wp-block-columns-is-layout-flex\">\n<div class=\"wp-block-column is-layout-flow wp-block-column-is-layout-flow\">\n<div class=\"wp-block-columns has-border-color has-vivid-cyan-blue-border-color is-layout-flex wp-container-core-columns-is-layout-28f84493 wp-block-columns-is-layout-flex\" style=\"border-style:solid;border-width:3px\">\n<div class=\"wp-block-column is-layout-flow wp-block-column-is-layout-flow\" style=\"flex-basis:100%\">\n<h2 class=\"wp-block-heading has-text-align-center\" style=\"font-size:15px\"><br><em>A destination des enseignants de coll\u00e8ge de Dordogne<\/em><\/h2>\n\n\n\n<h2 class=\"wp-block-heading has-text-align-center has-medium-font-size\"><strong><strong>CA 4 &#8211; VOLLEY-BALL<\/strong><\/strong><\/h2>\n\n\n\n<h2 class=\"wp-block-heading has-text-align-center has-small-font-size\"><a href=\"https:\/\/portailrh.ac-bordeaux.fr\/sofia-fmo-acad\/default\/extmodule\/subscriptionadd\/extModuleId\/72608\/tab\/trainee\/pill\/individualTrainingPlan\" target=\"_blank\" rel=\"noreferrer noopener\"><img loading=\"lazy\" decoding=\"async\" width=\"703\" height=\"395\" class=\"wp-image-8504\" style=\"width: 110px\" src=\"https:\/\/ent2d.ac-bordeaux.fr\/disciplines\/eps\/wp-content\/uploads\/sites\/33\/2024\/12\/Sabonner-clic.png\" alt=\"\" srcset=\"https:\/\/ent2d.ac-bordeaux.fr\/disciplines\/eps\/wp-content\/uploads\/sites\/33\/2024\/12\/Sabonner-clic.png 703w, https:\/\/ent2d.ac-bordeaux.fr\/disciplines\/eps\/wp-content\/uploads\/sites\/33\/2024\/12\/Sabonner-clic-300x169.png 300w\" sizes=\"auto, (max-width: 703px) 100vw, 703px\" \/><\/a><br><br><strong>27 mars de 9h00 \u00e0 16h00<\/strong><br>Coll\u00e8ge Arnaud Daniel (Rib\u00e9rac)<br><a href=\"https:\/\/portailrh.ac-bordeaux.fr\/sofia-fmo-acad\/default\/session\/preregistrationadd\/globalSessionId\/94371\/tab\/trainee\/pill\/individualTrainingPlan\/infos\/72609|02|S1|2026-02-23_09:00:00|2026-02-23_16:00\" data-type=\"link\" data-id=\"https:\/\/portailrh.ac-bordeaux.fr\/sofia-fmo-acad\/default\/session\/preregistrationadd\/globalSessionId\/94371\/tab\/trainee\/pill\/individualTrainingPlan\/infos\/72609|02|S1|2026-02-23_09:00:00|2026-02-23_16:00\" target=\"_blank\" rel=\"noreferrer noopener\"><img loading=\"lazy\" decoding=\"async\" width=\"703\" height=\"395\" class=\"wp-image-8434\" style=\"width: 110px\" src=\"https:\/\/ent2d.ac-bordeaux.fr\/disciplines\/eps\/wp-content\/uploads\/sites\/33\/2024\/10\/Preinscriptions-terminees.png\" alt=\"\" srcset=\"https:\/\/ent2d.ac-bordeaux.fr\/disciplines\/eps\/wp-content\/uploads\/sites\/33\/2024\/10\/Preinscriptions-terminees.png 703w, https:\/\/ent2d.ac-bordeaux.fr\/disciplines\/eps\/wp-content\/uploads\/sites\/33\/2024\/10\/Preinscriptions-terminees-300x169.png 300w\" sizes=\"auto, (max-width: 703px) 100vw, 703px\" \/> <\/a><br><a href=\"https:\/\/portailrh.ac-bordeaux.fr\/sofia-fmo-acad\/default\/extmodule\/subscriptionadd\/extModuleId\/67267\/tab\/trainee\/pill\/individualTrainingPlan\" target=\"_blank\" rel=\"noreferrer noopener\"><\/a><\/h2>\n<\/div>\n<\/div>\n<\/div>\n\n\n\n<div class=\"wp-block-column is-layout-flow wp-block-column-is-layout-flow\">\n<div class=\"wp-block-columns has-border-color has-vivid-cyan-blue-border-color is-layout-flex wp-container-core-columns-is-layout-28f84493 wp-block-columns-is-layout-flex\" style=\"border-style:solid;border-width:3px\">\n<div class=\"wp-block-column is-layout-flow wp-block-column-is-layout-flow\" style=\"flex-basis:100%\">\n<h2 class=\"wp-block-heading has-text-align-center\" style=\"font-size:15px\"><br><em>A destination des enseignants de coll\u00e8ge  de Gironde<\/em><\/h2>\n\n\n\n<h2 class=\"wp-block-heading has-text-align-center has-medium-font-size\"><strong><strong>CA 4 &#8211; VOLLEY-BALL<\/strong><\/strong><\/h2>\n\n\n\n<h2 class=\"wp-block-heading has-text-align-center has-small-font-size\"><a href=\"https:\/\/portailrh.ac-bordeaux.fr\/sofia-fmo-acad\/default\/extmodule\/subscriptionadd\/extModuleId\/72609\/tab\/trainee\/pill\/individualTrainingPlan\" target=\"_blank\" rel=\"noreferrer noopener\"><img loading=\"lazy\" decoding=\"async\" width=\"703\" height=\"395\" class=\"wp-image-8504\" style=\"width: 110px\" src=\"https:\/\/ent2d.ac-bordeaux.fr\/disciplines\/eps\/wp-content\/uploads\/sites\/33\/2024\/12\/Sabonner-clic.png\" alt=\"\" srcset=\"https:\/\/ent2d.ac-bordeaux.fr\/disciplines\/eps\/wp-content\/uploads\/sites\/33\/2024\/12\/Sabonner-clic.png 703w, https:\/\/ent2d.ac-bordeaux.fr\/disciplines\/eps\/wp-content\/uploads\/sites\/33\/2024\/12\/Sabonner-clic-300x169.png 300w\" sizes=\"auto, (max-width: 703px) 100vw, 703px\" \/><\/a><br><br><strong>23 f\u00e9vrier de 9h00 \u00e0 16h00<\/strong><br>Coll\u00e8ge Simone Veil (Carbon-Blanc)<br><a href=\"https:\/\/portailrh.ac-bordeaux.fr\/sofia-fmo-acad\/default\/session\/preregistrationadd\/globalSessionId\/94371\/tab\/trainee\/pill\/individualTrainingPlan\/infos\/72609|02|S1|2026-02-23_09:00:00|2026-02-23_16:00\" data-type=\"link\" data-id=\"https:\/\/portailrh.ac-bordeaux.fr\/sofia-fmo-acad\/default\/session\/preregistrationadd\/globalSessionId\/94371\/tab\/trainee\/pill\/individualTrainingPlan\/infos\/72609|02|S1|2026-02-23_09:00:00|2026-02-23_16:00\" target=\"_blank\" rel=\"noreferrer noopener\"><img loading=\"lazy\" decoding=\"async\" width=\"703\" height=\"395\" class=\"wp-image-8434\" style=\"width: 110px\" src=\"https:\/\/ent2d.ac-bordeaux.fr\/disciplines\/eps\/wp-content\/uploads\/sites\/33\/2024\/10\/Preinscriptions-terminees.png\" alt=\"\" srcset=\"https:\/\/ent2d.ac-bordeaux.fr\/disciplines\/eps\/wp-content\/uploads\/sites\/33\/2024\/10\/Preinscriptions-terminees.png 703w, https:\/\/ent2d.ac-bordeaux.fr\/disciplines\/eps\/wp-content\/uploads\/sites\/33\/2024\/10\/Preinscriptions-terminees-300x169.png 300w\" sizes=\"auto, (max-width: 703px) 100vw, 703px\" \/><\/a><br><br><strong>6 mars de 9h00 \u00e0 16h00<\/strong><br>Coll\u00e8ge de l&#8217;Estey (Saint Jean d&#8217;Illac)<br><a href=\"https:\/\/portailrh.ac-bordeaux.fr\/sofia-fmo-acad\/default\/session\/preregistrationadd\/globalSessionId\/94372\/tab\/trainee\/pill\/individualTrainingPlan\/infos\/72609|03|S1|2026-03-06_09:00:00|2026-03-06_16:00:00\" data-type=\"link\" data-id=\"https:\/\/portailrh.ac-bordeaux.fr\/sofia-fmo-acad\/default\/session\/preregistrationadd\/globalSessionId\/91378\/tab\/trainee\/pill\/individualTrainingPlan\/infos\/72693|01|S1|2026-01-26_09:00:00|2026-01-26_16:30:00\" target=\"_blank\" rel=\"noreferrer noopener\"><img loading=\"lazy\" decoding=\"async\" width=\"703\" height=\"395\" class=\"wp-image-8434\" style=\"width: 110px\" src=\"https:\/\/ent2d.ac-bordeaux.fr\/disciplines\/eps\/wp-content\/uploads\/sites\/33\/2024\/10\/Preinscriptions-terminees.png\" alt=\"\" srcset=\"https:\/\/ent2d.ac-bordeaux.fr\/disciplines\/eps\/wp-content\/uploads\/sites\/33\/2024\/10\/Preinscriptions-terminees.png 703w, https:\/\/ent2d.ac-bordeaux.fr\/disciplines\/eps\/wp-content\/uploads\/sites\/33\/2024\/10\/Preinscriptions-terminees-300x169.png 300w\" sizes=\"auto, (max-width: 703px) 100vw, 703px\" \/><\/a> <br><\/h2>\n<\/div>\n<\/div>\n<\/div>\n\n\n\n<div class=\"wp-block-column is-layout-flow wp-block-column-is-layout-flow\">\n<div class=\"wp-block-columns has-border-color has-vivid-cyan-blue-border-color is-layout-flex wp-container-core-columns-is-layout-28f84493 wp-block-columns-is-layout-flex\" style=\"border-style:solid;border-width:3px\">\n<div class=\"wp-block-column is-layout-flow wp-block-column-is-layout-flow\" style=\"flex-basis:100%\">\n<h2 class=\"wp-block-heading has-text-align-center\" style=\"font-size:15px\"><br><em>A destination des enseignants de coll\u00e8ge  des Landes<\/em><\/h2>\n\n\n\n<h2 class=\"wp-block-heading has-text-align-center has-medium-font-size\"><strong><strong>CA 4 &#8211; VOLLEY-BALL<\/strong><\/strong><\/h2>\n\n\n\n<h2 class=\"wp-block-heading has-text-align-center has-small-font-size\"><a href=\"https:\/\/portailrh.ac-bordeaux.fr\/sofia-fmo-acad\/default\/extmodule\/subscriptionadd\/extModuleId\/72610\/tab\/trainee\/pill\/individualTrainingPlan\" target=\"_blank\" rel=\"noreferrer noopener\"><img loading=\"lazy\" decoding=\"async\" width=\"703\" height=\"395\" class=\"wp-image-8504\" style=\"width: 110px\" src=\"https:\/\/ent2d.ac-bordeaux.fr\/disciplines\/eps\/wp-content\/uploads\/sites\/33\/2024\/12\/Sabonner-clic.png\" alt=\"\" srcset=\"https:\/\/ent2d.ac-bordeaux.fr\/disciplines\/eps\/wp-content\/uploads\/sites\/33\/2024\/12\/Sabonner-clic.png 703w, https:\/\/ent2d.ac-bordeaux.fr\/disciplines\/eps\/wp-content\/uploads\/sites\/33\/2024\/12\/Sabonner-clic-300x169.png 300w\" sizes=\"auto, (max-width: 703px) 100vw, 703px\" \/><\/a><br><br><strong>9 mars de 9h00 \u00e0 16h00<\/strong><br>Coll\u00e8ge Victor Duruy (Mont de Marsan)<br><a href=\"https:\/\/portailrh.ac-bordeaux.fr\/sofia-fmo-acad\/default\/session\/preregistrationadd\/globalSessionId\/94380\/tab\/trainee\/pill\/individualTrainingPlan\/infos\/72610|01|S1|2026-03-09_09:00:00|2026-03-09_16:00:00\" data-type=\"link\" data-id=\"https:\/\/portailrh.ac-bordeaux.fr\/sofia-fmo-acad\/default\/session\/preregistrationadd\/globalSessionId\/94371\/tab\/trainee\/pill\/individualTrainingPlan\/infos\/72609|02|S1|2026-02-23_09:00:00|2026-02-23_16:00\" target=\"_blank\" rel=\"noreferrer noopener\"><img loading=\"lazy\" decoding=\"async\" width=\"703\" height=\"395\" class=\"wp-image-8434\" style=\"width: 110px\" src=\"https:\/\/ent2d.ac-bordeaux.fr\/disciplines\/eps\/wp-content\/uploads\/sites\/33\/2024\/10\/Preinscriptions-terminees.png\" alt=\"\" srcset=\"https:\/\/ent2d.ac-bordeaux.fr\/disciplines\/eps\/wp-content\/uploads\/sites\/33\/2024\/10\/Preinscriptions-terminees.png 703w, https:\/\/ent2d.ac-bordeaux.fr\/disciplines\/eps\/wp-content\/uploads\/sites\/33\/2024\/10\/Preinscriptions-terminees-300x169.png 300w\" sizes=\"auto, (max-width: 703px) 100vw, 703px\" \/><\/a><br><a href=\"https:\/\/portailrh.ac-bordeaux.fr\/sofia-fmo-acad\/default\/session\/preregistrationadd\/globalSessionId\/79009\/tab\/trainee\/pill\/individualTrainingPlan\/infos\/67268|01|S1|2025-03-28_09:00:00|2025-03-28_16:00:00\" target=\"_blank\" rel=\"noreferrer noopener\"><\/a><\/h2>\n<\/div>\n<\/div>\n<\/div>\n<\/div>\n\n\n\n<p style=\"font-size:3px\"><\/p>\n\n\n\n<div class=\"wp-block-columns is-layout-flex wp-container-core-columns-is-layout-28f84493 wp-block-columns-is-layout-flex\">\n<div class=\"wp-block-column is-layout-flow wp-block-column-is-layout-flow\">\n<div class=\"wp-block-columns has-border-color has-vivid-cyan-blue-border-color is-layout-flex wp-container-core-columns-is-layout-28f84493 wp-block-columns-is-layout-flex\" style=\"border-style:solid;border-width:3px\">\n<div class=\"wp-block-column is-layout-flow wp-block-column-is-layout-flow\" style=\"flex-basis:100%\">\n<h2 class=\"wp-block-heading has-text-align-center\" style=\"font-size:15px\"><br><em>A destination des enseignants de coll\u00e8ge du Lot-et-Garonne<\/em><\/h2>\n\n\n\n<h2 class=\"wp-block-heading has-text-align-center has-medium-font-size\"><strong><strong>CA 4 &#8211; VOLLEY-BALL<\/strong><\/strong><\/h2>\n\n\n\n<h2 class=\"wp-block-heading has-text-align-center has-small-font-size\"><a href=\"https:\/\/portailrh.ac-bordeaux.fr\/sofia-fmo-acad\/default\/extmodule\/subscriptionadd\/extModuleId\/72611\/tab\/trainee\/pill\/individualTrainingPlan\" target=\"_blank\" rel=\"noreferrer noopener\"><img loading=\"lazy\" decoding=\"async\" width=\"703\" height=\"395\" class=\"wp-image-8504\" style=\"width: 110px\" src=\"https:\/\/ent2d.ac-bordeaux.fr\/disciplines\/eps\/wp-content\/uploads\/sites\/33\/2024\/12\/Sabonner-clic.png\" alt=\"\" srcset=\"https:\/\/ent2d.ac-bordeaux.fr\/disciplines\/eps\/wp-content\/uploads\/sites\/33\/2024\/12\/Sabonner-clic.png 703w, https:\/\/ent2d.ac-bordeaux.fr\/disciplines\/eps\/wp-content\/uploads\/sites\/33\/2024\/12\/Sabonner-clic-300x169.png 300w\" sizes=\"auto, (max-width: 703px) 100vw, 703px\" \/><\/a><br><br><strong>30 avril de 9h00 \u00e0 16h00<\/strong> <br>(report de la formation initialement pr\u00e9vue le 5 mars)<br>Coll\u00e8ge Jean Moulin (Marmande)<br><a href=\"https:\/\/portailrh.ac-bordeaux.fr\/sofia-fmo-acad\/default\/session\/preregistrationadd\/globalSessionId\/94371\/tab\/trainee\/pill\/individualTrainingPlan\/infos\/72609|02|S1|2026-02-23_09:00:00|2026-02-23_16:00\" data-type=\"link\" data-id=\"https:\/\/portailrh.ac-bordeaux.fr\/sofia-fmo-acad\/default\/session\/preregistrationadd\/globalSessionId\/94371\/tab\/trainee\/pill\/individualTrainingPlan\/infos\/72609|02|S1|2026-02-23_09:00:00|2026-02-23_16:00\" target=\"_blank\" rel=\"noreferrer noopener\"> <\/a><a href=\"https:\/\/portailrh.ac-bordeaux.fr\/sofia-fmo-acad\/default\/session\/preregistrationadd\/globalSessionId\/95942\/tab\/trainee\/pill\/individualTrainingPlan\/infos\/72594|01|S1|2026-03-31_09:00:00|2026-03-31_16:00:00\" data-type=\"link\" data-id=\"https:\/\/portailrh.ac-bordeaux.fr\/sofia-fmo-acad\/default\/session\/preregistrationadd\/globalSessionId\/91378\/tab\/trainee\/pill\/individualTrainingPlan\/infos\/72693|01|S1|2026-01-26_09:00:00|2026-01-26_16:30:00\" target=\"_blank\" rel=\"noreferrer noopener\"><img loading=\"lazy\" decoding=\"async\" width=\"703\" height=\"395\" class=\"wp-image-8434\" style=\"width: 110px\" src=\"https:\/\/ent2d.ac-bordeaux.fr\/disciplines\/eps\/wp-content\/uploads\/sites\/33\/2024\/10\/Preinscriptions-terminees.png\" alt=\"\" srcset=\"https:\/\/ent2d.ac-bordeaux.fr\/disciplines\/eps\/wp-content\/uploads\/sites\/33\/2024\/10\/Preinscriptions-terminees.png 703w, https:\/\/ent2d.ac-bordeaux.fr\/disciplines\/eps\/wp-content\/uploads\/sites\/33\/2024\/10\/Preinscriptions-terminees-300x169.png 300w\" sizes=\"auto, (max-width: 703px) 100vw, 703px\" \/><\/a><br><a href=\"https:\/\/portailrh.ac-bordeaux.fr\/sofia-fmo-acad\/default\/session\/preregistrationadd\/globalSessionId\/79009\/tab\/trainee\/pill\/individualTrainingPlan\/infos\/67268|01|S1|2025-03-28_09:00:00|2025-03-28_16:00:00\" target=\"_blank\" rel=\"noreferrer noopener\"><\/a><\/h2>\n<\/div>\n<\/div>\n<\/div>\n\n\n\n<div class=\"wp-block-column is-layout-flow wp-block-column-is-layout-flow\">\n<div class=\"wp-block-columns has-border-color has-vivid-cyan-blue-border-color is-layout-flex wp-container-core-columns-is-layout-28f84493 wp-block-columns-is-layout-flex\" style=\"border-style:solid;border-width:3px\">\n<div class=\"wp-block-column is-layout-flow wp-block-column-is-layout-flow\" style=\"flex-basis:100%\">\n<h2 class=\"wp-block-heading has-text-align-center\" style=\"font-size:15px\"><br><em>A destination des enseignants de coll\u00e8ge des Pyr\u00e9n\u00e9es Atlantiques<\/em><\/h2>\n\n\n\n<h2 class=\"wp-block-heading has-text-align-center has-medium-font-size\"><strong>CA 4 &#8211; VOLLEY-BALL<\/strong><\/h2>\n\n\n\n<h2 class=\"wp-block-heading has-text-align-center has-small-font-size\"><a href=\"https:\/\/portailrh.ac-bordeaux.fr\/sofia-fmo-acad\/default\/extmodule\/subscriptionadd\/extModuleId\/72612\/tab\/trainee\/pill\/individualTrainingPlan\" target=\"_blank\" rel=\"noreferrer noopener\"><img loading=\"lazy\" decoding=\"async\" width=\"703\" height=\"395\" class=\"wp-image-8504\" style=\"width: 110px\" src=\"https:\/\/ent2d.ac-bordeaux.fr\/disciplines\/eps\/wp-content\/uploads\/sites\/33\/2024\/12\/Sabonner-clic.png\" alt=\"\" srcset=\"https:\/\/ent2d.ac-bordeaux.fr\/disciplines\/eps\/wp-content\/uploads\/sites\/33\/2024\/12\/Sabonner-clic.png 703w, https:\/\/ent2d.ac-bordeaux.fr\/disciplines\/eps\/wp-content\/uploads\/sites\/33\/2024\/12\/Sabonner-clic-300x169.png 300w\" sizes=\"auto, (max-width: 703px) 100vw, 703px\" \/><\/a><br><br><strong>2 avril de 9h00 \u00e0 16h00<\/strong><br>Coll\u00e8ge Errobi (Cambo)<br><a href=\"https:\/\/portailrh.ac-bordeaux.fr\/sofia-fmo-acad\/default\/session\/preregistrationadd\/globalSessionId\/95942\/tab\/trainee\/pill\/individualTrainingPlan\/infos\/72594|01|S1|2026-03-31_09:00:00|2026-03-31_16:00:00\" data-type=\"link\" data-id=\"https:\/\/portailrh.ac-bordeaux.fr\/sofia-fmo-acad\/default\/session\/preregistrationadd\/globalSessionId\/91378\/tab\/trainee\/pill\/individualTrainingPlan\/infos\/72693|01|S1|2026-01-26_09:00:00|2026-01-26_16:30:00\" target=\"_blank\" rel=\"noreferrer noopener\"><img loading=\"lazy\" decoding=\"async\" width=\"703\" height=\"395\" class=\"wp-image-8434\" style=\"width: 110px\" src=\"https:\/\/ent2d.ac-bordeaux.fr\/disciplines\/eps\/wp-content\/uploads\/sites\/33\/2024\/10\/Preinscriptions-terminees.png\" alt=\"\" srcset=\"https:\/\/ent2d.ac-bordeaux.fr\/disciplines\/eps\/wp-content\/uploads\/sites\/33\/2024\/10\/Preinscriptions-terminees.png 703w, https:\/\/ent2d.ac-bordeaux.fr\/disciplines\/eps\/wp-content\/uploads\/sites\/33\/2024\/10\/Preinscriptions-terminees-300x169.png 300w\" sizes=\"auto, (max-width: 703px) 100vw, 703px\" \/><\/a> <br><\/h2>\n<\/div>\n<\/div>\n<\/div>\n\n\n\n<div class=\"wp-block-column is-layout-flow wp-block-column-is-layout-flow\"><\/div>\n<\/div>\n\n\n\n<p style=\"font-size:5px\"><\/p>\n\n\n\n<div class=\"wp-block-columns is-layout-flex wp-container-core-columns-is-layout-28f84493 wp-block-columns-is-layout-flex\">\n<div class=\"wp-block-column is-layout-flow wp-block-column-is-layout-flow\">\n<div class=\"wp-block-columns has-border-color has-vivid-cyan-blue-border-color is-layout-flex wp-container-core-columns-is-layout-28f84493 wp-block-columns-is-layout-flex\" style=\"border-style:solid;border-width:3px\">\n<div class=\"wp-block-column is-layout-flow wp-block-column-is-layout-flow\" style=\"flex-basis:100%\">\n<h2 class=\"wp-block-heading has-text-align-center\" style=\"font-size:15px\"><br><em>A destination des enseignants de coll\u00e8ge de Dordogne<\/em><\/h2>\n\n\n\n<h2 class=\"wp-block-heading has-text-align-center has-medium-font-size\"><strong>CA 4 &#8211; ULTIMATE<\/strong><\/h2>\n\n\n\n<h2 class=\"wp-block-heading has-text-align-center has-small-font-size\"><a href=\"https:\/\/portailrh.ac-bordeaux.fr\/sofia-fmo-acad\/default\/extmodule\/subscriptionadd\/extModuleId\/72613\/tab\/trainee\/pill\/individualTrainingPlan\" target=\"_blank\" rel=\"noreferrer noopener\"><img loading=\"lazy\" decoding=\"async\" width=\"703\" height=\"395\" class=\"wp-image-8504\" style=\"width: 110px\" src=\"https:\/\/ent2d.ac-bordeaux.fr\/disciplines\/eps\/wp-content\/uploads\/sites\/33\/2024\/12\/Sabonner-clic.png\" alt=\"\" srcset=\"https:\/\/ent2d.ac-bordeaux.fr\/disciplines\/eps\/wp-content\/uploads\/sites\/33\/2024\/12\/Sabonner-clic.png 703w, https:\/\/ent2d.ac-bordeaux.fr\/disciplines\/eps\/wp-content\/uploads\/sites\/33\/2024\/12\/Sabonner-clic-300x169.png 300w\" sizes=\"auto, (max-width: 703px) 100vw, 703px\" \/><\/a><br><strong>30 avril de 9h00 \u00e0 16h30<\/strong><br>Gymnase du Bas Toulon (P\u00e9rigueux)<br><a href=\"https:\/\/portailrh.ac-bordeaux.fr\/sofia-fmo-acad\/default\/session\/preregistrationadd\/globalSessionId\/95942\/tab\/trainee\/pill\/individualTrainingPlan\/infos\/72594|01|S1|2026-03-31_09:00:00|2026-03-31_16:00:00\" data-type=\"link\" data-id=\"https:\/\/portailrh.ac-bordeaux.fr\/sofia-fmo-acad\/default\/session\/preregistrationadd\/globalSessionId\/91378\/tab\/trainee\/pill\/individualTrainingPlan\/infos\/72693|01|S1|2026-01-26_09:00:00|2026-01-26_16:30:00\" target=\"_blank\" rel=\"noreferrer noopener\"><img loading=\"lazy\" decoding=\"async\" width=\"703\" height=\"395\" class=\"wp-image-8434\" style=\"width: 110px\" src=\"https:\/\/ent2d.ac-bordeaux.fr\/disciplines\/eps\/wp-content\/uploads\/sites\/33\/2024\/10\/Preinscriptions-terminees.png\" alt=\"\" srcset=\"https:\/\/ent2d.ac-bordeaux.fr\/disciplines\/eps\/wp-content\/uploads\/sites\/33\/2024\/10\/Preinscriptions-terminees.png 703w, https:\/\/ent2d.ac-bordeaux.fr\/disciplines\/eps\/wp-content\/uploads\/sites\/33\/2024\/10\/Preinscriptions-terminees-300x169.png 300w\" sizes=\"auto, (max-width: 703px) 100vw, 703px\" \/><\/a><a href=\"https:\/\/portailrh.ac-bordeaux.fr\/sofia-fmo-acad\/default\/extmodule\/subscriptionadd\/extModuleId\/67267\/tab\/trainee\/pill\/individualTrainingPlan\" target=\"_blank\" rel=\"noreferrer noopener\"><\/a><\/h2>\n<\/div>\n<\/div>\n<\/div>\n\n\n\n<div class=\"wp-block-column is-layout-flow wp-block-column-is-layout-flow\">\n<div class=\"wp-block-columns has-border-color has-vivid-cyan-blue-border-color is-layout-flex wp-container-core-columns-is-layout-28f84493 wp-block-columns-is-layout-flex\" style=\"border-style:solid;border-width:3px\">\n<div class=\"wp-block-column is-layout-flow wp-block-column-is-layout-flow\" style=\"flex-basis:100%\">\n<h2 class=\"wp-block-heading has-text-align-center\" style=\"font-size:15px\"><br><em>A destination des enseignants de coll\u00e8ge de Gironde<\/em><\/h2>\n\n\n\n<h2 class=\"wp-block-heading has-text-align-center has-medium-font-size\"><strong>CA 4 &#8211; ULTIMATE<\/strong><\/h2>\n\n\n\n<h2 class=\"wp-block-heading has-text-align-center has-small-font-size\"><a href=\"https:\/\/portailrh.ac-bordeaux.fr\/sofia-fmo-acad\/default\/extmodule\/subscriptionadd\/extModuleId\/72613\/tab\/trainee\/pill\/individualTrainingPlan\" target=\"_blank\" rel=\"noreferrer noopener\"><img loading=\"lazy\" decoding=\"async\" width=\"703\" height=\"395\" class=\"wp-image-8504\" style=\"width: 110px\" src=\"https:\/\/ent2d.ac-bordeaux.fr\/disciplines\/eps\/wp-content\/uploads\/sites\/33\/2024\/12\/Sabonner-clic.png\" alt=\"\" srcset=\"https:\/\/ent2d.ac-bordeaux.fr\/disciplines\/eps\/wp-content\/uploads\/sites\/33\/2024\/12\/Sabonner-clic.png 703w, https:\/\/ent2d.ac-bordeaux.fr\/disciplines\/eps\/wp-content\/uploads\/sites\/33\/2024\/12\/Sabonner-clic-300x169.png 300w\" sizes=\"auto, (max-width: 703px) 100vw, 703px\" \/><\/a><br><strong>19 mai de 9h30 \u00e0 16h30<\/strong><br>Gymnase du Coll\u00e8ge Olympe de Gouges (Cadaujac)<br><a href=\"https:\/\/portailrh.ac-bordeaux.fr\/sofia-fmo-acad\/default\/session\/preregistrationadd\/globalSessionId\/95942\/tab\/trainee\/pill\/individualTrainingPlan\/infos\/72594|01|S1|2026-03-31_09:00:00|2026-03-31_16:00:00\" data-type=\"link\" data-id=\"https:\/\/portailrh.ac-bordeaux.fr\/sofia-fmo-acad\/default\/session\/preregistrationadd\/globalSessionId\/91378\/tab\/trainee\/pill\/individualTrainingPlan\/infos\/72693|01|S1|2026-01-26_09:00:00|2026-01-26_16:30:00\" target=\"_blank\" rel=\"noreferrer noopener\"><img loading=\"lazy\" decoding=\"async\" width=\"703\" height=\"395\" class=\"wp-image-8434\" style=\"width: 110px\" src=\"https:\/\/ent2d.ac-bordeaux.fr\/disciplines\/eps\/wp-content\/uploads\/sites\/33\/2024\/10\/Preinscriptions-terminees.png\" alt=\"\" srcset=\"https:\/\/ent2d.ac-bordeaux.fr\/disciplines\/eps\/wp-content\/uploads\/sites\/33\/2024\/10\/Preinscriptions-terminees.png 703w, https:\/\/ent2d.ac-bordeaux.fr\/disciplines\/eps\/wp-content\/uploads\/sites\/33\/2024\/10\/Preinscriptions-terminees-300x169.png 300w\" sizes=\"auto, (max-width: 703px) 100vw, 703px\" \/><\/a><a href=\"https:\/\/portailrh.ac-bordeaux.fr\/sofia-fmo-acad\/default\/extmodule\/subscriptionadd\/extModuleId\/67267\/tab\/trainee\/pill\/individualTrainingPlan\" target=\"_blank\" rel=\"noreferrer noopener\"><\/a><\/h2>\n<\/div>\n<\/div>\n<\/div>\n\n\n\n<div class=\"wp-block-column is-layout-flow wp-block-column-is-layout-flow\">\n<div class=\"wp-block-columns has-border-color has-vivid-cyan-blue-border-color is-layout-flex wp-container-core-columns-is-layout-28f84493 wp-block-columns-is-layout-flex\" style=\"border-style:solid;border-width:3px\">\n<div class=\"wp-block-column is-layout-flow wp-block-column-is-layout-flow\" style=\"flex-basis:100%\">\n<h2 class=\"wp-block-heading has-text-align-center\" style=\"font-size:15px\"><br><em>A destination des enseignants de coll\u00e8ge des Landes<\/em><\/h2>\n\n\n\n<h2 class=\"wp-block-heading has-text-align-center has-medium-font-size\"><strong><strong><strong>CA 4 &#8211; ULTIMATE<\/strong><\/strong><\/strong><\/h2>\n\n\n\n<h2 class=\"wp-block-heading has-text-align-center has-small-font-size\"><a href=\"https:\/\/portailrh.ac-bordeaux.fr\/sofia-fmo-acad\/default\/extmodule\/subscriptionadd\/extModuleId\/72615\/tab\/trainee\/pill\/individualTrainingPlan\" target=\"_blank\" rel=\"noreferrer noopener\"><img loading=\"lazy\" decoding=\"async\" width=\"703\" height=\"395\" class=\"wp-image-8504\" style=\"width: 110px\" src=\"https:\/\/ent2d.ac-bordeaux.fr\/disciplines\/eps\/wp-content\/uploads\/sites\/33\/2024\/12\/Sabonner-clic.png\" alt=\"\" srcset=\"https:\/\/ent2d.ac-bordeaux.fr\/disciplines\/eps\/wp-content\/uploads\/sites\/33\/2024\/12\/Sabonner-clic.png 703w, https:\/\/ent2d.ac-bordeaux.fr\/disciplines\/eps\/wp-content\/uploads\/sites\/33\/2024\/12\/Sabonner-clic-300x169.png 300w\" sizes=\"auto, (max-width: 703px) 100vw, 703px\" \/><\/a><br><br><strong>27 avril de 9h30 \u00e0 16h30<\/strong><br>Coll\u00e8ge Badinter (Angresse)<br><a href=\"https:\/\/portailrh.ac-bordeaux.fr\/sofia-fmo-acad\/default\/session\/preregistrationadd\/globalSessionId\/95942\/tab\/trainee\/pill\/individualTrainingPlan\/infos\/72594|01|S1|2026-03-31_09:00:00|2026-03-31_16:00:00\" data-type=\"link\" data-id=\"https:\/\/portailrh.ac-bordeaux.fr\/sofia-fmo-acad\/default\/session\/preregistrationadd\/globalSessionId\/91378\/tab\/trainee\/pill\/individualTrainingPlan\/infos\/72693|01|S1|2026-01-26_09:00:00|2026-01-26_16:30:00\" target=\"_blank\" rel=\"noreferrer noopener\"><img loading=\"lazy\" decoding=\"async\" width=\"703\" height=\"395\" class=\"wp-image-8434\" style=\"width: 110px\" src=\"https:\/\/ent2d.ac-bordeaux.fr\/disciplines\/eps\/wp-content\/uploads\/sites\/33\/2024\/10\/Preinscriptions-terminees.png\" alt=\"\" srcset=\"https:\/\/ent2d.ac-bordeaux.fr\/disciplines\/eps\/wp-content\/uploads\/sites\/33\/2024\/10\/Preinscriptions-terminees.png 703w, https:\/\/ent2d.ac-bordeaux.fr\/disciplines\/eps\/wp-content\/uploads\/sites\/33\/2024\/10\/Preinscriptions-terminees-300x169.png 300w\" sizes=\"auto, (max-width: 703px) 100vw, 703px\" \/><\/a><a href=\"https:\/\/portailrh.ac-bordeaux.fr\/sofia-fmo-acad\/default\/session\/preregistrationadd\/globalSessionId\/94371\/tab\/trainee\/pill\/individualTrainingPlan\/infos\/72609|02|S1|2026-02-23_09:00:00|2026-02-23_16:00\" data-type=\"link\" data-id=\"https:\/\/portailrh.ac-bordeaux.fr\/sofia-fmo-acad\/default\/session\/preregistrationadd\/globalSessionId\/94371\/tab\/trainee\/pill\/individualTrainingPlan\/infos\/72609|02|S1|2026-02-23_09:00:00|2026-02-23_16:00\" target=\"_blank\" rel=\"noreferrer noopener\"> <\/a><\/h2>\n<\/div>\n<\/div>\n<\/div>\n<\/div>\n\n\n\n<p style=\"font-size:3px\"><\/p>\n\n\n\n<div class=\"wp-block-columns is-layout-flex wp-container-core-columns-is-layout-28f84493 wp-block-columns-is-layout-flex\">\n<div class=\"wp-block-column is-layout-flow wp-block-column-is-layout-flow\">\n<div class=\"wp-block-columns has-border-color has-vivid-cyan-blue-border-color is-layout-flex wp-container-core-columns-is-layout-28f84493 wp-block-columns-is-layout-flex\" style=\"border-style:solid;border-width:3px\">\n<div class=\"wp-block-column is-layout-flow wp-block-column-is-layout-flow\" style=\"flex-basis:100%\">\n<h2 class=\"wp-block-heading has-text-align-center\" style=\"font-size:15px\"><br><em>A destination des enseignants de coll\u00e8ge du Lot-et-Garonne<\/em><\/h2>\n\n\n\n<h2 class=\"wp-block-heading has-text-align-center has-medium-font-size\"><strong><strong><strong>CA 4 &#8211; ULTIMATE<\/strong><\/strong><\/strong><\/h2>\n\n\n\n<h2 class=\"wp-block-heading has-text-align-center has-small-font-size\"><a href=\"https:\/\/portailrh.ac-bordeaux.fr\/sofia-fmo-acad\/default\/extmodule\/subscriptionadd\/extModuleId\/72616\/tab\/trainee\/pill\/individualTrainingPlan\" target=\"_blank\" rel=\"noreferrer noopener\"><img loading=\"lazy\" decoding=\"async\" width=\"703\" height=\"395\" class=\"wp-image-8504\" style=\"width: 110px\" src=\"https:\/\/ent2d.ac-bordeaux.fr\/disciplines\/eps\/wp-content\/uploads\/sites\/33\/2024\/12\/Sabonner-clic.png\" alt=\"\" srcset=\"https:\/\/ent2d.ac-bordeaux.fr\/disciplines\/eps\/wp-content\/uploads\/sites\/33\/2024\/12\/Sabonner-clic.png 703w, https:\/\/ent2d.ac-bordeaux.fr\/disciplines\/eps\/wp-content\/uploads\/sites\/33\/2024\/12\/Sabonner-clic-300x169.png 300w\" sizes=\"auto, (max-width: 703px) 100vw, 703px\" \/><\/a><br><br><strong>28 mai de 9h30 \u00e0 16h30<\/strong> <br>Gymnase du coll\u00e8ge Anatole France (Villeneuve-sur-Lot)<br><a href=\"https:\/\/portailrh.ac-bordeaux.fr\/sofia-fmo-acad\/default\/session\/preregistrationadd\/globalSessionId\/96331\/tab\/trainee\/pill\/individualTrainingPlan\/infos\/72616|01|S1|2026-05-28_09:30:00|2026-05-28_16:30:00\" data-type=\"link\" data-id=\"https:\/\/portailrh.ac-bordeaux.fr\/sofia-fmo-acad\/default\/session\/preregistrationadd\/globalSessionId\/94371\/tab\/trainee\/pill\/individualTrainingPlan\/infos\/72609|02|S1|2026-02-23_09:00:00|2026-02-23_16:00\" target=\"_blank\" rel=\"noreferrer noopener\"><img loading=\"lazy\" decoding=\"async\" width=\"703\" height=\"395\" class=\"wp-image-8497\" style=\"width: 110px\" src=\"https:\/\/ent2d.ac-bordeaux.fr\/disciplines\/eps\/wp-content\/uploads\/sites\/33\/2024\/12\/3.png\" alt=\"\" srcset=\"https:\/\/ent2d.ac-bordeaux.fr\/disciplines\/eps\/wp-content\/uploads\/sites\/33\/2024\/12\/3.png 703w, https:\/\/ent2d.ac-bordeaux.fr\/disciplines\/eps\/wp-content\/uploads\/sites\/33\/2024\/12\/3-300x169.png 300w\" sizes=\"auto, (max-width: 703px) 100vw, 703px\" \/><\/a><br><em>avant le 17 avril<\/em><a href=\"https:\/\/portailrh.ac-bordeaux.fr\/sofia-fmo-acad\/default\/extmodule\/subscriptionadd\/extModuleId\/67267\/tab\/trainee\/pill\/individualTrainingPlan\" target=\"_blank\" rel=\"noreferrer noopener\"><\/a><\/h2>\n<\/div>\n<\/div>\n<\/div>\n\n\n\n<div class=\"wp-block-column is-layout-flow wp-block-column-is-layout-flow\">\n<div class=\"wp-block-columns has-border-color has-vivid-cyan-blue-border-color is-layout-flex wp-container-core-columns-is-layout-28f84493 wp-block-columns-is-layout-flex\" style=\"border-style:solid;border-width:3px\">\n<div class=\"wp-block-column is-layout-flow wp-block-column-is-layout-flow\" style=\"flex-basis:100%\">\n<h2 class=\"wp-block-heading has-text-align-center\" style=\"font-size:15px\"><br><em>A destination des enseignants de coll\u00e8ge des Pyr\u00e9n\u00e9es Atlantiques<\/em><\/h2>\n\n\n\n<h2 class=\"wp-block-heading has-text-align-center has-medium-font-size\"><strong><strong><strong>CA 4 &#8211; ULTIMATE<\/strong><\/strong><\/strong><\/h2>\n\n\n\n<h2 class=\"wp-block-heading has-text-align-center has-small-font-size\"><a href=\"https:\/\/portailrh.ac-bordeaux.fr\/sofia-fmo-acad\/default\/extmodule\/subscriptionadd\/extModuleId\/72617\/tab\/trainee\/pill\/individualTrainingPlan\" target=\"_blank\" rel=\"noreferrer noopener\"><img loading=\"lazy\" decoding=\"async\" width=\"703\" height=\"395\" class=\"wp-image-8504\" style=\"width: 110px\" src=\"https:\/\/ent2d.ac-bordeaux.fr\/disciplines\/eps\/wp-content\/uploads\/sites\/33\/2024\/12\/Sabonner-clic.png\" alt=\"\" srcset=\"https:\/\/ent2d.ac-bordeaux.fr\/disciplines\/eps\/wp-content\/uploads\/sites\/33\/2024\/12\/Sabonner-clic.png 703w, https:\/\/ent2d.ac-bordeaux.fr\/disciplines\/eps\/wp-content\/uploads\/sites\/33\/2024\/12\/Sabonner-clic-300x169.png 300w\" sizes=\"auto, (max-width: 703px) 100vw, 703px\" \/><\/a><br><a href=\"https:\/\/portailrh.ac-bordeaux.fr\/sofia-fmo-acad\/default\/extmodule\/subscriptionadd\/extModuleId\/67267\/tab\/trainee\/pill\/individualTrainingPlan\" target=\"_blank\" rel=\"noreferrer noopener\"><\/a><\/h2>\n<\/div>\n<\/div>\n<\/div>\n\n\n\n<div class=\"wp-block-column is-layout-flow wp-block-column-is-layout-flow\" style=\"border-style:none;border-width:0px\"><\/div>\n<\/div>\n\n\n\n<p style=\"font-size:10px\"><\/p>\n\n\n\n<div class=\"wp-block-columns is-layout-flex wp-container-core-columns-is-layout-28f84493 wp-block-columns-is-layout-flex\">\n<div class=\"wp-block-column is-layout-flow wp-block-column-is-layout-flow\" style=\"flex-basis:100%\">\n<h2 class=\"wp-block-heading has-text-align-center has-black-color has-luminous-vivid-amber-background-color has-text-color has-background has-link-color wp-elements-27c32d54c9a4d4ea20f695ba5905c3ac\" style=\"font-size:17px\"><strong><span style=\"text-decoration: underline\">DEVELOPPER LES COMPETENCES MOTRICES AU LYCEE<\/span><span style=\"text-decoration: underline\"> \/ LYCEE PROFESSIONNEL<\/span> :  <\/strong><\/h2>\n<\/div>\n<\/div>\n\n\n\n<div class=\"wp-block-columns is-layout-flex wp-container-core-columns-is-layout-28f84493 wp-block-columns-is-layout-flex\">\n<div class=\"wp-block-column is-layout-flow wp-block-column-is-layout-flow\">\n<div class=\"wp-block-columns has-border-color has-luminous-vivid-amber-border-color is-layout-flex wp-container-core-columns-is-layout-28f84493 wp-block-columns-is-layout-flex\" style=\"border-style:dashed;border-width:2px\">\n<div class=\"wp-block-column is-layout-flow wp-block-column-is-layout-flow\" style=\"flex-basis:100%\">\n<div class=\"wp-block-columns is-layout-flex wp-container-core-columns-is-layout-28f84493 wp-block-columns-is-layout-flex\">\n<div class=\"wp-block-column is-layout-flow wp-block-column-is-layout-flow\" style=\"flex-basis:100%\">\n<h2 class=\"wp-block-heading has-text-align-left\" style=\"font-size:12px\"><em><em><strong>Comment d\u00e9velopper les comp\u00e9tences motrices de TOUS les \u00e9l\u00e8ves ?  Comment construire en acte les attendus de fin de lyc\u00e9e ou de lyc\u00e9e professionnel ? Comment contribuer aux orientations de la circulaire de rentr\u00e9e au travers de sa d\u00e9marche d&#8217;enseignement ?<\/strong><\/em><\/em><br><em><em><strong> <\/strong><\/em><\/em><br><span style=\"text-decoration: underline\">APSA support<\/span> : <br>&#8211; Cross-training (CA 1) &#8211; <em>Prolongement de l&#8217;an pass\u00e9 <\/em>;  <br>&#8211; Badminton (CA 4) &#8211; <em>Prolongement de l&#8217;an pass\u00e9 <\/em>; <br>&#8211; Volley-ball (CA 4) ;<br>&#8211; Musculation (CA 5) &#8211; <em>Prolongement de l&#8217;an pass\u00e9 <\/em><em><br><br><\/em><span style=\"text-decoration: underline\">Public cible<\/span> : enseignants exer\u00e7ant en lyc\u00e9e (candidature individuelle)<br><span style=\"text-decoration: underline\">Modalit\u00e9s<\/span> : pr\u00e9sentiel <br><span style=\"text-decoration: underline\">Dur\u00e9e<\/span> : 6 heures<\/h2>\n<\/div>\n<\/div>\n<\/div>\n<\/div>\n<\/div>\n<\/div>\n\n\n\n<p style=\"font-size:5px\"><\/p>\n\n\n\n<div class=\"wp-block-columns is-layout-flex wp-container-core-columns-is-layout-28f84493 wp-block-columns-is-layout-flex\">\n<div class=\"wp-block-column is-layout-flow wp-block-column-is-layout-flow\">\n<div class=\"wp-block-columns has-border-color has-luminous-vivid-amber-border-color is-layout-flex wp-container-core-columns-is-layout-28f84493 wp-block-columns-is-layout-flex\" style=\"border-style:solid;border-width:3px\">\n<div class=\"wp-block-column is-layout-flow wp-block-column-is-layout-flow\" style=\"flex-basis:100%\">\n<h2 class=\"wp-block-heading has-text-align-center\" style=\"font-size:15px\"><br><em>A destination des enseignants de lyc\u00e9e de Dordogne<\/em> <em>ou du Lot-et-Garonne<\/em><\/h2>\n\n\n\n<h2 class=\"wp-block-heading has-text-align-center has-medium-font-size\"><strong>CA 1 &#8211; CROSS-TRAINING<\/strong><\/h2>\n\n\n\n<h2 class=\"wp-block-heading has-text-align-center has-small-font-size\"><a href=\"https:\/\/portailrh.ac-bordeaux.fr\/sofia-fmo-acad\/default\/extmodule\/subscriptionadd\/extModuleId\/72650\/tab\/trainee\/pill\/individualTrainingPlan\" target=\"_blank\" rel=\"noreferrer noopener\"><img loading=\"lazy\" decoding=\"async\" width=\"703\" height=\"395\" class=\"wp-image-8504\" style=\"width: 110px\" src=\"https:\/\/ent2d.ac-bordeaux.fr\/disciplines\/eps\/wp-content\/uploads\/sites\/33\/2024\/12\/Sabonner-clic.png\" alt=\"\" srcset=\"https:\/\/ent2d.ac-bordeaux.fr\/disciplines\/eps\/wp-content\/uploads\/sites\/33\/2024\/12\/Sabonner-clic.png 703w, https:\/\/ent2d.ac-bordeaux.fr\/disciplines\/eps\/wp-content\/uploads\/sites\/33\/2024\/12\/Sabonner-clic-300x169.png 300w\" sizes=\"auto, (max-width: 703px) 100vw, 703px\" \/><\/a><br><br><strong>Mardi 9 juin de 9h30 \u00e0 16h30<\/strong><br>Lyc\u00e9e Jos\u00e9phine Baker (Sarlat)<br><a href=\"https:\/\/portailrh.ac-bordeaux.fr\/sofia-fmo-acad\/default\/session\/preregistrationadd\/globalSessionId\/98266\/tab\/trainee\/pill\/individualTrainingPlan\/infos\/72650|01|S1|2026-06-09_09:30:00|2026-06-09_16:30:00\" data-type=\"link\" data-id=\"https:\/\/portailrh.ac-bordeaux.fr\/sofia-fmo-acad\/default\/session\/preregistrationadd\/globalSessionId\/91378\/tab\/trainee\/pill\/individualTrainingPlan\/infos\/72693|01|S1|2026-01-26_09:00:00|2026-01-26_16:30:00\" target=\"_blank\" rel=\"noreferrer noopener\"><img loading=\"lazy\" decoding=\"async\" width=\"703\" height=\"395\" class=\"wp-image-8497\" style=\"width: 110px\" src=\"https:\/\/ent2d.ac-bordeaux.fr\/disciplines\/eps\/wp-content\/uploads\/sites\/33\/2024\/12\/3.png\" alt=\"\" srcset=\"https:\/\/ent2d.ac-bordeaux.fr\/disciplines\/eps\/wp-content\/uploads\/sites\/33\/2024\/12\/3.png 703w, https:\/\/ent2d.ac-bordeaux.fr\/disciplines\/eps\/wp-content\/uploads\/sites\/33\/2024\/12\/3-300x169.png 300w\" sizes=\"auto, (max-width: 703px) 100vw, 703px\" \/><\/a><br><em>avant le 14 avril<\/em><br><a href=\"https:\/\/portailrh.ac-bordeaux.fr\/sofia-fmo-acad\/default\/extmodule\/subscriptionadd\/extModuleId\/67267\/tab\/trainee\/pill\/individualTrainingPlan\" target=\"_blank\" rel=\"noreferrer noopener\"><\/a><\/h2>\n<\/div>\n<\/div>\n<\/div>\n\n\n\n<div class=\"wp-block-column is-layout-flow wp-block-column-is-layout-flow\">\n<div class=\"wp-block-columns has-border-color has-luminous-vivid-amber-border-color is-layout-flex wp-container-core-columns-is-layout-28f84493 wp-block-columns-is-layout-flex\" style=\"border-style:solid;border-width:3px\">\n<div class=\"wp-block-column is-layout-flow wp-block-column-is-layout-flow\" style=\"flex-basis:100%\">\n<h2 class=\"wp-block-heading has-text-align-center\" style=\"font-size:15px\"><br><em>A destination des enseignants de lyc\u00e9e de Gironde<\/em><\/h2>\n\n\n\n<h2 class=\"wp-block-heading has-text-align-center has-medium-font-size\"><strong><strong>CA 1 &#8211; CROSS-TRAINING<\/strong><\/strong><\/h2>\n\n\n\n<h2 class=\"wp-block-heading has-text-align-center has-small-font-size\"><a href=\"https:\/\/portailrh.ac-bordeaux.fr\/sofia-fmo-acad\/default\/extmodule\/subscriptionadd\/extModuleId\/72651\/tab\/trainee\/pill\/individualTrainingPlan\" target=\"_blank\" rel=\"noreferrer noopener\"><img loading=\"lazy\" decoding=\"async\" width=\"703\" height=\"395\" class=\"wp-image-8504\" style=\"width: 110px\" src=\"https:\/\/ent2d.ac-bordeaux.fr\/disciplines\/eps\/wp-content\/uploads\/sites\/33\/2024\/12\/Sabonner-clic.png\" alt=\"\" srcset=\"https:\/\/ent2d.ac-bordeaux.fr\/disciplines\/eps\/wp-content\/uploads\/sites\/33\/2024\/12\/Sabonner-clic.png 703w, https:\/\/ent2d.ac-bordeaux.fr\/disciplines\/eps\/wp-content\/uploads\/sites\/33\/2024\/12\/Sabonner-clic-300x169.png 300w\" sizes=\"auto, (max-width: 703px) 100vw, 703px\" \/><\/a><br><br><strong>27 mars de 9h30 \u00e0 16h30 <\/strong><br>Gymnase Alice Milliat (M\u00e9rignac)<br><a href=\"https:\/\/portailrh.ac-bordeaux.fr\/sofia-fmo-acad\/default\/session\/preregistrationadd\/globalSessionId\/94371\/tab\/trainee\/pill\/individualTrainingPlan\/infos\/72609|02|S1|2026-02-23_09:00:00|2026-02-23_16:00\" data-type=\"link\" data-id=\"https:\/\/portailrh.ac-bordeaux.fr\/sofia-fmo-acad\/default\/session\/preregistrationadd\/globalSessionId\/94371\/tab\/trainee\/pill\/individualTrainingPlan\/infos\/72609|02|S1|2026-02-23_09:00:00|2026-02-23_16:00\" target=\"_blank\" rel=\"noreferrer noopener\"><\/a><a href=\"https:\/\/portailrh.ac-bordeaux.fr\/sofia-fmo-acad\/default\/session\/preregistrationadd\/globalSessionId\/95942\/tab\/trainee\/pill\/individualTrainingPlan\/infos\/72594|01|S1|2026-03-31_09:00:00|2026-03-31_16:00:00\" data-type=\"link\" data-id=\"https:\/\/portailrh.ac-bordeaux.fr\/sofia-fmo-acad\/default\/session\/preregistrationadd\/globalSessionId\/91378\/tab\/trainee\/pill\/individualTrainingPlan\/infos\/72693|01|S1|2026-01-26_09:00:00|2026-01-26_16:30:00\" target=\"_blank\" rel=\"noreferrer noopener\"><img loading=\"lazy\" decoding=\"async\" width=\"703\" height=\"395\" class=\"wp-image-8434\" style=\"width: 110px\" src=\"https:\/\/ent2d.ac-bordeaux.fr\/disciplines\/eps\/wp-content\/uploads\/sites\/33\/2024\/10\/Preinscriptions-terminees.png\" alt=\"\" srcset=\"https:\/\/ent2d.ac-bordeaux.fr\/disciplines\/eps\/wp-content\/uploads\/sites\/33\/2024\/10\/Preinscriptions-terminees.png 703w, https:\/\/ent2d.ac-bordeaux.fr\/disciplines\/eps\/wp-content\/uploads\/sites\/33\/2024\/10\/Preinscriptions-terminees-300x169.png 300w\" sizes=\"auto, (max-width: 703px) 100vw, 703px\" \/><\/a><br><a href=\"https:\/\/portailrh.ac-bordeaux.fr\/sofia-fmo-acad\/default\/extmodule\/subscriptionadd\/extModuleId\/67267\/tab\/trainee\/pill\/individualTrainingPlan\" target=\"_blank\" rel=\"noreferrer noopener\"><\/a><\/h2>\n<\/div>\n<\/div>\n<\/div>\n\n\n\n<div class=\"wp-block-column is-layout-flow wp-block-column-is-layout-flow\">\n<div class=\"wp-block-columns has-border-color has-luminous-vivid-amber-border-color is-layout-flex wp-container-core-columns-is-layout-28f84493 wp-block-columns-is-layout-flex\" style=\"border-style:solid;border-width:3px\">\n<div class=\"wp-block-column is-layout-flow wp-block-column-is-layout-flow\" style=\"flex-basis:100%\">\n<h2 class=\"wp-block-heading has-text-align-center\" style=\"font-size:15px\"><br><em>A destination des enseignants de lyc\u00e9e des<\/em> <em>Landes ou des Pyr\u00e9n\u00e9es Atlantiques<\/em><\/h2>\n\n\n\n<h2 class=\"wp-block-heading has-text-align-center has-medium-font-size\"><strong><strong>CA 1 &#8211; CROSS-TRAINING<\/strong><\/strong><\/h2>\n\n\n\n<h2 class=\"wp-block-heading has-text-align-center has-small-font-size\"><a href=\"https:\/\/portailrh.ac-bordeaux.fr\/sofia-fmo-acad\/default\/extmodule\/subscriptionadd\/extModuleId\/72652\/tab\/trainee\/pill\/individualTrainingPlan\" target=\"_blank\" rel=\"noreferrer noopener\"><img loading=\"lazy\" decoding=\"async\" width=\"703\" height=\"395\" class=\"wp-image-8504\" style=\"width: 110px\" src=\"https:\/\/ent2d.ac-bordeaux.fr\/disciplines\/eps\/wp-content\/uploads\/sites\/33\/2024\/12\/Sabonner-clic.png\" alt=\"\" srcset=\"https:\/\/ent2d.ac-bordeaux.fr\/disciplines\/eps\/wp-content\/uploads\/sites\/33\/2024\/12\/Sabonner-clic.png 703w, https:\/\/ent2d.ac-bordeaux.fr\/disciplines\/eps\/wp-content\/uploads\/sites\/33\/2024\/12\/Sabonner-clic-300x169.png 300w\" sizes=\"auto, (max-width: 703px) 100vw, 703px\" \/><\/a><br><br><strong>Mardi 2 juin de 9h30 \u00e0 16h30 <\/strong><br>Lyc\u00e9e Haroun Tazieff (Saint Paul les Dax)<br><a href=\"https:\/\/portailrh.ac-bordeaux.fr\/sofia-fmo-acad\/default\/session\/preregistrationadd\/globalSessionId\/92433\/tab\/trainee\/pill\/individualTrainingPlan\/infos\/72652|01|S1|2026-06-02_09:30:00|2026-06-02_16:30:00\" data-type=\"link\" data-id=\"https:\/\/portailrh.ac-bordeaux.fr\/sofia-fmo-acad\/default\/session\/preregistrationadd\/globalSessionId\/91378\/tab\/trainee\/pill\/individualTrainingPlan\/infos\/72693|01|S1|2026-01-26_09:00:00|2026-01-26_16:30:00\" target=\"_blank\" rel=\"noreferrer noopener\"><img loading=\"lazy\" decoding=\"async\" width=\"703\" height=\"395\" class=\"wp-image-8497\" style=\"width: 110px\" src=\"https:\/\/ent2d.ac-bordeaux.fr\/disciplines\/eps\/wp-content\/uploads\/sites\/33\/2024\/12\/3.png\" alt=\"\" srcset=\"https:\/\/ent2d.ac-bordeaux.fr\/disciplines\/eps\/wp-content\/uploads\/sites\/33\/2024\/12\/3.png 703w, https:\/\/ent2d.ac-bordeaux.fr\/disciplines\/eps\/wp-content\/uploads\/sites\/33\/2024\/12\/3-300x169.png 300w\" sizes=\"auto, (max-width: 703px) 100vw, 703px\" \/><\/a> <br><em>avant le 21 avril<\/em><br><a href=\"https:\/\/portailrh.ac-bordeaux.fr\/sofia-fmo-acad\/default\/extmodule\/subscriptionadd\/extModuleId\/67267\/tab\/trainee\/pill\/individualTrainingPlan\" target=\"_blank\" rel=\"noreferrer noopener\"><\/a><\/h2>\n<\/div>\n<\/div>\n<\/div>\n<\/div>\n\n\n\n<p style=\"font-size:3px\"><\/p>\n\n\n\n<div class=\"wp-block-columns is-layout-flex wp-container-core-columns-is-layout-28f84493 wp-block-columns-is-layout-flex\">\n<div class=\"wp-block-column is-layout-flow wp-block-column-is-layout-flow\">\n<div class=\"wp-block-columns has-border-color has-luminous-vivid-amber-border-color is-layout-flex wp-container-core-columns-is-layout-28f84493 wp-block-columns-is-layout-flex\" style=\"border-style:solid;border-width:3px\">\n<div class=\"wp-block-column is-layout-flow wp-block-column-is-layout-flow\" style=\"flex-basis:100%\">\n<h2 class=\"wp-block-heading has-text-align-center\" style=\"font-size:15px\"><br><em>A destination des enseignants de lyc\u00e9e de Dordogne ou du Lot-et-Garonne<\/em><\/h2>\n\n\n\n<h2 class=\"wp-block-heading has-text-align-center has-medium-font-size\"><strong>CA 4 &#8211; BADMINTON<\/strong><\/h2>\n\n\n\n<h2 class=\"wp-block-heading has-text-align-center has-small-font-size\"><a href=\"https:\/\/portailrh.ac-bordeaux.fr\/sofia-fmo-acad\/default\/session\/preregistrationadd\/globalSessionId\/78995\/tab\/trainee\/pill\/individualTrainingPlan\/infos\/67241|01|S1|2025-05-20_09:00:00|2025-05-20_16:00:00\" target=\"_blank\" rel=\"noreferrer noopener\"><\/a><a href=\"https:\/\/portailrh.ac-bordeaux.fr\/sofia-fmo-acad\/default\/extmodule\/subscriptionadd\/extModuleId\/72653\/tab\/trainee\/pill\/individualTrainingPlan\" target=\"_blank\" rel=\"noreferrer noopener\"><img loading=\"lazy\" decoding=\"async\" width=\"703\" height=\"395\" class=\"wp-image-8504\" style=\"width: 110px\" src=\"https:\/\/ent2d.ac-bordeaux.fr\/disciplines\/eps\/wp-content\/uploads\/sites\/33\/2024\/12\/Sabonner-clic.png\" alt=\"\" srcset=\"https:\/\/ent2d.ac-bordeaux.fr\/disciplines\/eps\/wp-content\/uploads\/sites\/33\/2024\/12\/Sabonner-clic.png 703w, https:\/\/ent2d.ac-bordeaux.fr\/disciplines\/eps\/wp-content\/uploads\/sites\/33\/2024\/12\/Sabonner-clic-300x169.png 300w\" sizes=\"auto, (max-width: 703px) 100vw, 703px\" \/><\/a><br><br><strong>29 mai de 9h30 \u00e0 16h30 <\/strong><br>Gymnase A. Rimbaud (Saint Astier)<br><a href=\"https:\/\/portailrh.ac-bordeaux.fr\/sofia-fmo-acad\/default\/session\/preregistrationadd\/globalSessionId\/94391\/tab\/trainee\/pill\/individualTrainingPlan\/infos\/72653|01|S1|2026-05-29_09:30:00|2026-05-29_16:30:00\" data-type=\"link\" data-id=\"https:\/\/portailrh.ac-bordeaux.fr\/sofia-fmo-acad\/default\/session\/preregistrationadd\/globalSessionId\/91378\/tab\/trainee\/pill\/individualTrainingPlan\/infos\/72693|01|S1|2026-01-26_09:00:00|2026-01-26_16:30:00\" target=\"_blank\" rel=\"noreferrer noopener\"><img loading=\"lazy\" decoding=\"async\" width=\"703\" height=\"395\" class=\"wp-image-8497\" style=\"width: 110px\" src=\"https:\/\/ent2d.ac-bordeaux.fr\/disciplines\/eps\/wp-content\/uploads\/sites\/33\/2024\/12\/3.png\" alt=\"\" srcset=\"https:\/\/ent2d.ac-bordeaux.fr\/disciplines\/eps\/wp-content\/uploads\/sites\/33\/2024\/12\/3.png 703w, https:\/\/ent2d.ac-bordeaux.fr\/disciplines\/eps\/wp-content\/uploads\/sites\/33\/2024\/12\/3-300x169.png 300w\" sizes=\"auto, (max-width: 703px) 100vw, 703px\" \/><\/a> <br><em>avant le 18 avril<\/em><br><a href=\"https:\/\/portailrh.ac-bordeaux.fr\/sofia-fmo-acad\/default\/extmodule\/subscriptionadd\/extModuleId\/67267\/tab\/trainee\/pill\/individualTrainingPlan\" target=\"_blank\" rel=\"noreferrer noopener\"><\/a><\/h2>\n<\/div>\n<\/div>\n<\/div>\n\n\n\n<div class=\"wp-block-column is-layout-flow wp-block-column-is-layout-flow\">\n<div class=\"wp-block-columns has-border-color has-luminous-vivid-amber-border-color is-layout-flex wp-container-core-columns-is-layout-28f84493 wp-block-columns-is-layout-flex\" style=\"border-style:solid;border-width:3px\">\n<div class=\"wp-block-column is-layout-flow wp-block-column-is-layout-flow\" style=\"flex-basis:100%\">\n<h2 class=\"wp-block-heading has-text-align-center\" style=\"font-size:15px\"><br><em>A destination des enseignants de lyc\u00e9e de Gironde<\/em><\/h2>\n\n\n\n<h2 class=\"wp-block-heading has-text-align-center has-medium-font-size\"><strong><strong><strong>CA 4 &#8211; BADMINTON<\/strong><\/strong><\/strong><\/h2>\n\n\n\n<h2 class=\"wp-block-heading has-text-align-center has-small-font-size\"><a href=\"https:\/\/portailrh.ac-bordeaux.fr\/sofia-fmo-acad\/default\/extmodule\/subscriptionadd\/extModuleId\/72654\/tab\/trainee\/pill\/individualTrainingPlan\" target=\"_blank\" rel=\"noreferrer noopener\"><img loading=\"lazy\" decoding=\"async\" width=\"703\" height=\"395\" class=\"wp-image-8504\" style=\"width: 110px\" src=\"https:\/\/ent2d.ac-bordeaux.fr\/disciplines\/eps\/wp-content\/uploads\/sites\/33\/2024\/12\/Sabonner-clic.png\" alt=\"\" srcset=\"https:\/\/ent2d.ac-bordeaux.fr\/disciplines\/eps\/wp-content\/uploads\/sites\/33\/2024\/12\/Sabonner-clic.png 703w, https:\/\/ent2d.ac-bordeaux.fr\/disciplines\/eps\/wp-content\/uploads\/sites\/33\/2024\/12\/Sabonner-clic-300x169.png 300w\" sizes=\"auto, (max-width: 703px) 100vw, 703px\" \/><\/a><br><br><a href=\"https:\/\/portailrh.ac-bordeaux.fr\/sofia-fmo-acad\/default\/extmodule\/subscriptionadd\/extModuleId\/67267\/tab\/trainee\/pill\/individualTrainingPlan\" target=\"_blank\" rel=\"noreferrer noopener\"><\/a><\/h2>\n<\/div>\n<\/div>\n<\/div>\n\n\n\n<div class=\"wp-block-column is-layout-flow wp-block-column-is-layout-flow\">\n<div class=\"wp-block-columns has-border-color has-luminous-vivid-amber-border-color is-layout-flex wp-container-core-columns-is-layout-28f84493 wp-block-columns-is-layout-flex\" style=\"border-style:solid;border-width:3px\">\n<div class=\"wp-block-column is-layout-flow wp-block-column-is-layout-flow\" style=\"flex-basis:100%\">\n<h2 class=\"wp-block-heading has-text-align-center\" style=\"font-size:15px\"><br><em>A destination des enseignants de lyc\u00e9e des<\/em> <em>Landes ou des Pyr\u00e9n\u00e9es Atlantiques<\/em><\/h2>\n\n\n\n<h2 class=\"wp-block-heading has-text-align-center has-medium-font-size\"><strong><strong><strong>CA 4 &#8211; BADMINTON<\/strong><\/strong><\/strong><\/h2>\n\n\n\n<h2 class=\"wp-block-heading has-text-align-center has-small-font-size\"><a href=\"https:\/\/portailrh.ac-bordeaux.fr\/sofia-fmo-acad\/default\/extmodule\/subscriptionadd\/extModuleId\/72655\/tab\/trainee\/pill\/individualTrainingPlan\" target=\"_blank\" rel=\"noreferrer noopener\"><img loading=\"lazy\" decoding=\"async\" width=\"703\" height=\"395\" class=\"wp-image-8504\" style=\"width: 110px\" src=\"https:\/\/ent2d.ac-bordeaux.fr\/disciplines\/eps\/wp-content\/uploads\/sites\/33\/2024\/12\/Sabonner-clic.png\" alt=\"\" srcset=\"https:\/\/ent2d.ac-bordeaux.fr\/disciplines\/eps\/wp-content\/uploads\/sites\/33\/2024\/12\/Sabonner-clic.png 703w, https:\/\/ent2d.ac-bordeaux.fr\/disciplines\/eps\/wp-content\/uploads\/sites\/33\/2024\/12\/Sabonner-clic-300x169.png 300w\" sizes=\"auto, (max-width: 703px) 100vw, 703px\" \/><\/a><br><br><strong>17 mars de 9h00 \u00e0 16h00 <\/strong><br>Coll\u00e8ge Badinter (Angresse)<br><a href=\"https:\/\/portailrh.ac-bordeaux.fr\/sofia-fmo-acad\/default\/session\/preregistrationadd\/globalSessionId\/94371\/tab\/trainee\/pill\/individualTrainingPlan\/infos\/72609|02|S1|2026-02-23_09:00:00|2026-02-23_16:00\" data-type=\"link\" data-id=\"https:\/\/portailrh.ac-bordeaux.fr\/sofia-fmo-acad\/default\/session\/preregistrationadd\/globalSessionId\/94371\/tab\/trainee\/pill\/individualTrainingPlan\/infos\/72609|02|S1|2026-02-23_09:00:00|2026-02-23_16:00\" target=\"_blank\" rel=\"noreferrer noopener\"><\/a><a href=\"https:\/\/portailrh.ac-bordeaux.fr\/sofia-fmo-acad\/default\/session\/preregistrationadd\/globalSessionId\/95942\/tab\/trainee\/pill\/individualTrainingPlan\/infos\/72594|01|S1|2026-03-31_09:00:00|2026-03-31_16:00:00\" data-type=\"link\" data-id=\"https:\/\/portailrh.ac-bordeaux.fr\/sofia-fmo-acad\/default\/session\/preregistrationadd\/globalSessionId\/91378\/tab\/trainee\/pill\/individualTrainingPlan\/infos\/72693|01|S1|2026-01-26_09:00:00|2026-01-26_16:30:00\" target=\"_blank\" rel=\"noreferrer noopener\"><img loading=\"lazy\" decoding=\"async\" width=\"703\" height=\"395\" class=\"wp-image-8434\" style=\"width: 110px\" src=\"https:\/\/ent2d.ac-bordeaux.fr\/disciplines\/eps\/wp-content\/uploads\/sites\/33\/2024\/10\/Preinscriptions-terminees.png\" alt=\"\" srcset=\"https:\/\/ent2d.ac-bordeaux.fr\/disciplines\/eps\/wp-content\/uploads\/sites\/33\/2024\/10\/Preinscriptions-terminees.png 703w, https:\/\/ent2d.ac-bordeaux.fr\/disciplines\/eps\/wp-content\/uploads\/sites\/33\/2024\/10\/Preinscriptions-terminees-300x169.png 300w\" sizes=\"auto, (max-width: 703px) 100vw, 703px\" \/><\/a> <br><br><strong>9 juin de 9h30 \u00e0 16h30<\/strong><br>Lyc\u00e9e Ren\u00e9 Cassin (Bayonne)<br><a href=\"https:\/\/portailrh.ac-bordeaux.fr\/sofia-fmo-acad\/default\/session\/preregistrationadd\/globalSessionId\/99388\/tab\/trainee\/pill\/individualTrainingPlan\/infos\/72655|02|S1|2026-06-09_09:30:00|2026-06-09_16:30:00\" target=\"_blank\" rel=\"noreferrer noopener\"><img loading=\"lazy\" decoding=\"async\" width=\"703\" height=\"395\" class=\"wp-image-8497\" style=\"width: 110px\" src=\"https:\/\/ent2d.ac-bordeaux.fr\/disciplines\/eps\/wp-content\/uploads\/sites\/33\/2024\/12\/3.png\" alt=\"\" srcset=\"https:\/\/ent2d.ac-bordeaux.fr\/disciplines\/eps\/wp-content\/uploads\/sites\/33\/2024\/12\/3.png 703w, https:\/\/ent2d.ac-bordeaux.fr\/disciplines\/eps\/wp-content\/uploads\/sites\/33\/2024\/12\/3-300x169.png 300w\" sizes=\"auto, (max-width: 703px) 100vw, 703px\" \/><\/a><br><em>avant le 14 avril<\/em><br><br><a href=\"https:\/\/portailrh.ac-bordeaux.fr\/sofia-fmo-acad\/default\/extmodule\/subscriptionadd\/extModuleId\/67267\/tab\/trainee\/pill\/individualTrainingPlan\" target=\"_blank\" rel=\"noreferrer noopener\"><\/a><\/h2>\n<\/div>\n<\/div>\n<\/div>\n<\/div>\n\n\n\n<p style=\"font-size:5px\"><\/p>\n\n\n\n<div class=\"wp-block-columns is-layout-flex wp-container-core-columns-is-layout-28f84493 wp-block-columns-is-layout-flex\">\n<div class=\"wp-block-column is-layout-flow wp-block-column-is-layout-flow\">\n<div class=\"wp-block-columns has-border-color has-luminous-vivid-amber-border-color is-layout-flex wp-container-core-columns-is-layout-28f84493 wp-block-columns-is-layout-flex\" style=\"border-style:solid;border-width:3px\">\n<div class=\"wp-block-column is-layout-flow wp-block-column-is-layout-flow\" style=\"flex-basis:100%\">\n<h2 class=\"wp-block-heading has-text-align-center\" style=\"font-size:15px\"><br><em>A destination des enseignants de lyc\u00e9e de Dordogne ou du Lot-et-Garonne<\/em><\/h2>\n\n\n\n<h2 class=\"wp-block-heading has-text-align-center has-medium-font-size\"><strong><strong><strong>CA 4 &#8211; VOLLEY-BALL<\/strong><\/strong><\/strong><a href=\"https:\/\/portailrh.ac-bordeaux.fr\/sofia-fmo-acad\/default\/session\/preregistrationadd\/globalSessionId\/78995\/tab\/trainee\/pill\/individualTrainingPlan\/infos\/67241|01|S1|2025-05-20_09:00:00|2025-05-20_16:00:00\" target=\"_blank\" rel=\"noreferrer noopener\"><\/a><\/h2>\n\n\n\n<h2 class=\"wp-block-heading has-text-align-center has-small-font-size\"><a href=\"https:\/\/portailrh.ac-bordeaux.fr\/sofia-fmo-acad\/default\/extmodule\/subscriptionadd\/extModuleId\/67255\/tab\/trainee\/pill\/individualTrainingPlan\" target=\"_blank\" rel=\"noreferrer noopener\"><img loading=\"lazy\" decoding=\"async\" width=\"703\" height=\"395\" class=\"wp-image-8504\" style=\"width: 110px\" src=\"https:\/\/ent2d.ac-bordeaux.fr\/disciplines\/eps\/wp-content\/uploads\/sites\/33\/2024\/12\/Sabonner-clic.png\" alt=\"\" srcset=\"https:\/\/ent2d.ac-bordeaux.fr\/disciplines\/eps\/wp-content\/uploads\/sites\/33\/2024\/12\/Sabonner-clic.png 703w, https:\/\/ent2d.ac-bordeaux.fr\/disciplines\/eps\/wp-content\/uploads\/sites\/33\/2024\/12\/Sabonner-clic-300x169.png 300w\" sizes=\"auto, (max-width: 703px) 100vw, 703px\" \/><\/a><\/h2>\n<\/div>\n<\/div>\n<\/div>\n\n\n\n<div class=\"wp-block-column is-layout-flow wp-block-column-is-layout-flow\">\n<div class=\"wp-block-columns has-border-color has-luminous-vivid-amber-border-color is-layout-flex wp-container-core-columns-is-layout-28f84493 wp-block-columns-is-layout-flex\" style=\"border-style:solid;border-width:3px\">\n<div class=\"wp-block-column is-layout-flow wp-block-column-is-layout-flow\" style=\"flex-basis:100%\">\n<h2 class=\"wp-block-heading has-text-align-center\" style=\"font-size:15px\"><br><em>A destination des enseignants de lyc\u00e9e de Gironde<\/em><\/h2>\n\n\n\n<h2 class=\"wp-block-heading has-text-align-center has-medium-font-size\"><strong><strong><strong>CA 4 &#8211; VOLLEY-BALL<\/strong><\/strong><\/strong><a href=\"https:\/\/portailrh.ac-bordeaux.fr\/sofia-fmo-acad\/default\/session\/preregistrationadd\/globalSessionId\/78995\/tab\/trainee\/pill\/individualTrainingPlan\/infos\/67241|01|S1|2025-05-20_09:00:00|2025-05-20_16:00:00\" target=\"_blank\" rel=\"noreferrer noopener\"><\/a><\/h2>\n\n\n\n<h2 class=\"wp-block-heading has-text-align-center has-small-font-size\"><a href=\"https:\/\/portailrh.ac-bordeaux.fr\/sofia-fmo-acad\/default\/extmodule\/subscriptionadd\/extModuleId\/72657\/tab\/trainee\/pill\/individualTrainingPlan\" target=\"_blank\" rel=\"noreferrer noopener\"><img loading=\"lazy\" decoding=\"async\" width=\"703\" height=\"395\" class=\"wp-image-8504\" style=\"width: 110px\" src=\"https:\/\/ent2d.ac-bordeaux.fr\/disciplines\/eps\/wp-content\/uploads\/sites\/33\/2024\/12\/Sabonner-clic.png\" alt=\"\" srcset=\"https:\/\/ent2d.ac-bordeaux.fr\/disciplines\/eps\/wp-content\/uploads\/sites\/33\/2024\/12\/Sabonner-clic.png 703w, https:\/\/ent2d.ac-bordeaux.fr\/disciplines\/eps\/wp-content\/uploads\/sites\/33\/2024\/12\/Sabonner-clic-300x169.png 300w\" sizes=\"auto, (max-width: 703px) 100vw, 703px\" \/><\/a><br><br><strong>Lundi 9 mars de 9h -16h <\/strong><br>Lyc\u00e9e Br\u00e9montier (Bordeaux)<br><a href=\"https:\/\/portailrh.ac-bordeaux.fr\/sofia-fmo-acad\/default\/session\/preregistrationadd\/globalSessionId\/94371\/tab\/trainee\/pill\/individualTrainingPlan\/infos\/72609|02|S1|2026-02-23_09:00:00|2026-02-23_16:00\" data-type=\"link\" data-id=\"https:\/\/portailrh.ac-bordeaux.fr\/sofia-fmo-acad\/default\/session\/preregistrationadd\/globalSessionId\/94371\/tab\/trainee\/pill\/individualTrainingPlan\/infos\/72609|02|S1|2026-02-23_09:00:00|2026-02-23_16:00\" target=\"_blank\" rel=\"noreferrer noopener\"><\/a><a href=\"https:\/\/portailrh.ac-bordeaux.fr\/sofia-fmo-acad\/default\/session\/preregistrationadd\/globalSessionId\/95942\/tab\/trainee\/pill\/individualTrainingPlan\/infos\/72594|01|S1|2026-03-31_09:00:00|2026-03-31_16:00:00\" data-type=\"link\" data-id=\"https:\/\/portailrh.ac-bordeaux.fr\/sofia-fmo-acad\/default\/session\/preregistrationadd\/globalSessionId\/91378\/tab\/trainee\/pill\/individualTrainingPlan\/infos\/72693|01|S1|2026-01-26_09:00:00|2026-01-26_16:30:00\" target=\"_blank\" rel=\"noreferrer noopener\"><img loading=\"lazy\" decoding=\"async\" width=\"703\" height=\"395\" class=\"wp-image-8434\" style=\"width: 110px\" src=\"https:\/\/ent2d.ac-bordeaux.fr\/disciplines\/eps\/wp-content\/uploads\/sites\/33\/2024\/10\/Preinscriptions-terminees.png\" alt=\"\" srcset=\"https:\/\/ent2d.ac-bordeaux.fr\/disciplines\/eps\/wp-content\/uploads\/sites\/33\/2024\/10\/Preinscriptions-terminees.png 703w, https:\/\/ent2d.ac-bordeaux.fr\/disciplines\/eps\/wp-content\/uploads\/sites\/33\/2024\/10\/Preinscriptions-terminees-300x169.png 300w\" sizes=\"auto, (max-width: 703px) 100vw, 703px\" \/><\/a> <\/h2>\n<\/div>\n<\/div>\n<\/div>\n\n\n\n<div class=\"wp-block-column is-layout-flow wp-block-column-is-layout-flow\">\n<div class=\"wp-block-columns has-border-color has-luminous-vivid-amber-border-color is-layout-flex wp-container-core-columns-is-layout-28f84493 wp-block-columns-is-layout-flex\" style=\"border-style:solid;border-width:3px\">\n<div class=\"wp-block-column is-layout-flow wp-block-column-is-layout-flow\" style=\"flex-basis:100%\">\n<h2 class=\"wp-block-heading has-text-align-center\" style=\"font-size:15px\"><br><em>A destination des enseignants de lyc\u00e9e des<\/em> <em>Landes<\/em> <em>ou des Pyr\u00e9n\u00e9es Atlantiques<\/em><\/h2>\n\n\n\n<h2 class=\"wp-block-heading has-text-align-center has-medium-font-size\"><strong><strong><strong>CA 4 &#8211; <strong><strong><strong>VOLLEY-BALL<\/strong><\/strong><\/strong><\/strong><\/strong><\/strong><\/h2>\n\n\n\n<h2 class=\"wp-block-heading has-text-align-center has-small-font-size\"><a href=\"https:\/\/portailrh.ac-bordeaux.fr\/sofia-fmo-acad\/default\/extmodule\/subscriptionadd\/extModuleId\/72661\/tab\/trainee\/pill\/individualTrainingPlan\" target=\"_blank\" rel=\"noreferrer noopener\"><img loading=\"lazy\" decoding=\"async\" width=\"703\" height=\"395\" class=\"wp-image-8504\" style=\"width: 110px\" src=\"https:\/\/ent2d.ac-bordeaux.fr\/disciplines\/eps\/wp-content\/uploads\/sites\/33\/2024\/12\/Sabonner-clic.png\" alt=\"\" srcset=\"https:\/\/ent2d.ac-bordeaux.fr\/disciplines\/eps\/wp-content\/uploads\/sites\/33\/2024\/12\/Sabonner-clic.png 703w, https:\/\/ent2d.ac-bordeaux.fr\/disciplines\/eps\/wp-content\/uploads\/sites\/33\/2024\/12\/Sabonner-clic-300x169.png 300w\" sizes=\"auto, (max-width: 703px) 100vw, 703px\" \/><\/a><br><a href=\"https:\/\/portailrh.ac-bordeaux.fr\/sofia-fmo-acad\/default\/extmodule\/subscriptionadd\/extModuleId\/67267\/tab\/trainee\/pill\/individualTrainingPlan\" target=\"_blank\" rel=\"noreferrer noopener\"><\/a><\/h2>\n<\/div>\n<\/div>\n<\/div>\n<\/div>\n\n\n\n<p style=\"font-size:3px\"><\/p>\n\n\n\n<div class=\"wp-block-columns is-layout-flex wp-container-core-columns-is-layout-28f84493 wp-block-columns-is-layout-flex\">\n<div class=\"wp-block-column is-layout-flow wp-block-column-is-layout-flow\">\n<div class=\"wp-block-columns has-border-color has-luminous-vivid-amber-border-color is-layout-flex wp-container-core-columns-is-layout-28f84493 wp-block-columns-is-layout-flex\" style=\"border-style:solid;border-width:3px\">\n<div class=\"wp-block-column is-layout-flow wp-block-column-is-layout-flow\" style=\"flex-basis:100%\">\n<h2 class=\"wp-block-heading has-text-align-center\" style=\"font-size:15px\"><br><em>A destination des enseignants de lyc\u00e9e de Dordogne<\/em> <em>ou du Lot-et-Garonne<\/em><\/h2>\n\n\n\n<h2 class=\"wp-block-heading has-text-align-center has-medium-font-size\"><strong><strong><strong><strong>CA 5 &#8211; MUSCULATION<\/strong><\/strong><\/strong><\/strong><\/h2>\n\n\n\n<h2 class=\"wp-block-heading has-text-align-center has-small-font-size\"><a href=\"https:\/\/portailrh.ac-bordeaux.fr\/sofia-fmo-acad\/default\/extmodule\/subscriptionadd\/extModuleId\/72658\/tab\/trainee\/pill\/individualTrainingPlan\" target=\"_blank\" rel=\"noreferrer noopener\"><img loading=\"lazy\" decoding=\"async\" width=\"703\" height=\"395\" class=\"wp-image-8504\" style=\"width: 110px\" src=\"https:\/\/ent2d.ac-bordeaux.fr\/disciplines\/eps\/wp-content\/uploads\/sites\/33\/2024\/12\/Sabonner-clic.png\" alt=\"\" srcset=\"https:\/\/ent2d.ac-bordeaux.fr\/disciplines\/eps\/wp-content\/uploads\/sites\/33\/2024\/12\/Sabonner-clic.png 703w, https:\/\/ent2d.ac-bordeaux.fr\/disciplines\/eps\/wp-content\/uploads\/sites\/33\/2024\/12\/Sabonner-clic-300x169.png 300w\" sizes=\"auto, (max-width: 703px) 100vw, 703px\" \/><\/a><br><br><strong>Vendredi 5 juin de 9h30 -16h30<\/strong><br>Lyc\u00e9e Bertran de Born (P\u00e9rigueux)<br><a href=\"https:\/\/portailrh.ac-bordeaux.fr\/sofia-fmo-acad\/default\/session\/preregistrationadd\/globalSessionId\/99546\/tab\/trainee\/pill\/individualTrainingPlan\/infos\/72658|01|S1|2026-06-05_09:30:00|2026-06-05_16:30:00\" data-type=\"link\" data-id=\"https:\/\/portailrh.ac-bordeaux.fr\/sofia-fmo-acad\/default\/session\/preregistrationadd\/globalSessionId\/97643\/tab\/trainee\/pill\/individualTrainingPlan\/infos\/72659|01|S1|2026-06-12_09:00:00|2026-06-12_16:00:00\" target=\"_blank\" rel=\"noreferrer noopener\"><img loading=\"lazy\" decoding=\"async\" width=\"703\" height=\"395\" class=\"wp-image-9700\" style=\"width: 110px\" src=\"https:\/\/ent2d.ac-bordeaux.fr\/disciplines\/eps\/wp-content\/uploads\/sites\/33\/2025\/11\/copyImage.png\" alt=\"\" srcset=\"https:\/\/ent2d.ac-bordeaux.fr\/disciplines\/eps\/wp-content\/uploads\/sites\/33\/2025\/11\/copyImage.png 703w, https:\/\/ent2d.ac-bordeaux.fr\/disciplines\/eps\/wp-content\/uploads\/sites\/33\/2025\/11\/copyImage-300x169.png 300w\" sizes=\"auto, (max-width: 703px) 100vw, 703px\" \/><\/a><br><em>avant le 24 avril<\/em><br><a href=\"https:\/\/portailrh.ac-bordeaux.fr\/sofia-fmo-acad\/default\/extmodule\/subscriptionadd\/extModuleId\/67267\/tab\/trainee\/pill\/individualTrainingPlan\" target=\"_blank\" rel=\"noreferrer noopener\"><\/a><\/h2>\n<\/div>\n<\/div>\n<\/div>\n\n\n\n<div class=\"wp-block-column is-layout-flow wp-block-column-is-layout-flow\">\n<div class=\"wp-block-columns has-border-color has-luminous-vivid-amber-border-color is-layout-flex wp-container-core-columns-is-layout-28f84493 wp-block-columns-is-layout-flex\" style=\"border-style:solid;border-width:3px\">\n<div class=\"wp-block-column is-layout-flow wp-block-column-is-layout-flow\" style=\"flex-basis:100%\">\n<h2 class=\"wp-block-heading has-text-align-center\" style=\"font-size:15px\"><br><em>A destination des enseignants de lyc\u00e9e de Gironde<\/em><\/h2>\n\n\n\n<h2 class=\"wp-block-heading has-text-align-center has-medium-font-size\"><strong><strong><strong><strong><strong><strong>CA 5 &#8211; MUSCULATION<\/strong><\/strong><\/strong><\/strong><\/strong><\/strong><a href=\"https:\/\/portailrh.ac-bordeaux.fr\/sofia-fmo-acad\/default\/session\/preregistrationadd\/globalSessionId\/79916\/tab\/trainee\/pill\/individualTrainingPlan\/infos\/67249|01|S1|2025-04-08_09:00:00|2025-04-08_16:00:00\" target=\"_blank\" rel=\"noreferrer noopener\"><\/a><a href=\"https:\/\/portailrh.ac-bordeaux.fr\/sofia-fmo-acad\/default\/session\/preregistrationadd\/globalSessionId\/78995\/tab\/trainee\/pill\/individualTrainingPlan\/infos\/67241|01|S1|2025-05-20_09:00:00|2025-05-20_16:00:00\" target=\"_blank\" rel=\"noreferrer noopener\"><\/a><\/h2>\n\n\n\n<h2 class=\"wp-block-heading has-text-align-center has-small-font-size\"><a href=\"https:\/\/portailrh.ac-bordeaux.fr\/sofia-fmo-acad\/default\/extmodule\/subscriptionadd\/extModuleId\/72659\/tab\/trainee\/pill\/individualTrainingPlan\" target=\"_blank\" rel=\"noreferrer noopener\"><img loading=\"lazy\" decoding=\"async\" width=\"703\" height=\"395\" class=\"wp-image-8504\" style=\"width: 110px\" src=\"https:\/\/ent2d.ac-bordeaux.fr\/disciplines\/eps\/wp-content\/uploads\/sites\/33\/2024\/12\/Sabonner-clic.png\" alt=\"\" srcset=\"https:\/\/ent2d.ac-bordeaux.fr\/disciplines\/eps\/wp-content\/uploads\/sites\/33\/2024\/12\/Sabonner-clic.png 703w, https:\/\/ent2d.ac-bordeaux.fr\/disciplines\/eps\/wp-content\/uploads\/sites\/33\/2024\/12\/Sabonner-clic-300x169.png 300w\" sizes=\"auto, (max-width: 703px) 100vw, 703px\" \/><\/a><br><a href=\"https:\/\/portailrh.ac-bordeaux.fr\/sofia-fmo-acad\/default\/extmodule\/subscriptionadd\/extModuleId\/67267\/tab\/trainee\/pill\/individualTrainingPlan\" target=\"_blank\" rel=\"noreferrer noopener\"><\/a><\/h2>\n\n\n\n<h2 class=\"wp-block-heading has-text-align-center has-small-font-size\" id=\"block-b7db7948-dc35-4ce9-8d87-72c3d418ef32\"><strong>Vendredi 12 juin de 9h -16h<\/strong><br>Lyc\u00e9e Vaclav Havel (B\u00e8gles)<br><a href=\"https:\/\/portailrh.ac-bordeaux.fr\/sofia-fmo-acad\/default\/session\/preregistrationadd\/globalSessionId\/97643\/tab\/trainee\/pill\/individualTrainingPlan\/infos\/72659|01|S1|2026-06-12_09:00:00|2026-06-12_16:00:00\" data-type=\"link\" data-id=\"https:\/\/portailrh.ac-bordeaux.fr\/sofia-fmo-acad\/default\/session\/preregistrationadd\/globalSessionId\/97643\/tab\/trainee\/pill\/individualTrainingPlan\/infos\/72659|01|S1|2026-06-12_09:00:00|2026-06-12_16:00:00\" target=\"_blank\" rel=\"noreferrer noopener\"><img loading=\"lazy\" decoding=\"async\" width=\"703\" height=\"395\" class=\"wp-image-9700\" style=\"width: 110px\" src=\"https:\/\/ent2d.ac-bordeaux.fr\/disciplines\/eps\/wp-content\/uploads\/sites\/33\/2025\/11\/copyImage.png\" alt=\"\" srcset=\"https:\/\/ent2d.ac-bordeaux.fr\/disciplines\/eps\/wp-content\/uploads\/sites\/33\/2025\/11\/copyImage.png 703w, https:\/\/ent2d.ac-bordeaux.fr\/disciplines\/eps\/wp-content\/uploads\/sites\/33\/2025\/11\/copyImage-300x169.png 300w\" sizes=\"auto, (max-width: 703px) 100vw, 703px\" \/><\/a><br><em>avant le 18 avril<\/em><\/h2>\n<\/div>\n<\/div>\n<\/div>\n\n\n\n<div class=\"wp-block-column is-layout-flow wp-block-column-is-layout-flow\">\n<div class=\"wp-block-columns has-border-color has-luminous-vivid-amber-border-color is-layout-flex wp-container-core-columns-is-layout-28f84493 wp-block-columns-is-layout-flex\" style=\"border-style:solid;border-width:3px\">\n<div class=\"wp-block-column is-layout-flow wp-block-column-is-layout-flow\" style=\"flex-basis:100%\">\n<h2 class=\"wp-block-heading has-text-align-center\" style=\"font-size:15px\"><br><em>A destination des enseignants de lyc\u00e9e des<\/em> <em>Landes<\/em> <em>ou des Pyr\u00e9n\u00e9es Atlantiques <\/em><\/h2>\n\n\n\n<h2 class=\"wp-block-heading has-text-align-center has-medium-font-size\"><strong><strong><strong><strong><strong><strong>CA 5 &#8211; MUSCULATION<\/strong><\/strong><\/strong><\/strong><\/strong><\/strong><\/h2>\n\n\n\n<h2 class=\"wp-block-heading has-text-align-center has-small-font-size\"><a href=\"https:\/\/portailrh.ac-bordeaux.fr\/sofia-fmo-acad\/default\/extmodule\/subscriptionadd\/extModuleId\/72660\/tab\/trainee\/pill\/individualTrainingPlan\" target=\"_blank\" rel=\"noreferrer noopener\"><img loading=\"lazy\" decoding=\"async\" width=\"703\" height=\"395\" class=\"wp-image-8504\" style=\"width: 110px\" src=\"https:\/\/ent2d.ac-bordeaux.fr\/disciplines\/eps\/wp-content\/uploads\/sites\/33\/2024\/12\/Sabonner-clic.png\" alt=\"\" srcset=\"https:\/\/ent2d.ac-bordeaux.fr\/disciplines\/eps\/wp-content\/uploads\/sites\/33\/2024\/12\/Sabonner-clic.png 703w, https:\/\/ent2d.ac-bordeaux.fr\/disciplines\/eps\/wp-content\/uploads\/sites\/33\/2024\/12\/Sabonner-clic-300x169.png 300w\" sizes=\"auto, (max-width: 703px) 100vw, 703px\" \/><\/a><br><br><strong>Lundi 8 juin de 9h30 -16h30<\/strong><br>Lyc\u00e9e de Borda (Dax)<br><a href=\"https:\/\/portailrh.ac-bordeaux.fr\/sofia-fmo-acad\/default\/session\/preregistrationadd\/globalSessionId\/99547\/tab\/trainee\/pill\/individualTrainingPlan\/infos\/72660|01|S1|2026-06-08_09:30:00|2026-06-08_16:30:00\" data-type=\"link\" data-id=\"https:\/\/portailrh.ac-bordeaux.fr\/sofia-fmo-acad\/default\/session\/preregistrationadd\/globalSessionId\/97643\/tab\/trainee\/pill\/individualTrainingPlan\/infos\/72659|01|S1|2026-06-12_09:00:00|2026-06-12_16:00:00\" target=\"_blank\" rel=\"noreferrer noopener\"><img loading=\"lazy\" decoding=\"async\" width=\"703\" height=\"395\" class=\"wp-image-9700\" style=\"width: 110px\" src=\"https:\/\/ent2d.ac-bordeaux.fr\/disciplines\/eps\/wp-content\/uploads\/sites\/33\/2025\/11\/copyImage.png\" alt=\"\" srcset=\"https:\/\/ent2d.ac-bordeaux.fr\/disciplines\/eps\/wp-content\/uploads\/sites\/33\/2025\/11\/copyImage.png 703w, https:\/\/ent2d.ac-bordeaux.fr\/disciplines\/eps\/wp-content\/uploads\/sites\/33\/2025\/11\/copyImage-300x169.png 300w\" sizes=\"auto, (max-width: 703px) 100vw, 703px\" \/><\/a><br><em>avant le 27 avril<\/em><br><a href=\"https:\/\/portailrh.ac-bordeaux.fr\/sofia-fmo-acad\/default\/extmodule\/subscriptionadd\/extModuleId\/67267\/tab\/trainee\/pill\/individualTrainingPlan\" target=\"_blank\" rel=\"noreferrer noopener\"><\/a><\/h2>\n<\/div>\n<\/div>\n<\/div>\n<\/div>\n\n\n\n<p style=\"font-size:7px\"><\/p>\n\n\n\n<div class=\"wp-block-columns is-layout-flex wp-container-core-columns-is-layout-28f84493 wp-block-columns-is-layout-flex\">\n<div class=\"wp-block-column is-layout-flow wp-block-column-is-layout-flow\" style=\"flex-basis:100%\">\n<h2 class=\"wp-block-heading has-text-align-center has-black-color has-vivid-green-cyan-background-color has-text-color has-background has-link-color wp-elements-d4a26073ff26bb919eed2779fc05a087\" style=\"font-size:17px\"><strong>SAVOIRS FONDAMENTAUX : SAVOIR NAGER EN SECURITE <\/strong><\/h2>\n<\/div>\n<\/div>\n\n\n\n<div class=\"wp-block-columns has-border-color has-vivid-green-cyan-border-color is-layout-flex wp-container-core-columns-is-layout-28f84493 wp-block-columns-is-layout-flex\" style=\"border-width:2px\">\n<div class=\"wp-block-column is-layout-flow wp-block-column-is-layout-flow\">\n<div class=\"wp-block-columns is-layout-flex wp-container-core-columns-is-layout-28f84493 wp-block-columns-is-layout-flex\">\n<div class=\"wp-block-column is-layout-flow wp-block-column-is-layout-flow\" style=\"flex-basis:100%\">\n<div class=\"wp-block-columns is-layout-flex wp-container-core-columns-is-layout-28f84493 wp-block-columns-is-layout-flex\">\n<div class=\"wp-block-column is-layout-flow wp-block-column-is-layout-flow\" style=\"flex-basis:100%\">\n<h2 class=\"wp-block-heading has-text-align-left\" style=\"font-size:12px\">De l&#8217;aisance aquatique \u00e0 l&#8217;ASNS : construire le parcours de formation de l&#8217;\u00e9l\u00e8ve nageur<br>Formation en inter-degr\u00e9s<br><br><span style=\"text-decoration: underline\">Public cible<\/span> : enseignants exer\u00e7ant en coll\u00e8ge et professeurs des \u00e9coles (candidature individuelle)<br><span style=\"text-decoration: underline\">Modalit\u00e9s<\/span> : pr\u00e9sentiel <br><span style=\"text-decoration: underline\">Dur\u00e9e<\/span> : 6 heures<\/h2>\n<\/div>\n<\/div>\n<\/div>\n<\/div>\n<\/div>\n<\/div>\n\n\n\n<p style=\"font-size:5px\"><\/p>\n\n\n\n<div class=\"wp-block-columns is-layout-flex wp-container-core-columns-is-layout-28f84493 wp-block-columns-is-layout-flex\">\n<div class=\"wp-block-column is-layout-flow wp-block-column-is-layout-flow\">\n<div class=\"wp-block-columns has-border-color has-vivid-green-cyan-border-color is-layout-flex wp-container-core-columns-is-layout-28f84493 wp-block-columns-is-layout-flex\" style=\"border-style:solid;border-width:3px\">\n<div class=\"wp-block-column is-layout-flow wp-block-column-is-layout-flow\" style=\"flex-basis:100%\">\n<h2 class=\"wp-block-heading has-text-align-center\" style=\"font-size:15px\"><br><em>A destination des enseignants de Dordogne et du Lot et Garonne<\/em><\/h2>\n\n\n\n<h2 class=\"wp-block-heading has-text-align-center has-medium-font-size\"><strong><strong><strong><strong><strong><strong>DE L&#8217;AISANCE AQUATIQUE <\/strong><\/strong><\/strong><\/strong><\/strong><\/strong><br><strong><strong><strong><strong><strong><strong>A L&#8217;ASNS<\/strong><\/strong><\/strong><\/strong><\/strong><\/strong><\/h2>\n\n\n\n<h2 class=\"wp-block-heading has-text-align-center has-small-font-size\"><a href=\"https:\/\/portailrh.ac-bordeaux.fr\/sofia-fmo-acad\/default\/extmodule\/subscriptionadd\/extModuleId\/72828\/tab\/trainee\/pill\/individualTrainingPlan\" target=\"_blank\" rel=\"noreferrer noopener\"><img loading=\"lazy\" decoding=\"async\" width=\"703\" height=\"395\" class=\"wp-image-8504\" style=\"width: 110px\" src=\"https:\/\/ent2d.ac-bordeaux.fr\/disciplines\/eps\/wp-content\/uploads\/sites\/33\/2024\/12\/Sabonner-clic.png\" alt=\"\" srcset=\"https:\/\/ent2d.ac-bordeaux.fr\/disciplines\/eps\/wp-content\/uploads\/sites\/33\/2024\/12\/Sabonner-clic.png 703w, https:\/\/ent2d.ac-bordeaux.fr\/disciplines\/eps\/wp-content\/uploads\/sites\/33\/2024\/12\/Sabonner-clic-300x169.png 300w\" sizes=\"auto, (max-width: 703px) 100vw, 703px\" \/><\/a><br><a href=\"https:\/\/portailrh.ac-bordeaux.fr\/sofia-fmo-acad\/default\/extmodule\/subscriptionadd\/extModuleId\/67267\/tab\/trainee\/pill\/individualTrainingPlan\" target=\"_blank\" rel=\"noreferrer noopener\"><\/a><\/h2>\n<\/div>\n<\/div>\n<\/div>\n\n\n\n<div class=\"wp-block-column is-layout-flow wp-block-column-is-layout-flow\">\n<div class=\"wp-block-columns has-border-color has-light-green-cyan-border-color is-layout-flex wp-container-core-columns-is-layout-28f84493 wp-block-columns-is-layout-flex\" style=\"border-style:solid;border-width:3px\">\n<div class=\"wp-block-column is-layout-flow wp-block-column-is-layout-flow\" style=\"flex-basis:100%\">\n<h2 class=\"wp-block-heading has-text-align-center\" style=\"font-size:15px\"><br><em>A destination des enseignants de Gironde<\/em><\/h2>\n\n\n\n<h2 class=\"wp-block-heading has-text-align-center has-medium-font-size\"><strong><strong><strong><strong><strong><strong><strong><strong><strong><strong><strong><strong>DE L&#8217;AISANCE AQUATIQUE <\/strong><\/strong><\/strong><\/strong><\/strong><\/strong><\/strong><\/strong><\/strong><\/strong><\/strong><\/strong><br><strong><strong><strong><strong><strong><strong><strong><strong><strong><strong><strong><strong>A L&#8217;ASNS<\/strong><\/strong><\/strong><\/strong><\/strong><\/strong><\/strong><\/strong><\/strong><\/strong><\/strong> <\/strong><\/h2>\n\n\n\n<h2 class=\"wp-block-heading has-text-align-center has-small-font-size\"><a href=\"https:\/\/portailrh.ac-bordeaux.fr\/sofia-fmo-acad\/default\/extmodule\/subscriptionadd\/extModuleId\/72829\/tab\/trainee\/pill\/individualTrainingPlan\" target=\"_blank\" rel=\"noreferrer noopener\"><img loading=\"lazy\" decoding=\"async\" width=\"703\" height=\"395\" class=\"wp-image-8504\" style=\"width: 110px\" src=\"https:\/\/ent2d.ac-bordeaux.fr\/disciplines\/eps\/wp-content\/uploads\/sites\/33\/2024\/12\/Sabonner-clic.png\" alt=\"\" srcset=\"https:\/\/ent2d.ac-bordeaux.fr\/disciplines\/eps\/wp-content\/uploads\/sites\/33\/2024\/12\/Sabonner-clic.png 703w, https:\/\/ent2d.ac-bordeaux.fr\/disciplines\/eps\/wp-content\/uploads\/sites\/33\/2024\/12\/Sabonner-clic-300x169.png 300w\" sizes=\"auto, (max-width: 703px) 100vw, 703px\" \/><\/a><a href=\"https:\/\/portailrh.ac-bordeaux.fr\/sofia-fmo-acad\/default\/extmodule\/subscriptionadd\/extModuleId\/67267\/tab\/trainee\/pill\/individualTrainingPlan\" target=\"_blank\" rel=\"noreferrer noopener\"><\/a><\/h2>\n<\/div>\n<\/div>\n\n\n\n<p class=\"has-text-align-center has-small-font-size\"><\/p>\n\n\n\n<h2 class=\"wp-block-heading has-text-align-center has-small-font-size\"><\/h2>\n<\/div>\n\n\n\n<div class=\"wp-block-column is-layout-flow wp-block-column-is-layout-flow\">\n<div class=\"wp-block-columns has-border-color has-vivid-green-cyan-border-color is-layout-flex wp-container-core-columns-is-layout-28f84493 wp-block-columns-is-layout-flex\" style=\"border-style:solid;border-width:3px\">\n<div class=\"wp-block-column is-layout-flow wp-block-column-is-layout-flow\" style=\"flex-basis:100%\">\n<h2 class=\"wp-block-heading has-text-align-center\" style=\"font-size:15px\"><br><em>A destination des enseignants des Landes et des Pyr\u00e9n\u00e9es Atlantiques<\/em><\/h2>\n\n\n\n<h2 class=\"wp-block-heading has-text-align-center has-medium-font-size\"><strong><strong><strong><strong><strong><strong><strong><strong><strong><strong><strong><strong>DE L&#8217;AISANCE AQUATIQUE <\/strong><\/strong><\/strong><\/strong><\/strong><\/strong><\/strong><\/strong><\/strong><\/strong><\/strong><\/strong><br><strong><strong><strong><strong><strong><strong><strong><strong><strong><strong><strong><strong>A <\/strong><\/strong><\/strong><\/strong><\/strong><\/strong><\/strong><\/strong><\/strong><\/strong><\/strong>L&#8217;ASNS<\/strong><br><a href=\"https:\/\/portailrh.ac-bordeaux.fr\/sofia-fmo-acad\/default\/extmodule\/subscriptionadd\/extModuleId\/72830\/tab\/trainee\/pill\/individualTrainingPlan\" target=\"_blank\" rel=\"noreferrer noopener\"><img loading=\"lazy\" decoding=\"async\" width=\"703\" height=\"395\" class=\"wp-image-8504\" style=\"width: 110px\" src=\"https:\/\/ent2d.ac-bordeaux.fr\/disciplines\/eps\/wp-content\/uploads\/sites\/33\/2024\/12\/Sabonner-clic.png\" alt=\"\" srcset=\"https:\/\/ent2d.ac-bordeaux.fr\/disciplines\/eps\/wp-content\/uploads\/sites\/33\/2024\/12\/Sabonner-clic.png 703w, https:\/\/ent2d.ac-bordeaux.fr\/disciplines\/eps\/wp-content\/uploads\/sites\/33\/2024\/12\/Sabonner-clic-300x169.png 300w\" sizes=\"auto, (max-width: 703px) 100vw, 703px\" \/><\/a><\/h2>\n\n\n\n<p class=\"has-text-align-center\"><strong>25 f\u00e9vrier de 9h30 \u00e0 16h30<\/strong> <br>Coll\u00e8ge Dussarat et Piscine Aquae<br><a href=\"https:\/\/portailrh.ac-bordeaux.fr\/sofia-fmo-acad\/default\/session\/preregistrationadd\/globalSessionId\/93189\/tab\/trainee\/pill\/individualTrainingPlan\/infos\/72597|02|S1|2026-02-25_09:30:00|2026-02-25_11:30:00\" target=\"_blank\" rel=\"noreferrer noopener\"><img loading=\"lazy\" decoding=\"async\" width=\"703\" height=\"395\" class=\"wp-image-8434\" style=\"width: 110px\" src=\"https:\/\/ent2d.ac-bordeaux.fr\/disciplines\/eps\/wp-content\/uploads\/sites\/33\/2024\/10\/Preinscriptions-terminees.png\" alt=\"\" srcset=\"https:\/\/ent2d.ac-bordeaux.fr\/disciplines\/eps\/wp-content\/uploads\/sites\/33\/2024\/10\/Preinscriptions-terminees.png 703w, https:\/\/ent2d.ac-bordeaux.fr\/disciplines\/eps\/wp-content\/uploads\/sites\/33\/2024\/10\/Preinscriptions-terminees-300x169.png 300w\" sizes=\"auto, (max-width: 703px) 100vw, 703px\" \/><\/a><\/p>\n<\/div>\n<\/div>\n<\/div>\n<\/div>\n\n\n\n<p style=\"font-size:10px\"><\/p>\n\n\n\n<h2 class=\"wp-block-heading has-text-align-center has-black-color has-luminous-vivid-orange-background-color has-text-color has-background has-link-color wp-elements-5c20cf851d798fa42bbb6a1210539693\" style=\"font-size:17px\"><strong>GROUPES DE REFLEXION PEDAGOGIQUE (GRP)<\/strong><\/h2>\n\n\n\n<div class=\"wp-block-columns has-border-color has-luminous-vivid-orange-border-color has-white-background-color has-background is-layout-flex wp-container-core-columns-is-layout-28f84493 wp-block-columns-is-layout-flex\" style=\"border-width:2px\">\n<div class=\"wp-block-column is-layout-flow wp-block-column-is-layout-flow\" style=\"flex-basis:100%\">\n<div class=\"wp-block-columns is-layout-flex wp-container-core-columns-is-layout-28f84493 wp-block-columns-is-layout-flex\">\n<div class=\"wp-block-column is-layout-flow wp-block-column-is-layout-flow\" style=\"flex-basis:100%\">\n<h2 class=\"wp-block-heading has-text-align-left\" style=\"font-size:12px\"><em><br><\/em>Observer et analyser la motricit\u00e9 des \u00e9l\u00e8ves pour prendre en compte leur besoins et d\u00e9finir le pas en avant \u00e0 franchir.<br>Concevoir des formes scolaires de pratique et des situations cibl\u00e9es diff\u00e9renci\u00e9es et accessibles \u00e0 tous. <br>Mutualiser et \u00e9changer autour de ses pratiques professionnelles.<br><br><span style=\"text-decoration: underline\">Public cible<\/span> : enseignants d&#8217;EPS<br><span style=\"text-decoration: underline\">Modalit\u00e9s<\/span> : pr\u00e9sentiel<br><span style=\"text-decoration: underline\">Dur\u00e9e<\/span> : 2 \u00e0 3 journ\u00e9es de 6 heures<\/h2>\n<\/div>\n<\/div>\n<\/div>\n<\/div>\n\n\n\n<div class=\"wp-block-columns is-layout-flex wp-container-core-columns-is-layout-28f84493 wp-block-columns-is-layout-flex\">\n<div class=\"wp-block-column is-layout-flow wp-block-column-is-layout-flow\">\n<div class=\"wp-block-columns is-layout-flex wp-container-core-columns-is-layout-28f84493 wp-block-columns-is-layout-flex\">\n<div class=\"wp-block-column is-layout-flow wp-block-column-is-layout-flow\">\n<div class=\"wp-block-columns has-border-color has-cyan-bluish-gray-border-color is-layout-flex wp-container-core-columns-is-layout-28f84493 wp-block-columns-is-layout-flex\" style=\"border-style:solid;border-width:2px\">\n<div class=\"wp-block-column is-layout-flow wp-block-column-is-layout-flow\" style=\"flex-basis:100%\">\n<h2 class=\"wp-block-heading has-text-align-center has-medium-font-size\"><br><strong>GRP 24 : DORDOGNE<\/strong><\/h2>\n\n\n\n<h2 class=\"wp-block-heading has-text-align-center has-small-font-size\"><a href=\"https:\/\/portailrh.ac-bordeaux.fr\/sofia-fmo-acad\/default\/extmodule\/subscriptionadd\/extModuleId\/72686\/tab\/trainee\/pill\/individualTrainingPlan\" target=\"_blank\" rel=\"noreferrer noopener\"><img loading=\"lazy\" decoding=\"async\" width=\"703\" height=\"395\" class=\"wp-image-8504\" style=\"width: 110px\" src=\"https:\/\/ent2d.ac-bordeaux.fr\/disciplines\/eps\/wp-content\/uploads\/sites\/33\/2024\/12\/Sabonner-clic.png\" alt=\"\" srcset=\"https:\/\/ent2d.ac-bordeaux.fr\/disciplines\/eps\/wp-content\/uploads\/sites\/33\/2024\/12\/Sabonner-clic.png 703w, https:\/\/ent2d.ac-bordeaux.fr\/disciplines\/eps\/wp-content\/uploads\/sites\/33\/2024\/12\/Sabonner-clic-300x169.png 300w\" sizes=\"auto, (max-width: 703px) 100vw, 703px\" \/><\/a><br><br><strong>Journ\u00e9e 1 : 15 d\u00e9cembre de 9h \u00e0 16h30 <\/strong><br>Lyc\u00e9e L\u00e9onard de Vinci (P\u00e9rigueux)<br><img loading=\"lazy\" decoding=\"async\" width=\"703\" height=\"395\" class=\"wp-image-8434\" style=\"width: 110px\" src=\"https:\/\/ent2d.ac-bordeaux.fr\/disciplines\/eps\/wp-content\/uploads\/sites\/33\/2024\/10\/Preinscriptions-terminees.png\" alt=\"\" srcset=\"https:\/\/ent2d.ac-bordeaux.fr\/disciplines\/eps\/wp-content\/uploads\/sites\/33\/2024\/10\/Preinscriptions-terminees.png 703w, https:\/\/ent2d.ac-bordeaux.fr\/disciplines\/eps\/wp-content\/uploads\/sites\/33\/2024\/10\/Preinscriptions-terminees-300x169.png 300w\" sizes=\"auto, (max-width: 703px) 100vw, 703px\" \/><br><br><strong>Journ\u00e9e 2 : 10 mars de 9h00 \u00e0 16h30<\/strong> <br>Lyc\u00e9e L\u00e9onard de Vinci (P\u00e9rigueux)<br><a href=\"https:\/\/portailrh.ac-bordeaux.fr\/sofia-fmo-acad\/default\/session\/preregistrationadd\/globalSessionId\/91378\/tab\/trainee\/pill\/individualTrainingPlan\/infos\/72693|01|S1|2026-01-26_09:00:00|2026-01-26_16:30:00\" data-type=\"link\" data-id=\"https:\/\/portailrh.ac-bordeaux.fr\/sofia-fmo-acad\/default\/session\/preregistrationadd\/globalSessionId\/91378\/tab\/trainee\/pill\/individualTrainingPlan\/infos\/72693|01|S1|2026-01-26_09:00:00|2026-01-26_16:30:00\" target=\"_blank\" rel=\"noreferrer noopener\"><img loading=\"lazy\" decoding=\"async\" width=\"703\" height=\"395\" class=\"wp-image-8434\" style=\"width: 110px\" src=\"https:\/\/ent2d.ac-bordeaux.fr\/disciplines\/eps\/wp-content\/uploads\/sites\/33\/2024\/10\/Preinscriptions-terminees.png\" alt=\"\" srcset=\"https:\/\/ent2d.ac-bordeaux.fr\/disciplines\/eps\/wp-content\/uploads\/sites\/33\/2024\/10\/Preinscriptions-terminees.png 703w, https:\/\/ent2d.ac-bordeaux.fr\/disciplines\/eps\/wp-content\/uploads\/sites\/33\/2024\/10\/Preinscriptions-terminees-300x169.png 300w\" sizes=\"auto, (max-width: 703px) 100vw, 703px\" \/><\/a> <br><br><strong>Journ\u00e9e 3 : 27 avril de 9h00 \u00e0 16h00<\/strong> <br>Coll\u00e8ge Clos Chassaing (P\u00e9rigueux)<br><a href=\"https:\/\/portailrh.ac-bordeaux.fr\/sofia-fmo-acad\/default\/session\/preregistrationadd\/globalSessionId\/92039\/tab\/trainee\/pill\/individualTrainingPlan\/infos\/72688|01|S2|2026-03-06_09:00:00|2026-03-06_17:00:00\" target=\"_blank\" rel=\"noreferrer noopener\"><img loading=\"lazy\" decoding=\"async\" width=\"703\" height=\"395\" class=\"wp-image-8434\" style=\"width: 110px\" src=\"https:\/\/ent2d.ac-bordeaux.fr\/disciplines\/eps\/wp-content\/uploads\/sites\/33\/2024\/10\/Preinscriptions-terminees.png\" alt=\"\" srcset=\"https:\/\/ent2d.ac-bordeaux.fr\/disciplines\/eps\/wp-content\/uploads\/sites\/33\/2024\/10\/Preinscriptions-terminees.png 703w, https:\/\/ent2d.ac-bordeaux.fr\/disciplines\/eps\/wp-content\/uploads\/sites\/33\/2024\/10\/Preinscriptions-terminees-300x169.png 300w\" sizes=\"auto, (max-width: 703px) 100vw, 703px\" \/><\/a>  <\/h2>\n<\/div>\n<\/div>\n<\/div>\n\n\n\n<div class=\"wp-block-column is-layout-flow wp-block-column-is-layout-flow\">\n<div class=\"wp-block-columns has-border-color has-cyan-bluish-gray-border-color is-layout-flex wp-container-core-columns-is-layout-28f84493 wp-block-columns-is-layout-flex\" style=\"border-style:solid;border-width:2px\">\n<div class=\"wp-block-column is-layout-flow wp-block-column-is-layout-flow\" style=\"flex-basis:100%\">\n<h2 class=\"wp-block-heading has-text-align-center has-medium-font-size\"><br><strong>GRP 33 : NORD GIRONDE<\/strong><\/h2>\n\n\n\n<h2 class=\"wp-block-heading has-text-align-center has-small-font-size\"><a href=\"https:\/\/portailrh.ac-bordeaux.fr\/sofia-fmo-acad\/default\/extmodule\/subscriptionadd\/extModuleId\/72696\/tab\/trainee\/pill\/individualTrainingPlan\" target=\"_blank\" rel=\"noreferrer noopener\"><img loading=\"lazy\" decoding=\"async\" width=\"703\" height=\"395\" class=\"wp-image-8504\" style=\"width: 110px\" src=\"https:\/\/ent2d.ac-bordeaux.fr\/disciplines\/eps\/wp-content\/uploads\/sites\/33\/2024\/12\/Sabonner-clic.png\" alt=\"\" srcset=\"https:\/\/ent2d.ac-bordeaux.fr\/disciplines\/eps\/wp-content\/uploads\/sites\/33\/2024\/12\/Sabonner-clic.png 703w, https:\/\/ent2d.ac-bordeaux.fr\/disciplines\/eps\/wp-content\/uploads\/sites\/33\/2024\/12\/Sabonner-clic-300x169.png 300w\" sizes=\"auto, (max-width: 703px) 100vw, 703px\" \/><\/a><\/h2>\n\n\n\n<h2 class=\"wp-block-heading has-text-align-center has-small-font-size\"><strong>Journ\u00e9e 1 : 22 janvier de 8h30 \u00e0 16h30<\/strong> <br>Coll\u00e8ge Philippe Madrelle (Marsas)<br><a href=\"https:\/\/portailrh.ac-bordeaux.fr\/sofia-fmo-acad\/default\/session\/preregistrationadd\/globalSessionId\/92240\/tab\/trainee\/pill\/individualTrainingPlan\/infos\/72696|01|S1|2026-01-22_08:30:00|2026-01-22_16:30:00\" target=\"_blank\" rel=\"noreferrer noopener\"><img loading=\"lazy\" decoding=\"async\" width=\"703\" height=\"395\" class=\"wp-image-8434\" style=\"width: 110px\" src=\"https:\/\/ent2d.ac-bordeaux.fr\/disciplines\/eps\/wp-content\/uploads\/sites\/33\/2024\/10\/Preinscriptions-terminees.png\" alt=\"\" srcset=\"https:\/\/ent2d.ac-bordeaux.fr\/disciplines\/eps\/wp-content\/uploads\/sites\/33\/2024\/10\/Preinscriptions-terminees.png 703w, https:\/\/ent2d.ac-bordeaux.fr\/disciplines\/eps\/wp-content\/uploads\/sites\/33\/2024\/10\/Preinscriptions-terminees-300x169.png 300w\" sizes=\"auto, (max-width: 703px) 100vw, 703px\" \/><\/a> <br><br><strong>Journ\u00e9e 2 : 27 f\u00e9vrier de 8h30 \u00e0 16h30<\/strong> <br>Coll\u00e8ge Philippe Madrelle (Marsas)<br><a href=\"https:\/\/portailrh.ac-bordeaux.fr\/sofia-fmo-acad\/default\/session\/preregistrationadd\/globalSessionId\/92242\/tab\/trainee\/pill\/individualTrainingPlan\/infos\/72696|01|S2|2026-02-27_08:30:00|2026-02-27_16:30:00\" target=\"_blank\" rel=\"noreferrer noopener\"><img loading=\"lazy\" decoding=\"async\" width=\"703\" height=\"395\" class=\"wp-image-8434\" style=\"width: 110px\" src=\"https:\/\/ent2d.ac-bordeaux.fr\/disciplines\/eps\/wp-content\/uploads\/sites\/33\/2024\/10\/Preinscriptions-terminees.png\" alt=\"\" srcset=\"https:\/\/ent2d.ac-bordeaux.fr\/disciplines\/eps\/wp-content\/uploads\/sites\/33\/2024\/10\/Preinscriptions-terminees.png 703w, https:\/\/ent2d.ac-bordeaux.fr\/disciplines\/eps\/wp-content\/uploads\/sites\/33\/2024\/10\/Preinscriptions-terminees-300x169.png 300w\" sizes=\"auto, (max-width: 703px) 100vw, 703px\" \/><\/a><br><br><strong>Journ\u00e9e 3 : 16 juin de 8h30 \u00e0 16h30<\/strong> <br>Coll\u00e8ge Philippe Madrelle (Marsas)<br><a href=\"https:\/\/portailrh.ac-bordeaux.fr\/sofia-fmo-acad\/default\/session\/preregistrationadd\/globalSessionId\/98062\/tab\/trainee\/pill\/individualTrainingPlan\/infos\/72696|01|S3|2026-06-16_08:30:00|2026-06-16_16:30:00\" target=\"_blank\" rel=\"noreferrer noopener\"><img loading=\"lazy\" decoding=\"async\" width=\"703\" height=\"395\" class=\"wp-image-8497\" style=\"width: 110px\" src=\"https:\/\/ent2d.ac-bordeaux.fr\/disciplines\/eps\/wp-content\/uploads\/sites\/33\/2024\/12\/3.png\" alt=\"\" srcset=\"https:\/\/ent2d.ac-bordeaux.fr\/disciplines\/eps\/wp-content\/uploads\/sites\/33\/2024\/12\/3.png 703w, https:\/\/ent2d.ac-bordeaux.fr\/disciplines\/eps\/wp-content\/uploads\/sites\/33\/2024\/12\/3-300x169.png 300w\" sizes=\"auto, (max-width: 703px) 100vw, 703px\" \/><\/a><br><em>avant le 22 avril<\/em><br><br><\/h2>\n<\/div>\n<\/div>\n<\/div>\n\n\n\n<div class=\"wp-block-column is-layout-flow wp-block-column-is-layout-flow\">\n<div class=\"wp-block-columns has-border-color has-cyan-bluish-gray-border-color is-layout-flex wp-container-core-columns-is-layout-28f84493 wp-block-columns-is-layout-flex\" style=\"border-style:solid;border-width:2px\">\n<div class=\"wp-block-column is-layout-flow wp-block-column-is-layout-flow\" style=\"flex-basis:100%\">\n<h2 class=\"wp-block-heading has-text-align-center has-medium-font-size\"><br><strong>GRP 33 : LIBOURNE<\/strong><\/h2>\n\n\n\n<h2 class=\"wp-block-heading has-text-align-center has-small-font-size\"><a href=\"https:\/\/portailrh.ac-bordeaux.fr\/sofia-fmo-acad\/default\/extmodule\/subscriptionadd\/extModuleId\/72694\/tab\/trainee\/pill\/individualTrainingPlan\" target=\"_blank\" rel=\"noreferrer noopener\"><img loading=\"lazy\" decoding=\"async\" width=\"703\" height=\"395\" class=\"wp-image-8504\" style=\"width: 110px\" src=\"https:\/\/ent2d.ac-bordeaux.fr\/disciplines\/eps\/wp-content\/uploads\/sites\/33\/2024\/12\/Sabonner-clic.png\" alt=\"\" srcset=\"https:\/\/ent2d.ac-bordeaux.fr\/disciplines\/eps\/wp-content\/uploads\/sites\/33\/2024\/12\/Sabonner-clic.png 703w, https:\/\/ent2d.ac-bordeaux.fr\/disciplines\/eps\/wp-content\/uploads\/sites\/33\/2024\/12\/Sabonner-clic-300x169.png 300w\" sizes=\"auto, (max-width: 703px) 100vw, 703px\" \/><\/a><br><br><strong>Journ\u00e9e 1 : 24 mars de 9h00 \u00e0 16h00<\/strong> <br>Coll\u00e8ge Henri de Navarre (Coutras)<br><a href=\"https:\/\/portailrh.ac-bordeaux.fr\/sofia-fmo-acad\/default\/session\/preregistrationadd\/globalSessionId\/93481\/tab\/trainee\/pill\/individualTrainingPlan\/infos\/72691|01|S1|2026-01-26_09:00:00|2026-01-26_17:00:00\"><\/a><a href=\"https:\/\/portailrh.ac-bordeaux.fr\/sofia-fmo-acad\/default\/session\/preregistrationadd\/globalSessionId\/91378\/tab\/trainee\/pill\/individualTrainingPlan\/infos\/72693|01|S1|2026-01-26_09:00:00|2026-01-26_16:30:00\" data-type=\"link\" data-id=\"https:\/\/portailrh.ac-bordeaux.fr\/sofia-fmo-acad\/default\/session\/preregistrationadd\/globalSessionId\/91378\/tab\/trainee\/pill\/individualTrainingPlan\/infos\/72693|01|S1|2026-01-26_09:00:00|2026-01-26_16:30:00\" target=\"_blank\" rel=\"noreferrer noopener\"><img loading=\"lazy\" decoding=\"async\" width=\"703\" height=\"395\" class=\"wp-image-8434\" style=\"width: 110px\" src=\"https:\/\/ent2d.ac-bordeaux.fr\/disciplines\/eps\/wp-content\/uploads\/sites\/33\/2024\/10\/Preinscriptions-terminees.png\" alt=\"\" srcset=\"https:\/\/ent2d.ac-bordeaux.fr\/disciplines\/eps\/wp-content\/uploads\/sites\/33\/2024\/10\/Preinscriptions-terminees.png 703w, https:\/\/ent2d.ac-bordeaux.fr\/disciplines\/eps\/wp-content\/uploads\/sites\/33\/2024\/10\/Preinscriptions-terminees-300x169.png 300w\" sizes=\"auto, (max-width: 703px) 100vw, 703px\" \/><\/a> <br>avant le 1er f\u00e9vrier<br><br><strong>Journ\u00e9e 2 : 24 avril de 9h00 \u00e0 16h00<\/strong> <br>Coll\u00e8ge Henri de Navarre (Coutras)<br><a href=\"https:\/\/portailrh.ac-bordeaux.fr\/sofia-fmo-acad\/default\/session\/preregistrationadd\/globalSessionId\/94371\/tab\/trainee\/pill\/individualTrainingPlan\/infos\/72609|02|S1|2026-02-23_09:00:00|2026-02-23_16:00\" data-type=\"link\" data-id=\"https:\/\/portailrh.ac-bordeaux.fr\/sofia-fmo-acad\/default\/session\/preregistrationadd\/globalSessionId\/94371\/tab\/trainee\/pill\/individualTrainingPlan\/infos\/72609|02|S1|2026-02-23_09:00:00|2026-02-23_16:00\" target=\"_blank\" rel=\"noreferrer noopener\"><\/a><a href=\"https:\/\/portailrh.ac-bordeaux.fr\/sofia-fmo-acad\/default\/session\/preregistrationadd\/globalSessionId\/95942\/tab\/trainee\/pill\/individualTrainingPlan\/infos\/72594|01|S1|2026-03-31_09:00:00|2026-03-31_16:00:00\" data-type=\"link\" data-id=\"https:\/\/portailrh.ac-bordeaux.fr\/sofia-fmo-acad\/default\/session\/preregistrationadd\/globalSessionId\/91378\/tab\/trainee\/pill\/individualTrainingPlan\/infos\/72693|01|S1|2026-01-26_09:00:00|2026-01-26_16:30:00\" target=\"_blank\" rel=\"noreferrer noopener\"><img loading=\"lazy\" decoding=\"async\" width=\"703\" height=\"395\" class=\"wp-image-8434\" style=\"width: 110px\" src=\"https:\/\/ent2d.ac-bordeaux.fr\/disciplines\/eps\/wp-content\/uploads\/sites\/33\/2024\/10\/Preinscriptions-terminees.png\" alt=\"\" srcset=\"https:\/\/ent2d.ac-bordeaux.fr\/disciplines\/eps\/wp-content\/uploads\/sites\/33\/2024\/10\/Preinscriptions-terminees.png 703w, https:\/\/ent2d.ac-bordeaux.fr\/disciplines\/eps\/wp-content\/uploads\/sites\/33\/2024\/10\/Preinscriptions-terminees-300x169.png 300w\" sizes=\"auto, (max-width: 703px) 100vw, 703px\" \/><\/a> <br><br><strong>Journ\u00e9e 3 : 18 mai de 9h00 \u00e0 16h00<\/strong> <br>Coll\u00e8ge Henri de Navarre (Coutras)<br><a href=\"https:\/\/portailrh.ac-bordeaux.fr\/sofia-fmo-acad\/default\/session\/preregistrationadd\/globalSessionId\/93227\/tab\/trainee\/pill\/individualTrainingPlan\/infos\/72694|01|S3|2026-05-18_09:00:00|2026-05-18_16:00:00\" target=\"_blank\" rel=\"noreferrer noopener\"><\/a><a href=\"https:\/\/portailrh.ac-bordeaux.fr\/sofia-fmo-acad\/default\/session\/preregistrationadd\/globalSessionId\/95942\/tab\/trainee\/pill\/individualTrainingPlan\/infos\/72594|01|S1|2026-03-31_09:00:00|2026-03-31_16:00:00\" data-type=\"link\" data-id=\"https:\/\/portailrh.ac-bordeaux.fr\/sofia-fmo-acad\/default\/session\/preregistrationadd\/globalSessionId\/91378\/tab\/trainee\/pill\/individualTrainingPlan\/infos\/72693|01|S1|2026-01-26_09:00:00|2026-01-26_16:30:00\" target=\"_blank\" rel=\"noreferrer noopener\"><img loading=\"lazy\" decoding=\"async\" width=\"703\" height=\"395\" class=\"wp-image-8434\" style=\"width: 110px\" src=\"https:\/\/ent2d.ac-bordeaux.fr\/disciplines\/eps\/wp-content\/uploads\/sites\/33\/2024\/10\/Preinscriptions-terminees.png\" alt=\"\" srcset=\"https:\/\/ent2d.ac-bordeaux.fr\/disciplines\/eps\/wp-content\/uploads\/sites\/33\/2024\/10\/Preinscriptions-terminees.png 703w, https:\/\/ent2d.ac-bordeaux.fr\/disciplines\/eps\/wp-content\/uploads\/sites\/33\/2024\/10\/Preinscriptions-terminees-300x169.png 300w\" sizes=\"auto, (max-width: 703px) 100vw, 703px\" \/><\/a> <em><br><\/em><\/h2>\n<\/div>\n<\/div>\n<\/div>\n<\/div>\n<\/div>\n<\/div>\n\n\n\n<p style=\"font-size:5px\"><\/p>\n\n\n\n<div class=\"wp-block-columns is-layout-flex wp-container-core-columns-is-layout-28f84493 wp-block-columns-is-layout-flex\">\n<div class=\"wp-block-column is-layout-flow wp-block-column-is-layout-flow\">\n<div class=\"wp-block-columns is-layout-flex wp-container-core-columns-is-layout-28f84493 wp-block-columns-is-layout-flex\">\n<div class=\"wp-block-column is-layout-flow wp-block-column-is-layout-flow\">\n<div class=\"wp-block-columns has-border-color has-cyan-bluish-gray-border-color is-layout-flex wp-container-core-columns-is-layout-28f84493 wp-block-columns-is-layout-flex\" style=\"border-style:solid;border-width:2px\">\n<div class=\"wp-block-column is-layout-flow wp-block-column-is-layout-flow\" style=\"flex-basis:100%\">\n<h2 class=\"wp-block-heading has-text-align-center has-medium-font-size\"><br><strong>GRP 33 :<\/strong><br><strong>BORDEAUX NORD, RIVE DROITE, BORDEAUX CENTRE<\/strong><\/h2>\n\n\n\n<h2 class=\"wp-block-heading has-text-align-center has-small-font-size\"><a href=\"https:\/\/portailrh.ac-bordeaux.fr\/sofia-fmo-acad\/default\/extmodule\/subscriptionadd\/extModuleId\/72695\/tab\/trainee\/pill\/individualTrainingPlan\" target=\"_blank\" rel=\"noreferrer noopener\"><img loading=\"lazy\" decoding=\"async\" width=\"703\" height=\"395\" class=\"wp-image-8504\" style=\"width: 110px\" src=\"https:\/\/ent2d.ac-bordeaux.fr\/disciplines\/eps\/wp-content\/uploads\/sites\/33\/2024\/12\/Sabonner-clic.png\" alt=\"\" srcset=\"https:\/\/ent2d.ac-bordeaux.fr\/disciplines\/eps\/wp-content\/uploads\/sites\/33\/2024\/12\/Sabonner-clic.png 703w, https:\/\/ent2d.ac-bordeaux.fr\/disciplines\/eps\/wp-content\/uploads\/sites\/33\/2024\/12\/Sabonner-clic-300x169.png 300w\" sizes=\"auto, (max-width: 703px) 100vw, 703px\" \/><\/a><br><br><strong>Journ\u00e9es 1 et 2 : 3 et 5 mars de 9h \u00e0 16h <\/strong><br>Coll\u00e8ge Lapierre (Lormont)<br><a href=\"https:\/\/portailrh.ac-bordeaux.fr\/sofia-fmo-acad\/default\/session\/preregistrationadd\/globalSessionId\/94259\/tab\/trainee\/pill\/individualTrainingPlan\/infos\/72695|01|S1|2026-03-03_09:00:00|2026-03-03_16:00:00\" data-type=\"link\" data-id=\"https:\/\/portailrh.ac-bordeaux.fr\/sofia-fmo-acad\/default\/session\/preregistrationadd\/globalSessionId\/91378\/tab\/trainee\/pill\/individualTrainingPlan\/infos\/72693|01|S1|2026-01-26_09:00:00|2026-01-26_16:30:00\" target=\"_blank\" rel=\"noreferrer noopener\"><\/a><a href=\"https:\/\/portailrh.ac-bordeaux.fr\/sofia-fmo-acad\/default\/session\/preregistrationadd\/globalSessionId\/91378\/tab\/trainee\/pill\/individualTrainingPlan\/infos\/72693|01|S1|2026-01-26_09:00:00|2026-01-26_16:30:00\" data-type=\"link\" data-id=\"https:\/\/portailrh.ac-bordeaux.fr\/sofia-fmo-acad\/default\/session\/preregistrationadd\/globalSessionId\/91378\/tab\/trainee\/pill\/individualTrainingPlan\/infos\/72693|01|S1|2026-01-26_09:00:00|2026-01-26_16:30:00\" target=\"_blank\" rel=\"noreferrer noopener\"><img loading=\"lazy\" decoding=\"async\" width=\"703\" height=\"395\" class=\"wp-image-8434\" style=\"width: 110px\" src=\"https:\/\/ent2d.ac-bordeaux.fr\/disciplines\/eps\/wp-content\/uploads\/sites\/33\/2024\/10\/Preinscriptions-terminees.png\" alt=\"\" srcset=\"https:\/\/ent2d.ac-bordeaux.fr\/disciplines\/eps\/wp-content\/uploads\/sites\/33\/2024\/10\/Preinscriptions-terminees.png 703w, https:\/\/ent2d.ac-bordeaux.fr\/disciplines\/eps\/wp-content\/uploads\/sites\/33\/2024\/10\/Preinscriptions-terminees-300x169.png 300w\" sizes=\"auto, (max-width: 703px) 100vw, 703px\" \/><\/a> <br>avant le 18 janvier<\/h2>\n<\/div>\n<\/div>\n<\/div>\n\n\n\n<div class=\"wp-block-column is-layout-flow wp-block-column-is-layout-flow\">\n<div class=\"wp-block-columns has-border-color has-cyan-bluish-gray-border-color is-layout-flex wp-container-core-columns-is-layout-28f84493 wp-block-columns-is-layout-flex\" style=\"border-style:solid;border-width:2px\">\n<div class=\"wp-block-column is-layout-flow wp-block-column-is-layout-flow\" style=\"flex-basis:100%\">\n<h2 class=\"wp-block-heading has-text-align-center has-medium-font-size\"><br><strong>GRP 33 : <\/strong><br><strong>MERIGNAC-PESSAC, TALENCE, SUD GIRONDE ENTRE DEUX MERS <\/strong><\/h2>\n\n\n\n<h2 class=\"wp-block-heading has-text-align-center has-small-font-size\"><a href=\"https:\/\/portailrh.ac-bordeaux.fr\/sofia-fmo-acad\/default\/extmodule\/subscriptionadd\/extModuleId\/72693\/tab\/trainee\/pill\/individualTrainingPlan\" target=\"_blank\" rel=\"noreferrer noopener\"><img loading=\"lazy\" decoding=\"async\" width=\"703\" height=\"395\" class=\"wp-image-8504\" style=\"width: 110px\" src=\"https:\/\/ent2d.ac-bordeaux.fr\/disciplines\/eps\/wp-content\/uploads\/sites\/33\/2024\/12\/Sabonner-clic.png\" alt=\"\" srcset=\"https:\/\/ent2d.ac-bordeaux.fr\/disciplines\/eps\/wp-content\/uploads\/sites\/33\/2024\/12\/Sabonner-clic.png 703w, https:\/\/ent2d.ac-bordeaux.fr\/disciplines\/eps\/wp-content\/uploads\/sites\/33\/2024\/12\/Sabonner-clic-300x169.png 300w\" sizes=\"auto, (max-width: 703px) 100vw, 703px\" \/><\/a><br><br><strong>Journ\u00e9e 1 : 26 janvier de 9h \u00e0 16h30 <\/strong><br>Coll\u00e8ge Fontaine de Monjous (Gradignan)<br><a href=\"https:\/\/portailrh.ac-bordeaux.fr\/sofia-fmo-acad\/default\/session\/preregistrationadd\/globalSessionId\/91378\/tab\/trainee\/pill\/individualTrainingPlan\/infos\/72693|01|S1|2026-01-26_09:00:00|2026-01-26_16:30:00\" data-type=\"link\" data-id=\"https:\/\/portailrh.ac-bordeaux.fr\/sofia-fmo-acad\/default\/session\/preregistrationadd\/globalSessionId\/91378\/tab\/trainee\/pill\/individualTrainingPlan\/infos\/72693|01|S1|2026-01-26_09:00:00|2026-01-26_16:30:00\" target=\"_blank\" rel=\"noreferrer noopener\"><img loading=\"lazy\" decoding=\"async\" width=\"703\" height=\"395\" class=\"wp-image-8434\" style=\"width: 110px\" src=\"https:\/\/ent2d.ac-bordeaux.fr\/disciplines\/eps\/wp-content\/uploads\/sites\/33\/2024\/10\/Preinscriptions-terminees.png\" alt=\"\" srcset=\"https:\/\/ent2d.ac-bordeaux.fr\/disciplines\/eps\/wp-content\/uploads\/sites\/33\/2024\/10\/Preinscriptions-terminees.png 703w, https:\/\/ent2d.ac-bordeaux.fr\/disciplines\/eps\/wp-content\/uploads\/sites\/33\/2024\/10\/Preinscriptions-terminees-300x169.png 300w\" sizes=\"auto, (max-width: 703px) 100vw, 703px\" \/><\/a> <br><br><strong>Journ\u00e9e 2 : 28 avril de 9h \u00e0 16h30 <\/strong><br>Piscine Cazalet (Pessac)<br><a href=\"https:\/\/portailrh.ac-bordeaux.fr\/sofia-fmo-acad\/default\/session\/preregistrationadd\/globalSessionId\/92039\/tab\/trainee\/pill\/individualTrainingPlan\/infos\/72688|01|S2|2026-03-06_09:00:00|2026-03-06_17:00:00\" target=\"_blank\" rel=\"noreferrer noopener\"><img loading=\"lazy\" decoding=\"async\" width=\"703\" height=\"395\" class=\"wp-image-8434\" style=\"width: 110px\" src=\"https:\/\/ent2d.ac-bordeaux.fr\/disciplines\/eps\/wp-content\/uploads\/sites\/33\/2024\/10\/Preinscriptions-terminees.png\" alt=\"\" srcset=\"https:\/\/ent2d.ac-bordeaux.fr\/disciplines\/eps\/wp-content\/uploads\/sites\/33\/2024\/10\/Preinscriptions-terminees.png 703w, https:\/\/ent2d.ac-bordeaux.fr\/disciplines\/eps\/wp-content\/uploads\/sites\/33\/2024\/10\/Preinscriptions-terminees-300x169.png 300w\" sizes=\"auto, (max-width: 703px) 100vw, 703px\" \/><\/a> <br><br><strong>Journ\u00e9e 3 : 19 mai de 9h \u00e0 16h30 <\/strong><br>Piscine Cazalet (Pessac)<br><a href=\"https:\/\/portailrh.ac-bordeaux.fr\/sofia-fmo-acad\/default\/session\/preregistrationadd\/globalSessionId\/96836\/tab\/trainee\/pill\/individualTrainingPlan\/infos\/72693|01|S3|2026-05-19_09:00:00|2026-05-19_16:30:00\" data-type=\"link\" data-id=\"https:\/\/portailrh.ac-bordeaux.fr\/sofia-fmo-acad\/default\/session\/preregistrationadd\/globalSessionId\/91378\/tab\/trainee\/pill\/individualTrainingPlan\/infos\/72693|01|S1|2026-01-26_09:00:00|2026-01-26_16:30:00\" target=\"_blank\" rel=\"noreferrer noopener\"><\/a><a href=\"https:\/\/portailrh.ac-bordeaux.fr\/sofia-fmo-acad\/default\/session\/preregistrationadd\/globalSessionId\/95942\/tab\/trainee\/pill\/individualTrainingPlan\/infos\/72594|01|S1|2026-03-31_09:00:00|2026-03-31_16:00:00\" data-type=\"link\" data-id=\"https:\/\/portailrh.ac-bordeaux.fr\/sofia-fmo-acad\/default\/session\/preregistrationadd\/globalSessionId\/91378\/tab\/trainee\/pill\/individualTrainingPlan\/infos\/72693|01|S1|2026-01-26_09:00:00|2026-01-26_16:30:00\" target=\"_blank\" rel=\"noreferrer noopener\"><img loading=\"lazy\" decoding=\"async\" width=\"703\" height=\"395\" class=\"wp-image-8434\" style=\"width: 110px\" src=\"https:\/\/ent2d.ac-bordeaux.fr\/disciplines\/eps\/wp-content\/uploads\/sites\/33\/2024\/10\/Preinscriptions-terminees.png\" alt=\"\" srcset=\"https:\/\/ent2d.ac-bordeaux.fr\/disciplines\/eps\/wp-content\/uploads\/sites\/33\/2024\/10\/Preinscriptions-terminees.png 703w, https:\/\/ent2d.ac-bordeaux.fr\/disciplines\/eps\/wp-content\/uploads\/sites\/33\/2024\/10\/Preinscriptions-terminees-300x169.png 300w\" sizes=\"auto, (max-width: 703px) 100vw, 703px\" \/><\/a> <br><a href=\"https:\/\/portailrh.ac-bordeaux.fr\/sofia-fmo-acad\/default\/extmodule\/subscriptionadd\/extModuleId\/67310\/tab\/trainee\/pill\/individualTrainingPlan\" data-type=\"link\" data-id=\"https:\/\/portailrh.ac-bordeaux.fr\/sofia-fmo-acad\/default\/extmodule\/subscriptionadd\/extModuleId\/67299\/tab\/trainee\/pill\/individualTrainingPlan\" target=\"_blank\" rel=\"noreferrer noopener\"><\/a><\/h2>\n<\/div>\n<\/div>\n<\/div>\n\n\n\n<div class=\"wp-block-column is-layout-flow wp-block-column-is-layout-flow\">\n<div class=\"wp-block-columns has-border-color has-cyan-bluish-gray-border-color is-layout-flex wp-container-core-columns-is-layout-28f84493 wp-block-columns-is-layout-flex\" style=\"border-style:solid;border-width:2px\">\n<div class=\"wp-block-column is-layout-flow wp-block-column-is-layout-flow\" style=\"flex-basis:100%\">\n<h2 class=\"wp-block-heading has-text-align-center has-medium-font-size\"><br><strong>GRP 40 : LANDES EST <\/strong><br>(Mont-de-Marsan)<\/h2>\n\n\n\n<h2 class=\"wp-block-heading has-text-align-center has-small-font-size\"><a href=\"https:\/\/portailrh.ac-bordeaux.fr\/sofia-fmo-acad\/default\/extmodule\/subscriptionadd\/extModuleId\/72687\/tab\/trainee\/pill\/individualTrainingPlan\" target=\"_blank\" rel=\"noreferrer noopener\"><img loading=\"lazy\" decoding=\"async\" width=\"703\" height=\"395\" class=\"wp-image-8504\" style=\"width: 110px\" src=\"https:\/\/ent2d.ac-bordeaux.fr\/disciplines\/eps\/wp-content\/uploads\/sites\/33\/2024\/12\/Sabonner-clic.png\" alt=\"\" srcset=\"https:\/\/ent2d.ac-bordeaux.fr\/disciplines\/eps\/wp-content\/uploads\/sites\/33\/2024\/12\/Sabonner-clic.png 703w, https:\/\/ent2d.ac-bordeaux.fr\/disciplines\/eps\/wp-content\/uploads\/sites\/33\/2024\/12\/Sabonner-clic-300x169.png 300w\" sizes=\"auto, (max-width: 703px) 100vw, 703px\" \/><\/a><br><br><strong>Journ\u00e9e 1 : 17 mars de 9h \u00e0 17h <\/strong><br>Coll\u00e8ge Jean-Marie Lonn\u00e9 (Hagetmau)<br><a href=\"https:\/\/portailrh.ac-bordeaux.fr\/sofia-fmo-acad\/default\/session\/preregistrationadd\/globalSessionId\/91378\/tab\/trainee\/pill\/individualTrainingPlan\/infos\/72693|01|S1|2026-01-26_09:00:00|2026-01-26_16:30:00\" data-type=\"link\" data-id=\"https:\/\/portailrh.ac-bordeaux.fr\/sofia-fmo-acad\/default\/session\/preregistrationadd\/globalSessionId\/91378\/tab\/trainee\/pill\/individualTrainingPlan\/infos\/72693|01|S1|2026-01-26_09:00:00|2026-01-26_16:30:00\" target=\"_blank\" rel=\"noreferrer noopener\"><img loading=\"lazy\" decoding=\"async\" width=\"703\" height=\"395\" class=\"wp-image-8434\" style=\"width: 110px\" src=\"https:\/\/ent2d.ac-bordeaux.fr\/disciplines\/eps\/wp-content\/uploads\/sites\/33\/2024\/10\/Preinscriptions-terminees.png\" alt=\"\" srcset=\"https:\/\/ent2d.ac-bordeaux.fr\/disciplines\/eps\/wp-content\/uploads\/sites\/33\/2024\/10\/Preinscriptions-terminees.png 703w, https:\/\/ent2d.ac-bordeaux.fr\/disciplines\/eps\/wp-content\/uploads\/sites\/33\/2024\/10\/Preinscriptions-terminees-300x169.png 300w\" sizes=\"auto, (max-width: 703px) 100vw, 703px\" \/><\/a> <br>avant le 1er f\u00e9vrier<br><br><strong>Journ\u00e9e 2 : 19 mars de 9h \u00e0 17h <\/strong><br>Coll\u00e8ge Jean-Marie Lonn\u00e9 (Hagetmau)<br><a href=\"https:\/\/portailrh.ac-bordeaux.fr\/sofia-fmo-acad\/default\/session\/preregistrationadd\/globalSessionId\/91844\/tab\/trainee\/pill\/individualTrainingPlan\/infos\/72687|01|S2|2026-03-19_09:00:00|2026-03-19_17:00:00\" data-type=\"link\" data-id=\"https:\/\/portailrh.ac-bordeaux.fr\/sofia-fmo-acad\/default\/session\/preregistrationadd\/globalSessionId\/91378\/tab\/trainee\/pill\/individualTrainingPlan\/infos\/72693|01|S1|2026-01-26_09:00:00|2026-01-26_16:30:00\" target=\"_blank\" rel=\"noreferrer noopener\"><\/a><a href=\"https:\/\/portailrh.ac-bordeaux.fr\/sofia-fmo-acad\/default\/session\/preregistrationadd\/globalSessionId\/91378\/tab\/trainee\/pill\/individualTrainingPlan\/infos\/72693|01|S1|2026-01-26_09:00:00|2026-01-26_16:30:00\" data-type=\"link\" data-id=\"https:\/\/portailrh.ac-bordeaux.fr\/sofia-fmo-acad\/default\/session\/preregistrationadd\/globalSessionId\/91378\/tab\/trainee\/pill\/individualTrainingPlan\/infos\/72693|01|S1|2026-01-26_09:00:00|2026-01-26_16:30:00\" target=\"_blank\" rel=\"noreferrer noopener\"><img loading=\"lazy\" decoding=\"async\" width=\"703\" height=\"395\" class=\"wp-image-8434\" style=\"width: 110px\" src=\"https:\/\/ent2d.ac-bordeaux.fr\/disciplines\/eps\/wp-content\/uploads\/sites\/33\/2024\/10\/Preinscriptions-terminees.png\" alt=\"\" srcset=\"https:\/\/ent2d.ac-bordeaux.fr\/disciplines\/eps\/wp-content\/uploads\/sites\/33\/2024\/10\/Preinscriptions-terminees.png 703w, https:\/\/ent2d.ac-bordeaux.fr\/disciplines\/eps\/wp-content\/uploads\/sites\/33\/2024\/10\/Preinscriptions-terminees-300x169.png 300w\" sizes=\"auto, (max-width: 703px) 100vw, 703px\" \/><\/a> <br>avant le 1er f\u00e9vrier<br><br><strong>Journ\u00e9e 3 : 18 juin de 8h30 \u00e0 16h30 <\/strong><br>Coll\u00e8ge du Pays des Luys (Amou)<br><a href=\"https:\/\/portailrh.ac-bordeaux.fr\/sofia-fmo-acad\/default\/session\/preregistrationadd\/globalSessionId\/91845\/tab\/trainee\/pill\/individualTrainingPlan\/infos\/72687|01|S3|2026-06-18_08:30:00|2026-06-18_16:30:00\" data-type=\"link\" data-id=\"https:\/\/portailrh.ac-bordeaux.fr\/sofia-fmo-acad\/default\/session\/preregistrationadd\/globalSessionId\/91378\/tab\/trainee\/pill\/individualTrainingPlan\/infos\/72693|01|S1|2026-01-26_09:00:00|2026-01-26_16:30:00\" target=\"_blank\" rel=\"noreferrer noopener\"><img loading=\"lazy\" decoding=\"async\" width=\"703\" height=\"395\" class=\"wp-image-8497\" style=\"width: 110px\" src=\"https:\/\/ent2d.ac-bordeaux.fr\/disciplines\/eps\/wp-content\/uploads\/sites\/33\/2024\/12\/3.png\" alt=\"\" srcset=\"https:\/\/ent2d.ac-bordeaux.fr\/disciplines\/eps\/wp-content\/uploads\/sites\/33\/2024\/12\/3.png 703w, https:\/\/ent2d.ac-bordeaux.fr\/disciplines\/eps\/wp-content\/uploads\/sites\/33\/2024\/12\/3-300x169.png 300w\" sizes=\"auto, (max-width: 703px) 100vw, 703px\" \/><\/a> <br><em>avant le 4 mai<\/em><\/h2>\n<\/div>\n<\/div>\n<\/div>\n<\/div>\n<\/div>\n<\/div>\n\n\n\n<p style=\"font-size:5px\"><\/p>\n\n\n\n<div class=\"wp-block-columns is-layout-flex wp-container-core-columns-is-layout-28f84493 wp-block-columns-is-layout-flex\">\n<div class=\"wp-block-column is-layout-flow wp-block-column-is-layout-flow\">\n<div class=\"wp-block-columns is-layout-flex wp-container-core-columns-is-layout-28f84493 wp-block-columns-is-layout-flex\">\n<div class=\"wp-block-column is-layout-flow wp-block-column-is-layout-flow\">\n<div class=\"wp-block-columns is-layout-flex wp-container-core-columns-is-layout-28f84493 wp-block-columns-is-layout-flex\">\n<div class=\"wp-block-column is-layout-flow wp-block-column-is-layout-flow\">\n<div class=\"wp-block-columns has-border-color has-cyan-bluish-gray-border-color is-layout-flex wp-container-core-columns-is-layout-28f84493 wp-block-columns-is-layout-flex\" style=\"border-style:solid;border-width:2px\">\n<div class=\"wp-block-column is-layout-flow wp-block-column-is-layout-flow\" style=\"flex-basis:100%\">\n<h6 class=\"wp-block-heading has-text-align-center has-medium-font-size\"><br><strong>GRP C\u00d4TE ATLANTIQUE <\/strong>(Parentis-Morcenx, Dax, Nive-et-Adour)<br><a href=\"https:\/\/portailrh.ac-bordeaux.fr\/sofia-fmo-acad\/default\/extmodule\/subscriptionadd\/extModuleId\/72689\/tab\/trainee\/pill\/individualTrainingPlan\" target=\"_blank\" rel=\"noreferrer noopener\"><img loading=\"lazy\" decoding=\"async\" width=\"703\" height=\"395\" class=\"wp-image-8504\" style=\"width: 110px\" src=\"https:\/\/ent2d.ac-bordeaux.fr\/disciplines\/eps\/wp-content\/uploads\/sites\/33\/2024\/12\/Sabonner-clic.png\" alt=\"\" srcset=\"https:\/\/ent2d.ac-bordeaux.fr\/disciplines\/eps\/wp-content\/uploads\/sites\/33\/2024\/12\/Sabonner-clic.png 703w, https:\/\/ent2d.ac-bordeaux.fr\/disciplines\/eps\/wp-content\/uploads\/sites\/33\/2024\/12\/Sabonner-clic-300x169.png 300w\" sizes=\"auto, (max-width: 703px) 100vw, 703px\" \/><\/a><\/h6>\n\n\n\n<h6 class=\"wp-block-heading has-text-align-center has-small-font-size\"><strong>Journ\u00e9e 1 : 26 janvier de 9h \u00e0 16h <\/strong><br>LP Ambroise Croizat (Tarnos)<br><img loading=\"lazy\" decoding=\"async\" width=\"703\" height=\"395\" class=\"wp-image-8434\" style=\"width: 110px\" src=\"https:\/\/ent2d.ac-bordeaux.fr\/disciplines\/eps\/wp-content\/uploads\/sites\/33\/2024\/10\/Preinscriptions-terminees.png\" alt=\"\" srcset=\"https:\/\/ent2d.ac-bordeaux.fr\/disciplines\/eps\/wp-content\/uploads\/sites\/33\/2024\/10\/Preinscriptions-terminees.png 703w, https:\/\/ent2d.ac-bordeaux.fr\/disciplines\/eps\/wp-content\/uploads\/sites\/33\/2024\/10\/Preinscriptions-terminees-300x169.png 300w\" sizes=\"auto, (max-width: 703px) 100vw, 703px\" \/><br><br><strong>Journ\u00e9e 2 : 28 avril de 9h \u00e0 16h <\/strong><br>Lyc\u00e9e Sud des Landes (Tyrosse)<br><a href=\"https:\/\/portailrh.ac-bordeaux.fr\/sofia-fmo-acad\/default\/session\/preregistrationadd\/globalSessionId\/92039\/tab\/trainee\/pill\/individualTrainingPlan\/infos\/72688|01|S2|2026-03-06_09:00:00|2026-03-06_17:00:00\" target=\"_blank\" rel=\"noreferrer noopener\"><img loading=\"lazy\" decoding=\"async\" width=\"703\" height=\"395\" class=\"wp-image-8434\" style=\"width: 110px\" src=\"https:\/\/ent2d.ac-bordeaux.fr\/disciplines\/eps\/wp-content\/uploads\/sites\/33\/2024\/10\/Preinscriptions-terminees.png\" alt=\"\" srcset=\"https:\/\/ent2d.ac-bordeaux.fr\/disciplines\/eps\/wp-content\/uploads\/sites\/33\/2024\/10\/Preinscriptions-terminees.png 703w, https:\/\/ent2d.ac-bordeaux.fr\/disciplines\/eps\/wp-content\/uploads\/sites\/33\/2024\/10\/Preinscriptions-terminees-300x169.png 300w\" sizes=\"auto, (max-width: 703px) 100vw, 703px\" \/><\/a><br><br><strong>Journ\u00e9e 3 : 18 juin de 9h30 \u00e0 16h30 <\/strong><br>Coll\u00e8ge Irandatz (Hendaye)<br><a href=\"https:\/\/portailrh.ac-bordeaux.fr\/sofia-fmo-acad\/default\/session\/preregistrationadd\/globalSessionId\/99323\/tab\/trainee\/pill\/individualTrainingPlan\/infos\/72689|01|S3|2026-06-18_09:30:00|2026-06-18_16:30:00\" data-type=\"link\" data-id=\"https:\/\/portailrh.ac-bordeaux.fr\/sofia-fmo-acad\/default\/session\/preregistrationadd\/globalSessionId\/91378\/tab\/trainee\/pill\/individualTrainingPlan\/infos\/72693|01|S1|2026-01-26_09:00:00|2026-01-26_16:30:00\" target=\"_blank\" rel=\"noreferrer noopener\"><img loading=\"lazy\" decoding=\"async\" width=\"703\" height=\"395\" class=\"wp-image-8497\" style=\"width: 110px\" src=\"https:\/\/ent2d.ac-bordeaux.fr\/disciplines\/eps\/wp-content\/uploads\/sites\/33\/2024\/12\/3.png\" alt=\"\" srcset=\"https:\/\/ent2d.ac-bordeaux.fr\/disciplines\/eps\/wp-content\/uploads\/sites\/33\/2024\/12\/3.png 703w, https:\/\/ent2d.ac-bordeaux.fr\/disciplines\/eps\/wp-content\/uploads\/sites\/33\/2024\/12\/3-300x169.png 300w\" sizes=\"auto, (max-width: 703px) 100vw, 703px\" \/><\/a><br>avant le 4 mai <br><\/h6>\n<\/div>\n<\/div>\n<\/div>\n\n\n\n<div class=\"wp-block-column is-layout-flow wp-block-column-is-layout-flow\">\n<div class=\"wp-block-columns has-border-color has-cyan-bluish-gray-border-color is-layout-flex wp-container-core-columns-is-layout-28f84493 wp-block-columns-is-layout-flex\" style=\"border-style:solid;border-width:2px\">\n<div class=\"wp-block-column is-layout-flow wp-block-column-is-layout-flow\" style=\"flex-basis:100%\">\n<h2 class=\"wp-block-heading has-text-align-center has-medium-font-size\"><br><strong>GRP 47 : LOT ET GARONNE<\/strong><\/h2>\n\n\n\n<h2 class=\"wp-block-heading has-text-align-center has-small-font-size\"><a href=\"https:\/\/portailrh.ac-bordeaux.fr\/sofia-fmo-acad\/default\/extmodule\/subscriptionadd\/extModuleId\/72688\/tab\/trainee\/pill\/individualTrainingPlan\" target=\"_blank\" rel=\"noreferrer noopener\"><img loading=\"lazy\" decoding=\"async\" width=\"703\" height=\"395\" class=\"wp-image-8504\" style=\"width: 110px\" src=\"https:\/\/ent2d.ac-bordeaux.fr\/disciplines\/eps\/wp-content\/uploads\/sites\/33\/2024\/12\/Sabonner-clic.png\" alt=\"\" srcset=\"https:\/\/ent2d.ac-bordeaux.fr\/disciplines\/eps\/wp-content\/uploads\/sites\/33\/2024\/12\/Sabonner-clic.png 703w, https:\/\/ent2d.ac-bordeaux.fr\/disciplines\/eps\/wp-content\/uploads\/sites\/33\/2024\/12\/Sabonner-clic-300x169.png 300w\" sizes=\"auto, (max-width: 703px) 100vw, 703px\" \/><\/a><br><br><strong>Journ\u00e9e 1 : 19 janvier de 9h \u00e0 17h <\/strong><br>Lyc\u00e9e Marguerite Filhol (Fumel)<br><img loading=\"lazy\" decoding=\"async\" width=\"703\" height=\"395\" class=\"wp-image-8434\" style=\"width: 110px\" src=\"https:\/\/ent2d.ac-bordeaux.fr\/disciplines\/eps\/wp-content\/uploads\/sites\/33\/2024\/10\/Preinscriptions-terminees.png\" alt=\"\" srcset=\"https:\/\/ent2d.ac-bordeaux.fr\/disciplines\/eps\/wp-content\/uploads\/sites\/33\/2024\/10\/Preinscriptions-terminees.png 703w, https:\/\/ent2d.ac-bordeaux.fr\/disciplines\/eps\/wp-content\/uploads\/sites\/33\/2024\/10\/Preinscriptions-terminees-300x169.png 300w\" sizes=\"auto, (max-width: 703px) 100vw, 703px\" \/> <br><br><strong>Journ\u00e9e 2 : 6 mars de 9h \u00e0 17h <\/strong><br>Coll\u00e8ge Th\u00e9ophile de Viau (Le Passage)<br><a href=\"https:\/\/portailrh.ac-bordeaux.fr\/sofia-fmo-acad\/default\/session\/preregistrationadd\/globalSessionId\/92039\/tab\/trainee\/pill\/individualTrainingPlan\/infos\/72688|01|S2|2026-03-06_09:00:00|2026-03-06_17:00:00\" target=\"_blank\" rel=\"noreferrer noopener\"><img loading=\"lazy\" decoding=\"async\" width=\"703\" height=\"395\" class=\"wp-image-8434\" style=\"width: 110px\" src=\"https:\/\/ent2d.ac-bordeaux.fr\/disciplines\/eps\/wp-content\/uploads\/sites\/33\/2024\/10\/Preinscriptions-terminees.png\" alt=\"\" srcset=\"https:\/\/ent2d.ac-bordeaux.fr\/disciplines\/eps\/wp-content\/uploads\/sites\/33\/2024\/10\/Preinscriptions-terminees.png 703w, https:\/\/ent2d.ac-bordeaux.fr\/disciplines\/eps\/wp-content\/uploads\/sites\/33\/2024\/10\/Preinscriptions-terminees-300x169.png 300w\" sizes=\"auto, (max-width: 703px) 100vw, 703px\" \/><\/a> <br>avant le 15 janvier<br><br><strong>Journ\u00e9e 3 : 28 avril de 9h \u00e0 17h <\/strong><br>Lyc\u00e9e Lot-et-Bastides (Villeneuve sur Lot)<br><a href=\"https:\/\/portailrh.ac-bordeaux.fr\/sofia-fmo-acad\/default\/session\/preregistrationadd\/globalSessionId\/92039\/tab\/trainee\/pill\/individualTrainingPlan\/infos\/72688|01|S2|2026-03-06_09:00:00|2026-03-06_17:00:00\" target=\"_blank\" rel=\"noreferrer noopener\"><img loading=\"lazy\" decoding=\"async\" width=\"703\" height=\"395\" class=\"wp-image-8434\" style=\"width: 110px\" src=\"https:\/\/ent2d.ac-bordeaux.fr\/disciplines\/eps\/wp-content\/uploads\/sites\/33\/2024\/10\/Preinscriptions-terminees.png\" alt=\"\" srcset=\"https:\/\/ent2d.ac-bordeaux.fr\/disciplines\/eps\/wp-content\/uploads\/sites\/33\/2024\/10\/Preinscriptions-terminees.png 703w, https:\/\/ent2d.ac-bordeaux.fr\/disciplines\/eps\/wp-content\/uploads\/sites\/33\/2024\/10\/Preinscriptions-terminees-300x169.png 300w\" sizes=\"auto, (max-width: 703px) 100vw, 703px\" \/><\/a> <br><a href=\"https:\/\/portailrh.ac-bordeaux.fr\/sofia-fmo-acad\/default\/extmodule\/subscriptionadd\/extModuleId\/67310\/tab\/trainee\/pill\/individualTrainingPlan\" data-type=\"link\" data-id=\"https:\/\/portailrh.ac-bordeaux.fr\/sofia-fmo-acad\/default\/extmodule\/subscriptionadd\/extModuleId\/67299\/tab\/trainee\/pill\/individualTrainingPlan\" target=\"_blank\" rel=\"noreferrer noopener\"><\/a><\/h2>\n<\/div>\n<\/div>\n<\/div>\n\n\n\n<div class=\"wp-block-column is-layout-flow wp-block-column-is-layout-flow\">\n<div class=\"wp-block-columns has-border-color has-cyan-bluish-gray-border-color is-layout-flex wp-container-core-columns-is-layout-28f84493 wp-block-columns-is-layout-flex\" style=\"border-style:solid;border-width:2px\">\n<div class=\"wp-block-column is-layout-flow wp-block-column-is-layout-flow\" style=\"flex-basis:100%\">\n<h2 class=\"wp-block-heading has-text-align-center has-medium-font-size\"><br><strong>GRP 64 : BEARN Coll\u00e8ges <\/strong><br>(Pau-Nay, Gaves, Nives-et-Saison) <\/h2>\n\n\n\n<h2 class=\"wp-block-heading has-text-align-center has-small-font-size\"><a href=\"https:\/\/portailrh.ac-bordeaux.fr\/sofia-fmo-acad\/default\/extmodule\/subscriptionadd\/extModuleId\/72691\/tab\/trainee\/pill\/individualTrainingPlan\" target=\"_blank\" rel=\"noreferrer noopener\"><img loading=\"lazy\" decoding=\"async\" width=\"703\" height=\"395\" class=\"wp-image-8504\" style=\"width: 110px\" src=\"https:\/\/ent2d.ac-bordeaux.fr\/disciplines\/eps\/wp-content\/uploads\/sites\/33\/2024\/12\/Sabonner-clic.png\" alt=\"\" srcset=\"https:\/\/ent2d.ac-bordeaux.fr\/disciplines\/eps\/wp-content\/uploads\/sites\/33\/2024\/12\/Sabonner-clic.png 703w, https:\/\/ent2d.ac-bordeaux.fr\/disciplines\/eps\/wp-content\/uploads\/sites\/33\/2024\/12\/Sabonner-clic-300x169.png 300w\" sizes=\"auto, (max-width: 703px) 100vw, 703px\" \/><\/a><br><br><strong>Journ\u00e9e 1 : 26 janvier de 9h00 \u00e0 17h00<\/strong> <br>Piscine PEGUILHAN (Pau)<br><img loading=\"lazy\" decoding=\"async\" width=\"703\" height=\"395\" class=\"wp-image-8434\" style=\"width: 110px\" src=\"https:\/\/ent2d.ac-bordeaux.fr\/disciplines\/eps\/wp-content\/uploads\/sites\/33\/2024\/10\/Preinscriptions-terminees.png\" alt=\"\" srcset=\"https:\/\/ent2d.ac-bordeaux.fr\/disciplines\/eps\/wp-content\/uploads\/sites\/33\/2024\/10\/Preinscriptions-terminees.png 703w, https:\/\/ent2d.ac-bordeaux.fr\/disciplines\/eps\/wp-content\/uploads\/sites\/33\/2024\/10\/Preinscriptions-terminees-300x169.png 300w\" sizes=\"auto, (max-width: 703px) 100vw, 703px\" \/><br><br><strong>Journ\u00e9e 2 : 5 f\u00e9vrier de 9h00 \u00e0 17h00<\/strong> <br>Piscine PEGUILHAN (Pau)<br><img loading=\"lazy\" decoding=\"async\" width=\"703\" height=\"395\" class=\"wp-image-8434\" style=\"width: 110px\" src=\"https:\/\/ent2d.ac-bordeaux.fr\/disciplines\/eps\/wp-content\/uploads\/sites\/33\/2024\/10\/Preinscriptions-terminees.png\" alt=\"\" srcset=\"https:\/\/ent2d.ac-bordeaux.fr\/disciplines\/eps\/wp-content\/uploads\/sites\/33\/2024\/10\/Preinscriptions-terminees.png 703w, https:\/\/ent2d.ac-bordeaux.fr\/disciplines\/eps\/wp-content\/uploads\/sites\/33\/2024\/10\/Preinscriptions-terminees-300x169.png 300w\" sizes=\"auto, (max-width: 703px) 100vw, 703px\" \/><br><br><strong>Journ\u00e9e 3 : 5 mai de 9h \u00e0 17h<\/strong><br>Coll\u00e8ge Marguerite de Navarre (Pau)<strong>&nbsp;<\/strong><br><a href=\"https:\/\/portailrh.ac-bordeaux.fr\/sofia-fmo-acad\/default\/session\/preregistrationadd\/globalSessionId\/98507\/tab\/trainee\/pill\/individualTrainingPlan\/infos\/72691|01|S3|2026-05-05_09:00:00|2026-05-05_17:00:00\" data-type=\"link\" data-id=\"https:\/\/portailrh.ac-bordeaux.fr\/sofia-fmo-acad\/default\/session\/preregistrationadd\/globalSessionId\/91378\/tab\/trainee\/pill\/individualTrainingPlan\/infos\/72693|01|S1|2026-01-26_09:00:00|2026-01-26_16:30:00\" target=\"_blank\" rel=\"noreferrer noopener\"><img loading=\"lazy\" decoding=\"async\" width=\"703\" height=\"395\" class=\"wp-image-8497\" style=\"width: 110px\" src=\"https:\/\/ent2d.ac-bordeaux.fr\/disciplines\/eps\/wp-content\/uploads\/sites\/33\/2024\/12\/3.png\" alt=\"\" srcset=\"https:\/\/ent2d.ac-bordeaux.fr\/disciplines\/eps\/wp-content\/uploads\/sites\/33\/2024\/12\/3.png 703w, https:\/\/ent2d.ac-bordeaux.fr\/disciplines\/eps\/wp-content\/uploads\/sites\/33\/2024\/12\/3-300x169.png 300w\" sizes=\"auto, (max-width: 703px) 100vw, 703px\" \/><\/a> <br><em>avant le 19 mars<\/em><\/h2>\n<\/div>\n<\/div>\n<\/div>\n<\/div>\n<\/div>\n<\/div>\n<\/div>\n<\/div>\n\n\n\n<p style=\"font-size:3px\"><\/p>\n\n\n\n<div class=\"wp-block-columns is-layout-flex wp-container-core-columns-is-layout-28f84493 wp-block-columns-is-layout-flex\">\n<div class=\"wp-block-column is-layout-flow wp-block-column-is-layout-flow\">\n<div class=\"wp-block-columns is-layout-flex wp-container-core-columns-is-layout-28f84493 wp-block-columns-is-layout-flex\">\n<div class=\"wp-block-column is-layout-flow wp-block-column-is-layout-flow\">\n<div class=\"wp-block-columns is-layout-flex wp-container-core-columns-is-layout-28f84493 wp-block-columns-is-layout-flex\">\n<div class=\"wp-block-column is-layout-flow wp-block-column-is-layout-flow\">\n<div class=\"wp-block-columns has-border-color has-cyan-bluish-gray-border-color is-layout-flex wp-container-core-columns-is-layout-28f84493 wp-block-columns-is-layout-flex\" style=\"border-style:solid;border-width:2px\">\n<div class=\"wp-block-column is-layout-flow wp-block-column-is-layout-flow\" style=\"flex-basis:100%\">\n<h2 class=\"wp-block-heading has-text-align-center has-medium-font-size\"><br><strong>GRP 64 : BEARN Lyc\u00e9es<\/strong><br>(Pau-Nay, Gaves, Nives-et-Saison) <\/h2>\n\n\n\n<h2 class=\"wp-block-heading has-text-align-center has-small-font-size\"><a href=\"https:\/\/portailrh.ac-bordeaux.fr\/sofia-fmo-acad\/default\/extmodule\/subscriptionadd\/extModuleId\/72692\/tab\/trainee\/pill\/individualTrainingPlan\" target=\"_blank\" rel=\"noreferrer noopener\"><img loading=\"lazy\" decoding=\"async\" width=\"703\" height=\"395\" class=\"wp-image-8504\" style=\"width: 110px\" src=\"https:\/\/ent2d.ac-bordeaux.fr\/disciplines\/eps\/wp-content\/uploads\/sites\/33\/2024\/12\/Sabonner-clic.png\" alt=\"\" srcset=\"https:\/\/ent2d.ac-bordeaux.fr\/disciplines\/eps\/wp-content\/uploads\/sites\/33\/2024\/12\/Sabonner-clic.png 703w, https:\/\/ent2d.ac-bordeaux.fr\/disciplines\/eps\/wp-content\/uploads\/sites\/33\/2024\/12\/Sabonner-clic-300x169.png 300w\" sizes=\"auto, (max-width: 703px) 100vw, 703px\" \/><\/a><br><br><strong>Journ\u00e9e 1 : 27 f\u00e9vrier de 9h \u00e0 17h <\/strong><br>Lyc\u00e9e Louis Barthou (Pau)<br><img loading=\"lazy\" decoding=\"async\" width=\"703\" height=\"395\" class=\"wp-image-8434\" style=\"width: 110px\" src=\"https:\/\/ent2d.ac-bordeaux.fr\/disciplines\/eps\/wp-content\/uploads\/sites\/33\/2024\/10\/Preinscriptions-terminees.png\" alt=\"\" srcset=\"https:\/\/ent2d.ac-bordeaux.fr\/disciplines\/eps\/wp-content\/uploads\/sites\/33\/2024\/10\/Preinscriptions-terminees.png 703w, https:\/\/ent2d.ac-bordeaux.fr\/disciplines\/eps\/wp-content\/uploads\/sites\/33\/2024\/10\/Preinscriptions-terminees-300x169.png 300w\" sizes=\"auto, (max-width: 703px) 100vw, 703px\" \/> <br><br><strong>Journ\u00e9e 2  : 8 juin de 9h \u00e0 17h<br><\/strong>Lyc\u00e9e Professionnel Francis Jammes d&#8217;Orthez<br><a href=\"https:\/\/portailrh.ac-bordeaux.fr\/sofia-fmo-acad\/default\/session\/preregistrationadd\/globalSessionId\/97906\/tab\/trainee\/pill\/individualTrainingPlan\/infos\/72692|01|S2|2026-06-08_09:30:00|2026-06-08_17:00:00\" target=\"_blank\" rel=\"noreferrer noopener\"><img loading=\"lazy\" decoding=\"async\" width=\"703\" height=\"395\" class=\"wp-image-8497\" style=\"width: 110px\" src=\"https:\/\/ent2d.ac-bordeaux.fr\/disciplines\/eps\/wp-content\/uploads\/sites\/33\/2024\/12\/3.png\" alt=\"\" srcset=\"https:\/\/ent2d.ac-bordeaux.fr\/disciplines\/eps\/wp-content\/uploads\/sites\/33\/2024\/12\/3.png 703w, https:\/\/ent2d.ac-bordeaux.fr\/disciplines\/eps\/wp-content\/uploads\/sites\/33\/2024\/12\/3-300x169.png 300w\" sizes=\"auto, (max-width: 703px) 100vw, 703px\" \/><\/a><br><em>avant le 15 avril <\/em><br><br><strong>Journ\u00e9e 3 : 9 juin de 9h \u00e0 17h<\/strong><br>Lyc\u00e9e Professionnel Francis Jammes d&#8217;Orthez<br><a href=\"https:\/\/portailrh.ac-bordeaux.fr\/sofia-fmo-acad\/default\/session\/preregistrationadd\/globalSessionId\/97908\/tab\/trainee\/pill\/individualTrainingPlan\/infos\/72692|01|S3|2026-06-09_09:30:00|2026-06-09_17:00:00\" target=\"_blank\" rel=\"noreferrer noopener\"><img loading=\"lazy\" decoding=\"async\" width=\"703\" height=\"395\" class=\"wp-image-8497\" style=\"width: 110px\" src=\"https:\/\/ent2d.ac-bordeaux.fr\/disciplines\/eps\/wp-content\/uploads\/sites\/33\/2024\/12\/3.png\" alt=\"\" srcset=\"https:\/\/ent2d.ac-bordeaux.fr\/disciplines\/eps\/wp-content\/uploads\/sites\/33\/2024\/12\/3.png 703w, https:\/\/ent2d.ac-bordeaux.fr\/disciplines\/eps\/wp-content\/uploads\/sites\/33\/2024\/12\/3-300x169.png 300w\" sizes=\"auto, (max-width: 703px) 100vw, 703px\" \/><\/a><br><em>avant le 15 avril <\/em><br><\/h2>\n<\/div>\n<\/div>\n<\/div>\n\n\n\n<div class=\"wp-block-column is-layout-flow wp-block-column-is-layout-flow\"><\/div>\n\n\n\n<div class=\"wp-block-column is-layout-flow wp-block-column-is-layout-flow\"><\/div>\n<\/div>\n<\/div>\n<\/div>\n<\/div>\n<\/div>\n\n\n\n<div class=\"wp-block-columns is-layout-flex wp-container-core-columns-is-layout-28f84493 wp-block-columns-is-layout-flex\">\n<div class=\"wp-block-column is-layout-flow wp-block-column-is-layout-flow\" style=\"flex-basis:100%\">\n<h2 class=\"wp-block-heading has-text-align-center has-black-color has-light-green-cyan-background-color has-text-color has-background has-link-color wp-elements-f787605242579483f8c2311922d10482\" style=\"font-size:17px\"><strong>FLASH&#8217;EPS : des probl\u00e9matiques professionnelles et th\u00e9matiques d&#8217;actualit\u00e9&#8230;<\/strong><\/h2>\n<\/div>\n<\/div>\n\n\n\n<div class=\"wp-block-columns is-layout-flex wp-container-core-columns-is-layout-28f84493 wp-block-columns-is-layout-flex\">\n<div class=\"wp-block-column is-layout-flow wp-block-column-is-layout-flow\">\n<div class=\"wp-block-columns has-border-color has-light-green-cyan-border-color has-white-background-color has-background is-layout-flex wp-container-core-columns-is-layout-28f84493 wp-block-columns-is-layout-flex\" style=\"border-width:2px\">\n<div class=\"wp-block-column is-layout-flow wp-block-column-is-layout-flow\" style=\"flex-basis:100%\">\n<div class=\"wp-block-columns is-layout-flex wp-container-core-columns-is-layout-28f84493 wp-block-columns-is-layout-flex\">\n<div class=\"wp-block-column is-layout-flow wp-block-column-is-layout-flow\" style=\"flex-basis:100%\">\n<h2 class=\"wp-block-heading has-text-align-left\" style=\"font-size:12px\"><em><br><\/em>Temps d&#8217;\u00e9changes \u00e0 distance autour de probl\u00e9matiques professionnelles et th\u00e9matiques d&#8217;actualit\u00e9 en EPS<br><br><span style=\"text-decoration: underline\">Public cible<\/span> : enseignants d&#8217;EPS<br><span style=\"text-decoration: underline\">Modalit\u00e9s<\/span> : distanciel<br><span style=\"text-decoration: underline\">Dur\u00e9e<\/span> : 1h30<\/h2>\n<\/div>\n<\/div>\n<\/div>\n<\/div>\n<\/div>\n<\/div>\n\n\n\n<div class=\"wp-block-columns is-layout-flex wp-container-core-columns-is-layout-28f84493 wp-block-columns-is-layout-flex\">\n<div class=\"wp-block-column is-layout-flow wp-block-column-is-layout-flow\">\n<div class=\"wp-block-columns is-layout-flex wp-container-core-columns-is-layout-28f84493 wp-block-columns-is-layout-flex\">\n<div class=\"wp-block-column is-layout-flow wp-block-column-is-layout-flow\">\n<div class=\"wp-block-columns is-layout-flex wp-container-core-columns-is-layout-28f84493 wp-block-columns-is-layout-flex\">\n<div class=\"wp-block-column is-layout-flow wp-block-column-is-layout-flow\">\n<div class=\"wp-block-columns has-border-color has-cyan-bluish-gray-border-color is-layout-flex wp-container-core-columns-is-layout-28f84493 wp-block-columns-is-layout-flex\" style=\"border-style:solid;border-width:2px\">\n<div class=\"wp-block-column is-layout-flow wp-block-column-is-layout-flow\" style=\"flex-basis:100%\">\n<h6 class=\"wp-block-heading has-text-align-center has-medium-font-size\"><br><strong>Evaluer de mani\u00e8re explicite<\/strong><br><a href=\"https:\/\/portailrh.ac-bordeaux.fr\/sofia-fmo-acad\/default\/extmodule\/subscriptionadd\/extModuleId\/72689\/tab\/trainee\/pill\/individualTrainingPlan\" target=\"_blank\" rel=\"noreferrer noopener\"><img loading=\"lazy\" decoding=\"async\" width=\"703\" height=\"395\" class=\"wp-image-8504\" style=\"width: 110px\" src=\"https:\/\/ent2d.ac-bordeaux.fr\/disciplines\/eps\/wp-content\/uploads\/sites\/33\/2024\/12\/Sabonner-clic.png\" alt=\"\" srcset=\"https:\/\/ent2d.ac-bordeaux.fr\/disciplines\/eps\/wp-content\/uploads\/sites\/33\/2024\/12\/Sabonner-clic.png 703w, https:\/\/ent2d.ac-bordeaux.fr\/disciplines\/eps\/wp-content\/uploads\/sites\/33\/2024\/12\/Sabonner-clic-300x169.png 300w\" sizes=\"auto, (max-width: 703px) 100vw, 703px\" \/><\/a><\/h6>\n<\/div>\n<\/div>\n<\/div>\n\n\n\n<div class=\"wp-block-column is-layout-flow wp-block-column-is-layout-flow\">\n<div class=\"wp-block-columns has-border-color has-cyan-bluish-gray-border-color is-layout-flex wp-container-core-columns-is-layout-28f84493 wp-block-columns-is-layout-flex\" style=\"border-style:solid;border-width:2px\">\n<div class=\"wp-block-column is-layout-flow wp-block-column-is-layout-flow\" style=\"flex-basis:100%\">\n<h2 class=\"wp-block-heading has-text-align-center has-medium-font-size\"><br><strong>Comment \u00e9duquer au choix ?<\/strong><\/h2>\n\n\n\n<h2 class=\"wp-block-heading has-text-align-center has-small-font-size\"><a href=\"https:\/\/portailrh.ac-bordeaux.fr\/sofia-fmo-acad\/default\/extmodule\/subscriptionadd\/extModuleId\/72826\/tab\/trainee\/pill\/individualTrainingPlan\" target=\"_blank\" rel=\"noreferrer noopener\"><img loading=\"lazy\" decoding=\"async\" width=\"703\" height=\"395\" class=\"wp-image-8504\" style=\"width: 110px\" src=\"https:\/\/ent2d.ac-bordeaux.fr\/disciplines\/eps\/wp-content\/uploads\/sites\/33\/2024\/12\/Sabonner-clic.png\" alt=\"\" srcset=\"https:\/\/ent2d.ac-bordeaux.fr\/disciplines\/eps\/wp-content\/uploads\/sites\/33\/2024\/12\/Sabonner-clic.png 703w, https:\/\/ent2d.ac-bordeaux.fr\/disciplines\/eps\/wp-content\/uploads\/sites\/33\/2024\/12\/Sabonner-clic-300x169.png 300w\" sizes=\"auto, (max-width: 703px) 100vw, 703px\" \/><\/a><a href=\"https:\/\/portailrh.ac-bordeaux.fr\/sofia-fmo-acad\/default\/extmodule\/subscriptionadd\/extModuleId\/67310\/tab\/trainee\/pill\/individualTrainingPlan\" data-type=\"link\" data-id=\"https:\/\/portailrh.ac-bordeaux.fr\/sofia-fmo-acad\/default\/extmodule\/subscriptionadd\/extModuleId\/67299\/tab\/trainee\/pill\/individualTrainingPlan\" target=\"_blank\" rel=\"noreferrer noopener\"><\/a><\/h2>\n<\/div>\n<\/div>\n<\/div>\n\n\n\n<div class=\"wp-block-column is-layout-flow wp-block-column-is-layout-flow\">\n<div class=\"wp-block-columns has-border-color has-cyan-bluish-gray-border-color is-layout-flex wp-container-core-columns-is-layout-28f84493 wp-block-columns-is-layout-flex\" style=\"border-style:solid;border-width:2px\">\n<div class=\"wp-block-column is-layout-flow wp-block-column-is-layout-flow\" style=\"flex-basis:100%\">\n<h2 class=\"wp-block-heading has-text-align-center has-medium-font-size\"><br><strong>Coop\u00e9rer en EPS <\/strong><\/h2>\n\n\n\n<h2 class=\"wp-block-heading has-text-align-center has-small-font-size\"><a href=\"https:\/\/portailrh.ac-bordeaux.fr\/sofia-fmo-acad\/default\/extmodule\/subscriptionadd\/extModuleId\/72825\/tab\/trainee\/pill\/individualTrainingPlan\" target=\"_blank\" rel=\"noreferrer noopener\"><img loading=\"lazy\" decoding=\"async\" width=\"703\" height=\"395\" class=\"wp-image-8504\" style=\"width: 110px\" src=\"https:\/\/ent2d.ac-bordeaux.fr\/disciplines\/eps\/wp-content\/uploads\/sites\/33\/2024\/12\/Sabonner-clic.png\" alt=\"\" srcset=\"https:\/\/ent2d.ac-bordeaux.fr\/disciplines\/eps\/wp-content\/uploads\/sites\/33\/2024\/12\/Sabonner-clic.png 703w, https:\/\/ent2d.ac-bordeaux.fr\/disciplines\/eps\/wp-content\/uploads\/sites\/33\/2024\/12\/Sabonner-clic-300x169.png 300w\" sizes=\"auto, (max-width: 703px) 100vw, 703px\" \/><\/a><\/h2>\n<\/div>\n<\/div>\n<\/div>\n<\/div>\n<\/div>\n<\/div>\n<\/div>\n<\/div>\n\n\n\n<div class=\"wp-block-columns is-layout-flex wp-container-core-columns-is-layout-28f84493 wp-block-columns-is-layout-flex\">\n<div class=\"wp-block-column is-layout-flow wp-block-column-is-layout-flow\">\n<div class=\"wp-block-columns has-border-color has-cyan-bluish-gray-border-color is-layout-flex wp-container-core-columns-is-layout-28f84493 wp-block-columns-is-layout-flex\" style=\"border-style:solid;border-width:2px\">\n<div class=\"wp-block-column is-layout-flow wp-block-column-is-layout-flow\" style=\"flex-basis:100%\">\n<h6 class=\"wp-block-heading has-text-align-center has-medium-font-size\"><br><strong>Accessibilit\u00e9 des apprentissages en EPS<\/strong><br><a href=\"https:\/\/portailrh.ac-bordeaux.fr\/sofia-fmo-acad\/default\/extmodule\/subscriptionadd\/extModuleId\/72823\/tab\/trainee\/pill\/individualTrainingPlan\" target=\"_blank\" rel=\"noreferrer noopener\"><img loading=\"lazy\" decoding=\"async\" width=\"703\" height=\"395\" class=\"wp-image-8504\" style=\"width: 110px\" src=\"https:\/\/ent2d.ac-bordeaux.fr\/disciplines\/eps\/wp-content\/uploads\/sites\/33\/2024\/12\/Sabonner-clic.png\" alt=\"\" srcset=\"https:\/\/ent2d.ac-bordeaux.fr\/disciplines\/eps\/wp-content\/uploads\/sites\/33\/2024\/12\/Sabonner-clic.png 703w, https:\/\/ent2d.ac-bordeaux.fr\/disciplines\/eps\/wp-content\/uploads\/sites\/33\/2024\/12\/Sabonner-clic-300x169.png 300w\" sizes=\"auto, (max-width: 703px) 100vw, 703px\" \/><\/a><\/h6>\n<\/div>\n<\/div>\n<\/div>\n\n\n\n<div class=\"wp-block-column is-layout-flow wp-block-column-is-layout-flow\">\n<div class=\"wp-block-columns has-border-color has-cyan-bluish-gray-border-color is-layout-flex wp-container-core-columns-is-layout-28f84493 wp-block-columns-is-layout-flex\" style=\"border-style:solid;border-width:2px\">\n<div class=\"wp-block-column is-layout-flow wp-block-column-is-layout-flow\" style=\"flex-basis:100%\">\n<h2 class=\"wp-block-heading has-text-align-center has-medium-font-size\"><br><strong>Plaisir et engagement durable en EPS<\/strong><\/h2>\n\n\n\n<h2 class=\"wp-block-heading has-text-align-center has-small-font-size\"><a href=\"https:\/\/portailrh.ac-bordeaux.fr\/sofia-fmo-acad\/default\/extmodule\/subscriptionadd\/extModuleId\/72824\/tab\/trainee\/pill\/individualTrainingPlan\" target=\"_blank\" rel=\"noreferrer noopener\"><img loading=\"lazy\" decoding=\"async\" width=\"703\" height=\"395\" class=\"wp-image-8504\" style=\"width: 110px\" src=\"https:\/\/ent2d.ac-bordeaux.fr\/disciplines\/eps\/wp-content\/uploads\/sites\/33\/2024\/12\/Sabonner-clic.png\" alt=\"\" srcset=\"https:\/\/ent2d.ac-bordeaux.fr\/disciplines\/eps\/wp-content\/uploads\/sites\/33\/2024\/12\/Sabonner-clic.png 703w, https:\/\/ent2d.ac-bordeaux.fr\/disciplines\/eps\/wp-content\/uploads\/sites\/33\/2024\/12\/Sabonner-clic-300x169.png 300w\" sizes=\"auto, (max-width: 703px) 100vw, 703px\" \/><\/a><a href=\"https:\/\/portailrh.ac-bordeaux.fr\/sofia-fmo-acad\/default\/extmodule\/subscriptionadd\/extModuleId\/67310\/tab\/trainee\/pill\/individualTrainingPlan\" data-type=\"link\" data-id=\"https:\/\/portailrh.ac-bordeaux.fr\/sofia-fmo-acad\/default\/extmodule\/subscriptionadd\/extModuleId\/67299\/tab\/trainee\/pill\/individualTrainingPlan\" target=\"_blank\" rel=\"noreferrer noopener\"><\/a><\/h2>\n<\/div>\n<\/div>\n<\/div>\n\n\n\n<div class=\"wp-block-column is-layout-flow wp-block-column-is-layout-flow\">\n<div class=\"wp-block-columns has-border-color has-cyan-bluish-gray-border-color is-layout-flex wp-container-core-columns-is-layout-28f84493 wp-block-columns-is-layout-flex\" style=\"border-style:solid;border-width:2px\">\n<div class=\"wp-block-column is-layout-flow wp-block-column-is-layout-flow\" style=\"flex-basis:100%\">\n<h2 class=\"wp-block-heading has-text-align-center has-medium-font-size\"><br><strong>Intelligence Artificielle en EPS <\/strong><\/h2>\n\n\n\n<h2 class=\"wp-block-heading has-text-align-center has-small-font-size\"><a href=\"https:\/\/portailrh.ac-bordeaux.fr\/sofia-fmo-acad\/default\/extmodule\/subscriptionadd\/extModuleId\/72840\/tab\/trainee\/pill\/individualTrainingPlan\" target=\"_blank\" rel=\"noreferrer noopener\"><img loading=\"lazy\" decoding=\"async\" width=\"703\" height=\"395\" class=\"wp-image-8504\" style=\"width: 110px\" src=\"https:\/\/ent2d.ac-bordeaux.fr\/disciplines\/eps\/wp-content\/uploads\/sites\/33\/2024\/12\/Sabonner-clic.png\" alt=\"\" srcset=\"https:\/\/ent2d.ac-bordeaux.fr\/disciplines\/eps\/wp-content\/uploads\/sites\/33\/2024\/12\/Sabonner-clic.png 703w, https:\/\/ent2d.ac-bordeaux.fr\/disciplines\/eps\/wp-content\/uploads\/sites\/33\/2024\/12\/Sabonner-clic-300x169.png 300w\" sizes=\"auto, (max-width: 703px) 100vw, 703px\" \/><\/a><\/h2>\n<\/div>\n<\/div>\n<\/div>\n<\/div>\n\n\n\n<p><\/p>\n\n\n\n<h2 class=\"wp-block-heading has-text-align-center has-pale-pink-background-color has-background\" style=\"font-size:17px\"><strong>Accompagnement \u00e0 la mise en \u0153uvre de projets sp\u00e9cifiques<\/strong><\/h2>\n\n\n\n<div class=\"wp-block-columns has-border-color has-pale-pink-border-color has-white-background-color has-background is-layout-flex wp-container-core-columns-is-layout-28f84493 wp-block-columns-is-layout-flex\" style=\"border-width:2px\">\n<div class=\"wp-block-column is-layout-flow wp-block-column-is-layout-flow\" style=\"flex-basis:100%\">\n<div class=\"wp-block-columns is-layout-flex wp-container-core-columns-is-layout-28f84493 wp-block-columns-is-layout-flex\">\n<div class=\"wp-block-column is-layout-flow wp-block-column-is-layout-flow\" style=\"flex-basis:100%\">\n<h2 class=\"wp-block-heading has-text-align-left\" style=\"font-size:12px\"><em><br><\/em>Temps d&#8217;accompagnement pour la construction de projets sp\u00e9cifiques <br><br><span style=\"text-decoration: underline\">Public cible<\/span> : enseignants d&#8217;EPS<br><span style=\"text-decoration: underline\">Modalit\u00e9s<\/span> : distanciel<br><span style=\"text-decoration: underline\">Dur\u00e9e<\/span> : 2h \u00e0 3h<\/h2>\n<\/div>\n<\/div>\n<\/div>\n<\/div>\n\n\n\n<div class=\"wp-block-columns is-layout-flex wp-container-core-columns-is-layout-28f84493 wp-block-columns-is-layout-flex\">\n<div class=\"wp-block-column is-layout-flow wp-block-column-is-layout-flow\">\n<div class=\"wp-block-columns has-border-color has-cyan-bluish-gray-border-color is-layout-flex wp-container-core-columns-is-layout-28f84493 wp-block-columns-is-layout-flex\" style=\"border-style:solid;border-width:2px\">\n<div class=\"wp-block-column is-layout-flow wp-block-column-is-layout-flow\" style=\"flex-basis:100%\">\n<h6 class=\"wp-block-heading has-text-align-center has-medium-font-size\"><br><strong>Construire un projet APPN<\/strong><br><a href=\"https:\/\/portailrh.ac-bordeaux.fr\/sofia-fmo-acad\/default\/extmodule\/subscriptionadd\/extModuleId\/72838\/tab\/trainee\/pill\/individualTrainingPlan\" target=\"_blank\" rel=\"noreferrer noopener\"><img loading=\"lazy\" decoding=\"async\" width=\"703\" height=\"395\" class=\"wp-image-8504\" style=\"width: 110px\" src=\"https:\/\/ent2d.ac-bordeaux.fr\/disciplines\/eps\/wp-content\/uploads\/sites\/33\/2024\/12\/Sabonner-clic.png\" alt=\"\" srcset=\"https:\/\/ent2d.ac-bordeaux.fr\/disciplines\/eps\/wp-content\/uploads\/sites\/33\/2024\/12\/Sabonner-clic.png 703w, https:\/\/ent2d.ac-bordeaux.fr\/disciplines\/eps\/wp-content\/uploads\/sites\/33\/2024\/12\/Sabonner-clic-300x169.png 300w\" sizes=\"auto, (max-width: 703px) 100vw, 703px\" \/><\/a><\/h6>\n<\/div>\n<\/div>\n<\/div>\n\n\n\n<div class=\"wp-block-column is-layout-flow wp-block-column-is-layout-flow\">\n<div class=\"wp-block-columns has-border-color has-cyan-bluish-gray-border-color is-layout-flex wp-container-core-columns-is-layout-28f84493 wp-block-columns-is-layout-flex\" style=\"border-style:solid;border-width:2px\">\n<div class=\"wp-block-column is-layout-flow wp-block-column-is-layout-flow\" style=\"flex-basis:100%\">\n<h2 class=\"wp-block-heading has-text-align-center has-medium-font-size\"><br><strong>Construire un projet de section sportive scolaire<\/strong><\/h2>\n\n\n\n<h2 class=\"wp-block-heading has-text-align-center has-small-font-size\"><em>Le 29 septembre 2025 \u00e0 17h<\/em><\/h2>\n\n\n\n<h2 class=\"wp-block-heading has-text-align-center has-small-font-size\"><img loading=\"lazy\" decoding=\"async\" width=\"703\" height=\"395\" class=\"wp-image-8434\" style=\"width: 110px\" src=\"https:\/\/ent2d.ac-bordeaux.fr\/disciplines\/eps\/wp-content\/uploads\/sites\/33\/2024\/10\/Preinscriptions-terminees.png\" alt=\"\" srcset=\"https:\/\/ent2d.ac-bordeaux.fr\/disciplines\/eps\/wp-content\/uploads\/sites\/33\/2024\/10\/Preinscriptions-terminees.png 703w, https:\/\/ent2d.ac-bordeaux.fr\/disciplines\/eps\/wp-content\/uploads\/sites\/33\/2024\/10\/Preinscriptions-terminees-300x169.png 300w\" sizes=\"auto, (max-width: 703px) 100vw, 703px\" \/><\/h2>\n<\/div>\n<\/div>\n<\/div>\n\n\n\n<div class=\"wp-block-column is-layout-flow wp-block-column-is-layout-flow\"><\/div>\n<\/div>\n\n\n\n<p><\/p>\n","protected":false},"excerpt":{"rendered":"<p>Cet article r\u00e9f\u00e9rence l&#8217;ensemble des modules de formation du plan de formation disciplinaire (PAF) 2025\/2026. Dans la continuit\u00e9 des ann\u00e9es<\/p>\n","protected":false},"author":2554,"featured_media":7387,"comment_status":"closed","ping_status":"closed","sticky":true,"template":"","format":"standard","meta":{"footnotes":""},"categories":[106,29,30],"tags":[148,276],"class_list":["post-7574","post","type-post","status-publish","format-standard","has-post-thumbnail","hentry","category-actualites-formation-dans-lacademie-de-bordeaux","category-diaporama","category-formation","tag-formation","tag-paf"],"_links":{"self":[{"href":"https:\/\/ent2d.ac-bordeaux.fr\/disciplines\/eps\/index.php?rest_route=\/wp\/v2\/posts\/7574","targetHints":{"allow":["GET"]}}],"collection":[{"href":"https:\/\/ent2d.ac-bordeaux.fr\/disciplines\/eps\/index.php?rest_route=\/wp\/v2\/posts"}],"about":[{"href":"https:\/\/ent2d.ac-bordeaux.fr\/disciplines\/eps\/index.php?rest_route=\/wp\/v2\/types\/post"}],"author":[{"embeddable":true,"href":"https:\/\/ent2d.ac-bordeaux.fr\/disciplines\/eps\/index.php?rest_route=\/wp\/v2\/users\/2554"}],"replies":[{"embeddable":true,"href":"https:\/\/ent2d.ac-bordeaux.fr\/disciplines\/eps\/index.php?rest_route=%2Fwp%2Fv2%2Fcomments&post=7574"}],"version-history":[{"count":243,"href":"https:\/\/ent2d.ac-bordeaux.fr\/disciplines\/eps\/index.php?rest_route=\/wp\/v2\/posts\/7574\/revisions"}],"predecessor-version":[{"id":10062,"href":"https:\/\/ent2d.ac-bordeaux.fr\/disciplines\/eps\/index.php?rest_route=\/wp\/v2\/posts\/7574\/revisions\/10062"}],"wp:featuredmedia":[{"embeddable":true,"href":"https:\/\/ent2d.ac-bordeaux.fr\/disciplines\/eps\/index.php?rest_route=\/wp\/v2\/media\/7387"}],"wp:attachment":[{"href":"https:\/\/ent2d.ac-bordeaux.fr\/disciplines\/eps\/index.php?rest_route=%2Fwp%2Fv2%2Fmedia&parent=7574"}],"wp:term":[{"taxonomy":"category","embeddable":true,"href":"https:\/\/ent2d.ac-bordeaux.fr\/disciplines\/eps\/index.php?rest_route=%2Fwp%2Fv2%2Fcategories&post=7574"},{"taxonomy":"post_tag","embeddable":true,"href":"https:\/\/ent2d.ac-bordeaux.fr\/disciplines\/eps\/index.php?rest_route=%2Fwp%2Fv2%2Ftags&post=7574"}],"curies":[{"name":"wp","href":"https:\/\/api.w.org\/{rel}","templated":true}]}}