{"id":7045,"date":"2025-09-21T20:47:09","date_gmt":"2025-09-21T18:47:09","guid":{"rendered":"https:\/\/ent2d.ac-bordeaux.fr\/disciplines\/eps\/?p=7045"},"modified":"2025-09-21T21:42:44","modified_gmt":"2025-09-21T19:42:44","slug":"parcours-de-formation-capeps-interne","status":"publish","type":"post","link":"https:\/\/ent2d.ac-bordeaux.fr\/disciplines\/eps\/?p=7045","title":{"rendered":"Parcours de formation CAPEPS interne 2025 \/ 2026"},"content":{"rendered":"\n<p class=\"has-small-font-size\"><strong>L\u2019EAFC de Bordeaux propose un parcours de formation au CAPEPS interne accessible \u00e0 tous les enseignants contractuels<\/strong> qui sont en poste l\u2019ann\u00e9e du concours, sur la base de candidatures volontaires et qui remplissent les conditions pour \u00eatre \u00e9ligibles au concours du CAPEPS Interne 2026. La formation est gratuite.<\/p>\n\n\n\n<p class=\"has-small-font-size\"><strong>Ce parcours hybride vient prolonger et compl\u00e9ter le parcours de formation disciplinaire acad\u00e9mique des professeurs contractuels en poste, suivis par l\u2019inspection p\u00e9dagogique r\u00e9gionale. <\/strong>Au-del\u00e0 de la pr\u00e9paration \u00e0 ce concours exigeant, il engage les candidats dans une dynamique collective de partage et de mutualisation de connaissances et comp\u00e9tences sur le plan acad\u00e9mique, favorisant ainsi leur d\u00e9veloppement professionnelnel.<\/p>\n\n\n\n<p class=\"has-small-font-size\">La formation est encadr\u00e9e par trois formateurs ainsi que par des intervenants ponctuels.<\/p>\n\n\n\n<p class=\"has-small-font-size\">Cette formation propose :<br><strong>&#8211; <span style=\"text-decoration: underline\">Pour tous<\/span> :<br><\/strong>        &#8211; <strong>Quatre \u00e9crits <\/strong>: chacun faisant l\u2019objet d\u2019une correction individuelle, d\u2019une correction collective et d\u2019un corrig\u00e9.<br>        &#8211; Une <strong>simulation orale<\/strong> pour certains volontaires<br>        &#8211; Des <strong>TD en visio<\/strong> tout au long de la formation afin de r\u00e9pondre aux comp\u00e9tences attendues du concours et aux questionnements des candidats<br>        &#8211; Des <strong>supports num\u00e9riques<\/strong> accessibles en permanence afin d\u2019enrichir les connaissances, proposer des pistes de travail, et favoriser les \u00e9changes et partages de productions entre les candidats<br>        &#8211; Des <strong>journ\u00e9es de formation en pr\u00e9sentiel<\/strong> qui consistent \u00e0 observer une le\u00e7on d\u2019un coll\u00e8gue dans une des APSA du concours \u00e0 l\u2019aide d\u2019un cadre d\u2019analyse m\u00e9thodologique. Ces observations sont suivies d\u2019un temps de formation pour enrichir les propositions          d\u2019action et renforcer les comp\u00e9tences professionnelles.<br><strong>&#8211; <span style=\"text-decoration: underline\">Pour les admissibles<\/span> :<\/strong> <br>        &#8211; <strong>Deux simulations orales<\/strong><\/p>\n\n\n\n<p class=\"has-small-font-size\">La  pr\u00e9-inscription individuelle des candidats aura lieu \u00e0 partir du 22 septembre, via le lien d\u2019inscription ci-dessous <strong>(n\u00e9cessit\u00e9 de se munir de son identifiant et mot de passe acad\u00e9mique)<\/strong>. Attention : les places sont limit\u00e9es \u00e0 24 candidats.<\/p>\n\n\n\n<p class=\"has-text-align-center\" style=\"font-size:15px\"><strong><a href=\"https:\/\/portailrh.ac-bordeaux.fr\/sofia-fmo-acad\/default\/session\/preregistrationadd\/globalSessionId\/88371\/tab\/trainee\/pill\/individualTrainingPlan\/infos\/72026|01|S1|2025-10-04_09:00:00|2025-10-04_16:00:00\" target=\"_blank\" rel=\"noreferrer noopener\">https:\/\/portailrh.ac-bordeaux.fr\/sofia-fmo-acad\/default\/session\/preregistrationadd\/globalSessionId\/88371\/tab\/trainee\/pill\/individualTrainingPlan\/infos\/72026|01|S1|2025-10-04_09:00:00|2025-10-04_16:00:00<\/a><\/strong><\/p>\n\n\n\n<p class=\"has-small-font-size\">Ce lien permettra aux professeurs contractuels en poste de se pr\u00e9-inscrire \u00e0 la premi\u00e8re session qui aura lieu premi\u00e8re journ\u00e9e de formation aura lieu le samedi 4 octobre de 9h \u00e0 16h au coll\u00e8ge Chante Cigale (Gujan Mestras). <\/p>\n\n\n\n<p class=\"has-small-font-size\">Pour toute information compl\u00e9mentaire, n\u2019h\u00e9sitez pas \u00e0 contacter l&#8217;enseignante, pilote de la formation : C\u00e9line GRIFFE (<a href=\"mailto:Celine-Emilie.Griffe@ac-bordeaux.fr\" target=\"_blank\" rel=\"noreferrer noopener\">Celine-Emilie.Griffe@ac-bordeaux.fr<\/a>). <\/p>\n","protected":false},"excerpt":{"rendered":"<p>L\u2019EAFC de Bordeaux propose un parcours de formation au CAPEPS interne accessible \u00e0 tous les enseignants contractuels qui sont en<\/p>\n","protected":false},"author":2554,"featured_media":7998,"comment_status":"closed","ping_status":"closed","sticky":false,"template":"","format":"standard","meta":{"footnotes":""},"categories":[52],"tags":[267,175,266],"class_list":["post-7045","post","type-post","status-publish","format-standard","has-post-thumbnail","hentry","category-capeps-interne","tag-capeps","tag-concours","tag-interne"],"_links":{"self":[{"href":"https:\/\/ent2d.ac-bordeaux.fr\/disciplines\/eps\/index.php?rest_route=\/wp\/v2\/posts\/7045","targetHints":{"allow":["GET"]}}],"collection":[{"href":"https:\/\/ent2d.ac-bordeaux.fr\/disciplines\/eps\/index.php?rest_route=\/wp\/v2\/posts"}],"about":[{"href":"https:\/\/ent2d.ac-bordeaux.fr\/disciplines\/eps\/index.php?rest_route=\/wp\/v2\/types\/post"}],"author":[{"embeddable":true,"href":"https:\/\/ent2d.ac-bordeaux.fr\/disciplines\/eps\/index.php?rest_route=\/wp\/v2\/users\/2554"}],"replies":[{"embeddable":true,"href":"https:\/\/ent2d.ac-bordeaux.fr\/disciplines\/eps\/index.php?rest_route=%2Fwp%2Fv2%2Fcomments&post=7045"}],"version-history":[{"count":13,"href":"https:\/\/ent2d.ac-bordeaux.fr\/disciplines\/eps\/index.php?rest_route=\/wp\/v2\/posts\/7045\/revisions"}],"predecessor-version":[{"id":9311,"href":"https:\/\/ent2d.ac-bordeaux.fr\/disciplines\/eps\/index.php?rest_route=\/wp\/v2\/posts\/7045\/revisions\/9311"}],"wp:featuredmedia":[{"embeddable":true,"href":"https:\/\/ent2d.ac-bordeaux.fr\/disciplines\/eps\/index.php?rest_route=\/wp\/v2\/media\/7998"}],"wp:attachment":[{"href":"https:\/\/ent2d.ac-bordeaux.fr\/disciplines\/eps\/index.php?rest_route=%2Fwp%2Fv2%2Fmedia&parent=7045"}],"wp:term":[{"taxonomy":"category","embeddable":true,"href":"https:\/\/ent2d.ac-bordeaux.fr\/disciplines\/eps\/index.php?rest_route=%2Fwp%2Fv2%2Fcategories&post=7045"},{"taxonomy":"post_tag","embeddable":true,"href":"https:\/\/ent2d.ac-bordeaux.fr\/disciplines\/eps\/index.php?rest_route=%2Fwp%2Fv2%2Ftags&post=7045"}],"curies":[{"name":"wp","href":"https:\/\/api.w.org\/{rel}","templated":true}]}}