{"id":6688,"date":"2022-06-17T10:59:08","date_gmt":"2022-06-17T08:59:08","guid":{"rendered":"https:\/\/ent2d.ac-bordeaux.fr\/disciplines\/eps\/?p=6688"},"modified":"2023-01-25T15:08:56","modified_gmt":"2023-01-25T14:08:56","slug":"prefecture-de-nouvelle-aquitaine-annonce-de-mesures-preventives-concernant-la-canicule","status":"publish","type":"post","link":"https:\/\/ent2d.ac-bordeaux.fr\/disciplines\/eps\/?p=6688","title":{"rendered":"Pr\u00e9fecture de Nouvelle-Aquitaine : annonce de mesures pr\u00e9ventives concernant la canicule"},"content":{"rendered":"<p>La pr\u00e9f\u00e8te de Nouvelle-Aquitaine Fabienne Buccio a annonc\u00e9 l\u2019interdiction, \u00e0 partir d&#8217;aujourd&#8217;hui vendredi 17 juin \u00e0 14h00, de toutes les manifestations publiques pr\u00e9vues en ext\u00e9rieur. Sont \u00e9galement concern\u00e9s les \u00e9v\u00e9nements priv\u00e9s qui devaient se tenir dans des locaux non climatis\u00e9s. Ces interdictions sont en vigueur jusqu\u2019au lundi 20 juin.<\/p>\n<p><strong>Trois d\u00e9partements de l&#8217;acad\u00e9mie de Bordeaux qui passent en vigilance Rouge sont directement concern\u00e9s : <\/strong><\/p>\n<p><strong><span style=\"font-size: 14pt\">Les Landes, la Gironde et le Lot-et-Garonne.<\/span><\/strong><\/p>\n<p><span style=\"font-size: 14pt;color: #ff0000\"><strong>Les activit\u00e9s sportives qui se d\u00e9roulent en ext\u00e9rieur ou dans des lieux non climatis\u00e9s sont touch\u00e9es par cette interdiction.<br \/>\n<\/strong><\/span><\/p>\n<p>De m\u00eame, le gouvernement a annonc\u00e9 que \u201c<em>les parents qui le souhaitent et qui sont en mesure de le faire pourront garder leurs enfants \u00e0 domicile et ne pas les envoyer \u00e0 l\u2019\u00e9cole ou au coll\u00e8ge [d\u00e8s aujourd&#8217;hui] vendredi <\/em>\u201d, afin de limiter les d\u00e9placements en ext\u00e9rieur.<\/p>\n","protected":false},"excerpt":{"rendered":"<p>La pr\u00e9f\u00e8te de Nouvelle-Aquitaine Fabienne Buccio a annonc\u00e9 l\u2019interdiction, \u00e0 partir d&#8217;aujourd&#8217;hui vendredi 17 juin \u00e0 14h00, de toutes les<\/p>\n","protected":false},"author":263,"featured_media":6690,"comment_status":"closed","ping_status":"closed","sticky":false,"template":"","format":"standard","meta":{"footnotes":""},"categories":[4],"tags":[],"class_list":["post-6688","post","type-post","status-publish","format-standard","has-post-thumbnail","hentry","category-institutionnel"],"_links":{"self":[{"href":"https:\/\/ent2d.ac-bordeaux.fr\/disciplines\/eps\/index.php?rest_route=\/wp\/v2\/posts\/6688","targetHints":{"allow":["GET"]}}],"collection":[{"href":"https:\/\/ent2d.ac-bordeaux.fr\/disciplines\/eps\/index.php?rest_route=\/wp\/v2\/posts"}],"about":[{"href":"https:\/\/ent2d.ac-bordeaux.fr\/disciplines\/eps\/index.php?rest_route=\/wp\/v2\/types\/post"}],"author":[{"embeddable":true,"href":"https:\/\/ent2d.ac-bordeaux.fr\/disciplines\/eps\/index.php?rest_route=\/wp\/v2\/users\/263"}],"replies":[{"embeddable":true,"href":"https:\/\/ent2d.ac-bordeaux.fr\/disciplines\/eps\/index.php?rest_route=%2Fwp%2Fv2%2Fcomments&post=6688"}],"version-history":[{"count":4,"href":"https:\/\/ent2d.ac-bordeaux.fr\/disciplines\/eps\/index.php?rest_route=\/wp\/v2\/posts\/6688\/revisions"}],"predecessor-version":[{"id":6695,"href":"https:\/\/ent2d.ac-bordeaux.fr\/disciplines\/eps\/index.php?rest_route=\/wp\/v2\/posts\/6688\/revisions\/6695"}],"wp:featuredmedia":[{"embeddable":true,"href":"https:\/\/ent2d.ac-bordeaux.fr\/disciplines\/eps\/index.php?rest_route=\/wp\/v2\/media\/6690"}],"wp:attachment":[{"href":"https:\/\/ent2d.ac-bordeaux.fr\/disciplines\/eps\/index.php?rest_route=%2Fwp%2Fv2%2Fmedia&parent=6688"}],"wp:term":[{"taxonomy":"category","embeddable":true,"href":"https:\/\/ent2d.ac-bordeaux.fr\/disciplines\/eps\/index.php?rest_route=%2Fwp%2Fv2%2Fcategories&post=6688"},{"taxonomy":"post_tag","embeddable":true,"href":"https:\/\/ent2d.ac-bordeaux.fr\/disciplines\/eps\/index.php?rest_route=%2Fwp%2Fv2%2Ftags&post=6688"}],"curies":[{"name":"wp","href":"https:\/\/api.w.org\/{rel}","templated":true}]}}