{"id":4993,"date":"2020-09-02T08:38:25","date_gmt":"2020-09-02T06:38:25","guid":{"rendered":"https:\/\/ent2d.ac-bordeaux.fr\/disciplines\/eps\/?p=4993"},"modified":"2020-12-12T10:53:54","modified_gmt":"2020-12-12T09:53:54","slug":"quel-protocole-sanitaire-pour-les-ecoles-colleges-et-lycees","status":"publish","type":"post","link":"https:\/\/ent2d.ac-bordeaux.fr\/disciplines\/eps\/?p=4993","title":{"rendered":"Quel protocole sanitaire pour les \u00e9coles, coll\u00e8ges et lyc\u00e9es ? (article actualis\u00e9 le 02 septembre 2020)"},"content":{"rendered":"<p style=\"text-align: justify\">Le pr\u00e9sent protocole repose sur les prescriptions \u00e9mises par le minist\u00e8re des Solidarit\u00e9s et de la Sant\u00e9 au vu des avis rendus par le Haut conseil de la sant\u00e9 publique ainsi que sur les dispositions l\u00e9gislatives et r\u00e9glementaires en vigueur.<\/p>\n<p style=\"text-align: justify\">Il est destin\u00e9 aux collectivit\u00e9s territoriales, aux services d\u00e9concentr\u00e9s de l\u2019\u00c9tat, aux personnels de direction ainsi qu\u2019\u00e0 l\u2019ensemble des membres de la communaut\u00e9 \u00e9ducative. Les mesures \u00e0 prendre n\u00e9cessitent de tenir compte du contexte propre \u00e0 chaque \u00e9cole ou \u00e9tablissement.<\/p>\n<p style=\"text-align: justify\">A t\u00e9l\u00e9charger :<\/p>\n<p>Une foire aux questions (FAQ) \u00e9voquant les conditions g\u00e9n\u00e9rales de la rentr\u00e9e scolaire 2020\/2021 : <a href=\"https:\/\/ent2d.ac-bordeaux.fr\/disciplines\/eps\/wp-content\/uploads\/sites\/33\/2020\/08\/Foire-aux-questions-Coronavirus-Rentr\u00e9e-2020.pdf\">Foire aux questions &#8211; Coronavirus Rentr\u00e9e 2020<\/a><\/p>\n<p class=\"title\"><span style=\"font-size: 12pt\">Le protocole sanitaire pour les \u00e9coles, coll\u00e8ges et lyc\u00e9e &#8211; Rentr\u00e9e 2020 : <\/span><a href=\"https:\/\/ent2d.ac-bordeaux.fr\/disciplines\/eps\/wp-content\/uploads\/sites\/33\/2020\/08\/Protocole-sanitaire-ann\u00e9e-scolaire-2020-2021.pdf\">Protocole sanitaire ann\u00e9e scolaire 2020-2021<\/a><\/p>\n\n\n<p><\/p>\n","protected":false},"excerpt":{"rendered":"<p>Le pr\u00e9sent protocole repose sur les prescriptions \u00e9mises par le minist\u00e8re des Solidarit\u00e9s et de la Sant\u00e9 au vu des<\/p>\n","protected":false},"author":263,"featured_media":0,"comment_status":"closed","ping_status":"closed","sticky":false,"template":"","format":"standard","meta":{"footnotes":""},"categories":[4],"tags":[],"class_list":["post-4993","post","type-post","status-publish","format-standard","hentry","category-institutionnel"],"_links":{"self":[{"href":"https:\/\/ent2d.ac-bordeaux.fr\/disciplines\/eps\/index.php?rest_route=\/wp\/v2\/posts\/4993","targetHints":{"allow":["GET"]}}],"collection":[{"href":"https:\/\/ent2d.ac-bordeaux.fr\/disciplines\/eps\/index.php?rest_route=\/wp\/v2\/posts"}],"about":[{"href":"https:\/\/ent2d.ac-bordeaux.fr\/disciplines\/eps\/index.php?rest_route=\/wp\/v2\/types\/post"}],"author":[{"embeddable":true,"href":"https:\/\/ent2d.ac-bordeaux.fr\/disciplines\/eps\/index.php?rest_route=\/wp\/v2\/users\/263"}],"replies":[{"embeddable":true,"href":"https:\/\/ent2d.ac-bordeaux.fr\/disciplines\/eps\/index.php?rest_route=%2Fwp%2Fv2%2Fcomments&post=4993"}],"version-history":[{"count":6,"href":"https:\/\/ent2d.ac-bordeaux.fr\/disciplines\/eps\/index.php?rest_route=\/wp\/v2\/posts\/4993\/revisions"}],"predecessor-version":[{"id":5032,"href":"https:\/\/ent2d.ac-bordeaux.fr\/disciplines\/eps\/index.php?rest_route=\/wp\/v2\/posts\/4993\/revisions\/5032"}],"wp:attachment":[{"href":"https:\/\/ent2d.ac-bordeaux.fr\/disciplines\/eps\/index.php?rest_route=%2Fwp%2Fv2%2Fmedia&parent=4993"}],"wp:term":[{"taxonomy":"category","embeddable":true,"href":"https:\/\/ent2d.ac-bordeaux.fr\/disciplines\/eps\/index.php?rest_route=%2Fwp%2Fv2%2Fcategories&post=4993"},{"taxonomy":"post_tag","embeddable":true,"href":"https:\/\/ent2d.ac-bordeaux.fr\/disciplines\/eps\/index.php?rest_route=%2Fwp%2Fv2%2Ftags&post=4993"}],"curies":[{"name":"wp","href":"https:\/\/api.w.org\/{rel}","templated":true}]}}