{"id":4968,"date":"2020-08-28T17:21:06","date_gmt":"2020-08-28T15:21:06","guid":{"rendered":"https:\/\/ent2d.ac-bordeaux.fr\/disciplines\/eps\/?p=4968"},"modified":"2020-12-12T10:54:06","modified_gmt":"2020-12-12T09:54:06","slug":"rentree-scolaire-2020-2021-le-nouveau-protocole-sanitaire-de-reference-actualise-au-28-08-2020","status":"publish","type":"post","link":"https:\/\/ent2d.ac-bordeaux.fr\/disciplines\/eps\/?p=4968","title":{"rendered":"Rentr\u00e9e scolaire 2020-2021 : le nouveau protocole sanitaire de r\u00e9f\u00e9rence (article actualis\u00e9 le 28 ao\u00fbt 2020)"},"content":{"rendered":"<p style=\"text-align: justify\">Le minist\u00e8re de l&#8217;\u00c9ducation nationale et de la Jeunesse a diffus\u00e9 le 26 ao\u00fbt 2020 un nouveau protocole sanitaire qui pr\u00e9cise les modalit\u00e9s applicables \u00e0 la rentr\u00e9e scolaire 2020 dans les \u00e9coles, les coll\u00e8ges et les lyc\u00e9es dans un cadre sanitaire normal. En cas de d\u00e9gradation de la situation justifiant des restrictions d&#8217;accueil ou des fermetures, un plan de continuit\u00e9 p\u00e9dagogique a \u00e9t\u00e9 diffus\u00e9.<\/p>\n<p style=\"text-align: justify\">Des \u00e9l\u00e9ments plus sp\u00e9cifiques concernant la discipline EPS \u00e9manant du minist\u00e8re sont attendus et seront diffus\u00e9s sur ce m\u00eame site disciplinaire, d\u00e8s qu&#8217;ils seront port\u00e9s \u00e0 notre connaissance.<\/p>\n<p style=\"text-align: justify\">Avant cette parution minist\u00e9rielle, le groupe &#8220;\u00c9ducation Physique et Sportive&#8221; de l&#8217;IGESR propose quelques orientations concernant la reprise de l\u2019EPS et indique que le protocole sanitaire \u00ab sp\u00e9cifique EPS \u00bb autorisera le non port du masque lors de l\u2019activit\u00e9 physique et que la r\u00e8gle de distanciation reprendra celle du minist\u00e8re des sports, \u00e0 savoir 2m d\u00e8s que les pratiquants sont en activit\u00e9 et davantage en fonction de l\u2019intensit\u00e9 de l\u2019effort.<\/p>\n<ul>\n<li><span style=\"font-size: 12pt\">A t\u00e9l\u00e9charger :<\/span>\n<ul>\n<li><span style=\"font-size: 12pt\"> Le nouveau protocole sanitaire de r\u00e9f\u00e9rence p<\/span><span style=\"font-size: 12pt\">ubli\u00e9 le 27 ao\u00fbt 2020&nbsp; :<\/span>&nbsp;<a href=\"https:\/\/ent2d.ac-bordeaux.fr\/disciplines\/eps\/wp-content\/uploads\/sites\/33\/2020\/08\/RENTREE-SCOLAIRE-2020-1.pdf\">Protocole sanitaire de r\u00e9f\u00e9rence publi\u00e9 le 27 ao\u00fbt 2020<\/a><\/li>\n<li>\n<p>Les orientations pour la reprise de l\u2019EPS propos\u00e9es par le groupe &#8220;\u00c9ducation Physique et Sportive&#8221; de l&#8217;IGESR :<a href=\"https:\/\/ent2d.ac-bordeaux.fr\/disciplines\/eps\/wp-content\/uploads\/sites\/33\/2020\/08\/Rentr\u00e9e-2020-EPS-IGESR.pdf\"> Rentr\u00e9e 2020 EPS IGESR<\/a><\/p>\n<\/li>\n<li>\n<p>La circulaire de rentr\u00e9e 2020-2021 : <a href=\"https:\/\/www.education.gouv.fr\/la-circulaire-de-rentree-2020-au-bulletin-officiel-305132\">https:\/\/www.education.gouv.fr\/la-circulaire-de-rentree-2020-au-bulletin-officiel-305132<\/a><\/p>\n<\/li>\n<\/ul>\n<\/li>\n<\/ul>\n\n\n<p><\/p>\n","protected":false},"excerpt":{"rendered":"<p>Le minist\u00e8re de l&#8217;\u00c9ducation nationale et de la Jeunesse a diffus\u00e9 le 26 ao\u00fbt 2020 un nouveau protocole sanitaire qui<\/p>\n","protected":false},"author":263,"featured_media":0,"comment_status":"closed","ping_status":"closed","sticky":false,"template":"","format":"standard","meta":{"footnotes":""},"categories":[4],"tags":[],"class_list":["post-4968","post","type-post","status-publish","format-standard","hentry","category-institutionnel"],"_links":{"self":[{"href":"https:\/\/ent2d.ac-bordeaux.fr\/disciplines\/eps\/index.php?rest_route=\/wp\/v2\/posts\/4968","targetHints":{"allow":["GET"]}}],"collection":[{"href":"https:\/\/ent2d.ac-bordeaux.fr\/disciplines\/eps\/index.php?rest_route=\/wp\/v2\/posts"}],"about":[{"href":"https:\/\/ent2d.ac-bordeaux.fr\/disciplines\/eps\/index.php?rest_route=\/wp\/v2\/types\/post"}],"author":[{"embeddable":true,"href":"https:\/\/ent2d.ac-bordeaux.fr\/disciplines\/eps\/index.php?rest_route=\/wp\/v2\/users\/263"}],"replies":[{"embeddable":true,"href":"https:\/\/ent2d.ac-bordeaux.fr\/disciplines\/eps\/index.php?rest_route=%2Fwp%2Fv2%2Fcomments&post=4968"}],"version-history":[{"count":8,"href":"https:\/\/ent2d.ac-bordeaux.fr\/disciplines\/eps\/index.php?rest_route=\/wp\/v2\/posts\/4968\/revisions"}],"predecessor-version":[{"id":5012,"href":"https:\/\/ent2d.ac-bordeaux.fr\/disciplines\/eps\/index.php?rest_route=\/wp\/v2\/posts\/4968\/revisions\/5012"}],"wp:attachment":[{"href":"https:\/\/ent2d.ac-bordeaux.fr\/disciplines\/eps\/index.php?rest_route=%2Fwp%2Fv2%2Fmedia&parent=4968"}],"wp:term":[{"taxonomy":"category","embeddable":true,"href":"https:\/\/ent2d.ac-bordeaux.fr\/disciplines\/eps\/index.php?rest_route=%2Fwp%2Fv2%2Fcategories&post=4968"},{"taxonomy":"post_tag","embeddable":true,"href":"https:\/\/ent2d.ac-bordeaux.fr\/disciplines\/eps\/index.php?rest_route=%2Fwp%2Fv2%2Ftags&post=4968"}],"curies":[{"name":"wp","href":"https:\/\/api.w.org\/{rel}","templated":true}]}}