{"id":3688,"date":"2020-03-15T22:25:52","date_gmt":"2020-03-15T21:25:52","guid":{"rendered":"https:\/\/ent2d.ac-bordeaux.fr\/disciplines\/eps\/?p=3688"},"modified":"2020-12-12T10:55:30","modified_gmt":"2020-12-12T09:55:30","slug":"rappel-des-gestes-barrieres","status":"publish","type":"post","link":"https:\/\/ent2d.ac-bordeaux.fr\/disciplines\/eps\/?p=3688","title":{"rendered":"Rappel des gestes barri\u00e8res"},"content":{"rendered":"<h2 id=\"edugouv-summary-item-51\" class=\"title\">Rappel des gestes barri\u00e8res&nbsp;&nbsp; <img loading=\"lazy\" decoding=\"async\" class=\"alignnone size-full wp-image-3787\" src=\"https:\/\/ent2d.ac-bordeaux.fr\/disciplines\/eps\/wp-content\/uploads\/sites\/33\/2020\/03\/dothefive_90x90t.gif\" alt=\"\" width=\"90\" height=\"90\"><a id=\"gestes_barriere\" name=\"gestes_barriere\"><\/a><\/h2>\n<div class=\"embedded-entity\" data-embed-button=\"media\" data-entity-embed-display=\"view_mode:media.embed\" data-entity-type=\"media\" data-entity-uuid=\"41789d0c-e34e-43d3-8092-ac66c5380a66\" data-langcode=\"fr\">\n<article><img loading=\"lazy\" decoding=\"async\" src=\"https:\/\/www.education.gouv.fr\/sites\/default\/files\/2020-03\/coronavirus---gestes-barri-re-51380.jpg\" alt=\"Coronavirus - gestes barri\u00e8re\" width=\"1600\" height=\"1131\"><\/article>\n<\/div>\n<h2 id=\"edugouv-summary-item-52\" class=\"title\">Outils d&#8217;information<\/h2>\n<p><a id=\"Flyer_parents\" name=\"Flyer_parents\"><\/a><\/p>\n<div class=\"embedded-entity\" data-embed-button=\"media\" data-entity-embed-display=\"view_mode:media.embed\" data-entity-type=\"media\" data-entity-uuid=\"3ccffaa0-6df2-407f-8817-bf6e41da1c26\" data-langcode=\"fr\">\n<article><img loading=\"lazy\" decoding=\"async\" src=\"https:\/\/www.education.gouv.fr\/sites\/default\/files\/2020-03\/coronavirus---comment-mon-enfant-continue-t-il-apprendre-pendant-la-fermeture-de-son-cole-ou-de-son-tablissement-scolaire--51990.jpg\" alt=\"\" width=\"200\" height=\"283\"><\/article>\n<\/div>\n<div class=\"embedded-entity\" data-embed-button=\"media\" data-entity-embed-display=\"view_mode:media.embed\" data-entity-type=\"media\" data-entity-uuid=\"7935e2d4-edd4-4bb3-a6f0-78f8591650b3\" data-langcode=\"fr\">\n<article><span class=\"icon-img\"> <img loading=\"lazy\" decoding=\"async\" title=\"Coronavirus - Comment mon enfant continue-t-il \u00e0 apprendre pendant la fermeture de son \u00e9cole ou de son \u00e9tablissement scolaire ? .pdf 134.14   Ko\" src=\"https:\/\/www.education.gouv.fr\/sites\/default\/files\/styles\/thumbnail\/public\/media-icons\/generic\/generic.png?itok=Zidnn4nO\" alt=\"\" width=\"100\" height=\"100\"><\/span> <a title=\"Coronavirus - Comment mon enfant - nouvelle fen\u00eatre\" href=\"http:\/\/www.education.gouv.fr\/sites\/default\/files\/2020-03\/coronavirus---comment-mon-enfant-continue-t-il-apprendre-pendant-la-fermeture-de-son-cole-ou-de-son-tablissement-scolaire--51987.pdf\" target=\"_blank\" rel=\"noopener noreferrer\">Coronavirus &#8211; Comment mon enfant continue-t-il \u00e0 apprendre pendant la fermeture de son \u00e9cole ou de son \u00e9tablissement scolaire ? <\/a><\/article>\n<\/div>\n<p><a id=\"gestes_barrieres\" name=\"gestes_barrieres\"><\/a><\/p>\n<div class=\"embedded-entity\" data-embed-button=\"media\" data-entity-embed-display=\"view_mode:media.embed\" data-entity-type=\"media\" data-entity-uuid=\"7500fecf-c9c3-409e-8c6e-8ef43c354423\" data-langcode=\"fr\">\n<article><img loading=\"lazy\" decoding=\"async\" src=\"https:\/\/www.education.gouv.fr\/sites\/default\/files\/2020-03\/affiche-gestes-barri-res-51981.jpg\" alt=\"\" width=\"200\" height=\"300\"><\/article>\n<\/div>\n<div class=\"embedded-entity\" data-embed-button=\"media\" data-entity-embed-display=\"view_mode:media.embed\" data-entity-type=\"media\" data-entity-uuid=\"27318307-ed92-45ce-8dc5-d48ca9be0e1f\" data-langcode=\"fr\">\n<article><span class=\"icon-img\"> <img loading=\"lazy\" decoding=\"async\" title=\"Affiche gestes barri\u00e8res.pdf 4.66 Mo\" src=\"https:\/\/www.education.gouv.fr\/sites\/default\/files\/styles\/thumbnail\/public\/media-icons\/generic\/generic.png?itok=Zidnn4nO\" alt=\"\" width=\"100\" height=\"100\"><\/span> <a title=\"Affiche gestes barri\u00e8res - nouvelle fen\u00eatre\" href=\"http:\/\/www.education.gouv.fr\/sites\/default\/files\/2020-03\/affiche-gestes-barri-res-51978.pdf\" target=\"_blank\" rel=\"noopener noreferrer\">Affiche gestes barri\u00e8res<\/a><\/article>\n<\/div>\n","protected":false},"excerpt":{"rendered":"<p>Rappel des gestes barri\u00e8res&nbsp;&nbsp; Outils d&#8217;information Coronavirus &#8211; Comment mon enfant continue-t-il \u00e0 apprendre pendant la fermeture de son \u00e9cole<\/p>\n","protected":false},"author":263,"featured_media":0,"comment_status":"closed","ping_status":"closed","sticky":false,"template":"","format":"standard","meta":{"footnotes":""},"categories":[86],"tags":[],"class_list":["post-3688","post","type-post","status-publish","format-standard","hentry","category-priorites-nationales"],"_links":{"self":[{"href":"https:\/\/ent2d.ac-bordeaux.fr\/disciplines\/eps\/index.php?rest_route=\/wp\/v2\/posts\/3688","targetHints":{"allow":["GET"]}}],"collection":[{"href":"https:\/\/ent2d.ac-bordeaux.fr\/disciplines\/eps\/index.php?rest_route=\/wp\/v2\/posts"}],"about":[{"href":"https:\/\/ent2d.ac-bordeaux.fr\/disciplines\/eps\/index.php?rest_route=\/wp\/v2\/types\/post"}],"author":[{"embeddable":true,"href":"https:\/\/ent2d.ac-bordeaux.fr\/disciplines\/eps\/index.php?rest_route=\/wp\/v2\/users\/263"}],"replies":[{"embeddable":true,"href":"https:\/\/ent2d.ac-bordeaux.fr\/disciplines\/eps\/index.php?rest_route=%2Fwp%2Fv2%2Fcomments&post=3688"}],"version-history":[{"count":4,"href":"https:\/\/ent2d.ac-bordeaux.fr\/disciplines\/eps\/index.php?rest_route=\/wp\/v2\/posts\/3688\/revisions"}],"predecessor-version":[{"id":3797,"href":"https:\/\/ent2d.ac-bordeaux.fr\/disciplines\/eps\/index.php?rest_route=\/wp\/v2\/posts\/3688\/revisions\/3797"}],"wp:attachment":[{"href":"https:\/\/ent2d.ac-bordeaux.fr\/disciplines\/eps\/index.php?rest_route=%2Fwp%2Fv2%2Fmedia&parent=3688"}],"wp:term":[{"taxonomy":"category","embeddable":true,"href":"https:\/\/ent2d.ac-bordeaux.fr\/disciplines\/eps\/index.php?rest_route=%2Fwp%2Fv2%2Fcategories&post=3688"},{"taxonomy":"post_tag","embeddable":true,"href":"https:\/\/ent2d.ac-bordeaux.fr\/disciplines\/eps\/index.php?rest_route=%2Fwp%2Fv2%2Ftags&post=3688"}],"curies":[{"name":"wp","href":"https:\/\/api.w.org\/{rel}","templated":true}]}}