{"id":3682,"date":"2020-03-15T22:18:45","date_gmt":"2020-03-15T21:18:45","guid":{"rendered":"https:\/\/ent2d.ac-bordeaux.fr\/disciplines\/eps\/?p=3682"},"modified":"2024-06-06T15:03:55","modified_gmt":"2024-06-06T13:03:55","slug":"continuite-pedagogique-concours-et-formations","status":"publish","type":"post","link":"https:\/\/ent2d.ac-bordeaux.fr\/disciplines\/eps\/?p=3682","title":{"rendered":"[ARCHIVES] Continuit\u00e9 p\u00e9dagogique, concours et formations"},"content":{"rendered":"<h3 id=\"edugouv-summary-item-23\" class=\"title\" style=\"text-align: justify\"><span style=\"font-size: 14pt\">Comment mon enfant continue-t-il \u00e0 apprendre alors que son \u00e9cole, son coll\u00e8ge ou son lyc\u00e9e est ferm\u00e9 ?<\/span><\/h3>\n<p style=\"text-align: justify\">Une <a title=\"Ma classe \u00e0 la maison : mise en \u0153uvre de la continuit\u00e9 p\u00e9dagogique\" href=\"https:\/\/www.education.gouv.fr\/ma-classe-la-maison-mise-en-oeuvre-de-la-continuite-pedagogique-289680\" target=\"_self\" rel=\"noopener noreferrer\">continuit\u00e9 p\u00e9dagogique<\/a> est mise en place pour maintenir un contact r\u00e9gulier entre l\u2019\u00e9l\u00e8ve et ses professeurs. \u00c1 cette fin, le directeur d\u2019\u00e9cole ou le chef d\u2019\u00e9tablissement s\u2019assure, notamment en prenant appui sur les r\u00e9seaux existants (en particulier les espaces num\u00e9riques de travail, messagerie \u00e9lectronique ou les outils similaires propres aux \u00e9tablissements priv\u00e9s), que l\u2019\u00e9l\u00e8ve a acc\u00e8s aux supports de cours et qu\u2019il est en mesure de r\u00e9aliser les devoirs ou exercices requis pour ses apprentissages.<\/p>\n<p style=\"text-align: justify\">Ce service de continuit\u00e9 p\u00e9dagogique peut \u00e9galement s\u2019appuyer sur une plateforme p\u00e9dagogique gratuite du Cned : &#8220;Ma classe \u00e0 la maison&#8221;. Ce service offre la possibilit\u00e9 de tenir des classes virtuelles, permettant ainsi de maintenir le lien humain entre l\u2019\u00e9l\u00e8ve, ses camarades et ses professeurs. Il sera accessible aux \u00e9l\u00e8ves concern\u00e9s de la grande section \u00e0 la terminale.<\/p>\n<p style=\"text-align: justify\">C\u2019est le directeur d\u2019\u00e9cole ou le chef d\u2019\u00e9tablissement qui communiquera l\u2019adresse et les modalit\u00e9s d\u2019inscription pour se connecter \u00e0 la plateforme &#8220;Ma classe \u00e0 la maison&#8221;. Chaque \u00e9l\u00e8ve b\u00e9n\u00e9ficiera de son propre compte.<\/p>\n<p style=\"text-align: justify\">Les professeurs accompagneront leurs \u00e9l\u00e8ves pendant toute la p\u00e9riode de fermeture dans l\u2019utilisation de ces ressources en leur adressant supports de cours et exercices via l\u2019environnement num\u00e9rique de travail (ENT) ou la messagerie \u00e9lectronique.<\/p>\n<h3 id=\"edugouv-summary-item-24\" class=\"title\" style=\"text-align: justify\"><span style=\"font-size: 14pt\">Comment accompagner mon enfant \u00e0 la maison si je ne suis pas \u00e9quip\u00e9 d\u2019outils num\u00e9riques ?<\/span><\/h3>\n<p style=\"text-align: justify\">Les familles concern\u00e9es doivent se faire conna\u00eetre aupr\u00e8s de leur directeur d\u2019\u00e9cole ou chef d\u2019\u00e9tablissement afin de b\u00e9n\u00e9ficier, lorsque cela est possible d\u2019un pr\u00eat de mat\u00e9riel, le cas \u00e9ch\u00e9ant en lien avec la collectivit\u00e9 de rattachement.<br \/>\nPar ailleurs, les \u00e9coles et \u00e9tablissements scolaires organiseront des permanences d\u2019accueil sur site aux horaires d\u2019ouverture au public afin de tenir \u00e0 disposition des \u00e9l\u00e8ves qui ne disposent pas des outils num\u00e9riques adapt\u00e9s des ressources p\u00e9dagogiques en format papier.<\/p>\n<h3 id=\"edugouv-summary-item-25\" class=\"title\"><span style=\"font-size: 14pt\">Les \u00e9tablissements d\u2019enseignement priv\u00e9s peuvent-ils acc\u00e9der au dispositif de continuit\u00e9 p\u00e9dagogique &#8220;Ma classe \u00e0 la maison&#8221; propos\u00e9 par le CNED ?<\/span><\/h3>\n<p style=\"text-align: justify\">S\u2019agissant des \u00e9tablissements priv\u00e9s sous contrat : le service &#8220;Ma classe \u00e0 la maison&#8221;, assur\u00e9 par le CNED, est ouvert gratuitement aux enfants scolaris\u00e9s au sein des \u00e9tablissements priv\u00e9s sous contrat.<\/p>\n<p style=\"text-align: justify\">S\u2019agissant des \u00e9tablissements priv\u00e9s hors contrat : le service \u00ab Ma classe \u00e0 la maison \u00bb assur\u00e9 par le CNED peut \u00eatre une solution. Le CNED peut proposer une solution payante aux \u00e9l\u00e8ves scolaris\u00e9s au sein des \u00e9tablissements priv\u00e9s hors contrat.<\/p>\n<h3 id=\"edugouv-summary-item-26\" class=\"title\" style=\"text-align: justify\"><span style=\"font-size: 14pt\">Comment continuer \u00e0 \u00e9duquer aux gestes barri\u00e8res dans le cadre de la continuit\u00e9 p\u00e9dagogique ?<\/span><\/h3>\n<p style=\"text-align: justify\">La mise en \u0153uvre des gestes barri\u00e8res (se laver les mains tr\u00e8s r\u00e9guli\u00e8rement, tousser ou \u00e9ternuer dans son coude ou dans un mouchoir, utiliser des mouchoirs \u00e0 usage unique, saluer sans se serrer la main et \u00e9viter les embrassades) permet de ralentir l\u2019\u00e9pid\u00e9mie sur le territoire national.<\/p>\n<p style=\"text-align: justify\">Les professeurs jouent un r\u00f4le essentiel dans l\u2019\u00e9ducation \u00e0 ces gestes barri\u00e8res, et l\u2019assurent dans le cadre des temps de continuit\u00e9 p\u00e9dagogique.<\/p>\n<h3 id=\"edugouv-summary-item-27\" class=\"title\" style=\"text-align: justify\"><span style=\"font-size: 14pt\">Les concours enseignants, et plus largement, les concours de recrutement sont-ils maintenus ?<\/span><\/h3>\n<p style=\"text-align: justify\">Non. Les concours de recrutement de tous les personnels de l\u2019\u00e9ducation nationale sont report\u00e9s jusqu\u2019\u00e0 nouvel ordre.<\/p>\n<h3 id=\"edugouv-summary-item-28\" class=\"title\" style=\"text-align: justify\"><span style=\"font-size: 14pt\">Que va-t-il se passer pour les \u00e9l\u00e8ves qui devaient effectuer une p\u00e9riode de formation en milieu professionnel (PFMP) dans un \u00e9tablissement ne pouvant plus les recevoir alors m\u00eame que cette PFMP est n\u00e9cessaire dans le cadre de leur certification ?<\/span><\/h3>\n<p style=\"text-align: justify\">Les PFMP sont suspendues jusqu\u2019\u00e0 nouvel ordre.<\/p>\n<p style=\"text-align: justify\">Pour les \u00e9l\u00e8ves en premi\u00e8re ann\u00e9e de CAP et en premi\u00e8re ou deuxi\u00e8me ann\u00e9e de baccalaur\u00e9at professionnel, le report des semaines qui n\u2019auront pas \u00e9t\u00e9 effectu\u00e9es sera envisag\u00e9 soit \u00e0 la fin de l\u2019ann\u00e9e scolaire pr\u00e9sente (si la situation sanitaire le permet), soit l\u2019ann\u00e9e suivante.<\/p>\n<p style=\"text-align: justify\">Pour des \u00e9l\u00e8ves en 2\u00e8me ann\u00e9e de CAP ou en terminale professionnelle (c\u2019est-\u00e0-dire dans l\u2019ann\u00e9e d\u2019obtention de leur dipl\u00f4me) dont le report du stage (PFMP) n\u2019est pas possible, \u00e0 titre exceptionnel et d\u00e9rogatoire, les PFMP sont suspendues jusqu\u2019\u00e0 nouvel ordre.<br \/>\nLes modalit\u00e9s d\u2019\u00e9valuations des \u00e9l\u00e8ves seront pr\u00e9cis\u00e9es d\u00e8s que possible.<\/p>\n","protected":false},"excerpt":{"rendered":"<p>Comment mon enfant continue-t-il \u00e0 apprendre alors que son \u00e9cole, son coll\u00e8ge ou son lyc\u00e9e est ferm\u00e9 ? Une continuit\u00e9<\/p>\n","protected":false},"author":263,"featured_media":0,"comment_status":"closed","ping_status":"closed","sticky":false,"template":"","format":"standard","meta":{"footnotes":""},"categories":[229],"tags":[],"class_list":["post-3682","post","type-post","status-publish","format-standard","hentry","category-archives"],"_links":{"self":[{"href":"https:\/\/ent2d.ac-bordeaux.fr\/disciplines\/eps\/index.php?rest_route=\/wp\/v2\/posts\/3682","targetHints":{"allow":["GET"]}}],"collection":[{"href":"https:\/\/ent2d.ac-bordeaux.fr\/disciplines\/eps\/index.php?rest_route=\/wp\/v2\/posts"}],"about":[{"href":"https:\/\/ent2d.ac-bordeaux.fr\/disciplines\/eps\/index.php?rest_route=\/wp\/v2\/types\/post"}],"author":[{"embeddable":true,"href":"https:\/\/ent2d.ac-bordeaux.fr\/disciplines\/eps\/index.php?rest_route=\/wp\/v2\/users\/263"}],"replies":[{"embeddable":true,"href":"https:\/\/ent2d.ac-bordeaux.fr\/disciplines\/eps\/index.php?rest_route=%2Fwp%2Fv2%2Fcomments&post=3682"}],"version-history":[{"count":3,"href":"https:\/\/ent2d.ac-bordeaux.fr\/disciplines\/eps\/index.php?rest_route=\/wp\/v2\/posts\/3682\/revisions"}],"predecessor-version":[{"id":7909,"href":"https:\/\/ent2d.ac-bordeaux.fr\/disciplines\/eps\/index.php?rest_route=\/wp\/v2\/posts\/3682\/revisions\/7909"}],"wp:attachment":[{"href":"https:\/\/ent2d.ac-bordeaux.fr\/disciplines\/eps\/index.php?rest_route=%2Fwp%2Fv2%2Fmedia&parent=3682"}],"wp:term":[{"taxonomy":"category","embeddable":true,"href":"https:\/\/ent2d.ac-bordeaux.fr\/disciplines\/eps\/index.php?rest_route=%2Fwp%2Fv2%2Fcategories&post=3682"},{"taxonomy":"post_tag","embeddable":true,"href":"https:\/\/ent2d.ac-bordeaux.fr\/disciplines\/eps\/index.php?rest_route=%2Fwp%2Fv2%2Ftags&post=3682"}],"curies":[{"name":"wp","href":"https:\/\/api.w.org\/{rel}","templated":true}]}}