{"id":3680,"date":"2020-03-15T22:15:29","date_gmt":"2020-03-15T21:15:29","guid":{"rendered":"https:\/\/ent2d.ac-bordeaux.fr\/disciplines\/eps\/?p=3680"},"modified":"2024-06-06T15:03:37","modified_gmt":"2024-06-06T13:03:37","slug":"consequences-des-mesures-de-fermeture-des-etablissements","status":"publish","type":"post","link":"https:\/\/ent2d.ac-bordeaux.fr\/disciplines\/eps\/?p=3680","title":{"rendered":"[ARCHIVES] Cons\u00e9quences des mesures de fermeture des \u00e9tablissements"},"content":{"rendered":"<h3 id=\"edugouv-summary-item-13\" class=\"title\" style=\"text-align: justify\"><span style=\"font-size: 14pt\">Quelles sont les consignes pour les personnels de l\u2019\u00e9ducation nationale ?<\/span><\/h3>\n<p style=\"text-align: justify\">Le Gouvernement a recommand\u00e9 \u00e0 l\u2019ensemble des employeurs, publics comme priv\u00e9s, de privil\u00e9gier le t\u00e9l\u00e9travail lorsqu\u2019il est possible.<\/p>\n<div class=\"ckeditor-background-color\" style=\"text-align: justify\">\n<p>\u00ab J\u2019ai d\u00e9cid\u00e9, en lien avec le Pr\u00e9sident de la r\u00e9publique la fermeture \u00e0 compter de ce soir minuit de tous les lieux recevant du public non indispensables \u00e0 la vie du pays (\u2026). S\u2019agissant des services publics, ceux essentiels \u00e0 la vie de nos concitoyens resteront ouverts. De plus, les op\u00e9rateurs de transport publics vont progressivement r\u00e9duire leur offre dans une logique de service minimum pour limiter l\u2019ensemble des d\u00e9placements sur notre territoire et vers l\u2019\u00e9tranger (\u2026). Vous l\u2019avez compris, nous devons imp\u00e9rativement limiter les d\u00e9placements les r\u00e9unions, les contacts. Cela doit \u00e9videmment s\u2019appliquer dans les entreprises et les administrations qui doivent d\u00e8s lundi et pour les prochaines semaines engager une action massive d\u2019organisation du t\u00e9l\u00e9travail pour permettre \u00e0 tous de rester \u00e0 domicile \u00bb. Edouard Philippe, Premier ministre, 14 mars 2020.<\/p>\n<\/div>\n<p style=\"text-align: justify\">Par ailleurs, le Gouvernement a d\u00e9cid\u00e9 d\u2019interdire tous les rassemblements de plus de 100 personnes dans des conditions ne permettant pas le strict respect des gestes barri\u00e8res et une distance minimale d\u2019un m\u00e8tre entre les participants. Les r\u00e9unions, s\u00e9minaires, s\u00e9quences de formation,etc, de plus de 100 personnes doivent donc \u00eatre report\u00e9s jusqu\u2019\u00e0 nouvel ordre.<\/p>\n<p style=\"text-align: justify\">Concernant&nbsp; les r\u00e9unions pour l\u2019organisation de la continuit\u00e9 p\u00e9dagogique ou la tenue des conseils de classe, celles-ci devront se tenir \u00e0 distance (en faisant usage de la visioconf\u00e9rence, la conf\u00e9rence t\u00e9l\u00e9phonique, la consultation d\u00e9mat\u00e9rialis\u00e9e ou l\u2019utilisation des espaces num\u00e9riques de travail et des outils de vie scolaire).<\/p>\n<p style=\"text-align: justify\">Seuls devront \u00eatre pr\u00e9sents, dans toute la mesure du possible et sur la base du volontariat, les personnels dont la pr\u00e9sence est strictement n\u00e9cessaire en vue d\u2019assurer la mise en place de la continuit\u00e9 administrative et p\u00e9dagogique, le lien avec les familles et les \u00e9l\u00e8ves, l\u2019accueil des enfants des personnels de sant\u00e9 sans solution alternative de garde, ainsi que les personnels en charge de la salubrit\u00e9 et de la s\u00e9curit\u00e9 des \u00e9tablissements.<\/p>\n<p style=\"text-align: justify\">Les autres personnels ainsi que les personnels fragiles au regard de l\u2019\u00e9pid\u00e9mie <a href=\"https:\/\/www.gouvernement.fr\/info-coronavirus\" target=\"_blank\" rel=\"noopener noreferrer\">(liste disponible sur le site du gouvernement<\/a>) doivent \u00eatre invit\u00e9s \u00e0 rester \u00e0 leur domicile et donc \u00e0 t\u00e9l\u00e9-travailler, dans la mesure du possible. \u00c1 d\u00e9faut ils b\u00e9n\u00e9ficient d\u2019une autorisation sp\u00e9ciale d\u2019absence.<\/p>\n<h3 id=\"edugouv-summary-item-14\" class=\"title\" style=\"text-align: justify\"><span style=\"font-size: 14pt\">Quelle sont les mesures \u00e0 prendre pour assurer la continuit\u00e9 d\u2019activit\u00e9 suite \u00e0 la d\u00e9cision de fermeture des \u00e9coles, coll\u00e8ges et lyc\u00e9es ?<\/span><\/h3>\n<p style=\"text-align: justify\">Les directeurs d\u2019\u00e9cole doivent pouvoir \u00eatre joints, soit par messagerie \u00e9lectronique, soit par t\u00e9l\u00e9phone, au moins durant les horaires habituels d\u2019ouverture de l\u2019\u00e9cole, fix\u00e9s par le r\u00e8glement int\u00e9rieur, par les enseignants et autres personnels de l\u2019\u00e9cole, par les autorit\u00e9s acad\u00e9miques, les services municipaux et les parents afin de r\u00e9pondre rapidement \u00e0 toutes les questions li\u00e9es \u00e0 l\u2019organisation du travail des \u00e9l\u00e8ves. Les espaces num\u00e9riques de travail (ENT) et les sites d\u2019\u00e9coles doivent \u00eatre actualis\u00e9s en fonction de l\u2019\u00e9volution de la situation, renvoyer vers le site minist\u00e9riel d\u00e9di\u00e9 (FAQ) et donner les informations utiles aux personnels et aux usagers.<\/p>\n<p style=\"text-align: justify\">Les chefs d\u2019\u00e9tablissements veilleront \u00e0 assurer, d\u2019une part les fonctions essentielles \u00e0 la continuit\u00e9 administrative afin de veiller \u00e0 la s\u00e9curit\u00e9 des personnes et de l\u2019\u00e9tablissement, et d\u2019autre part une permanence t\u00e9l\u00e9phonique au moins pendant les horaires d\u2019ouverture de l\u2019\u00e9tablissement, fix\u00e9s par le r\u00e8glement int\u00e9rieur. Ils r\u00e9pondront par message \u00e9lectronique ou par t\u00e9l\u00e9phone aux questions des parents, aux questions des professeurs en renvoyant vers le site minist\u00e9riel d\u00e9di\u00e9. Ils doivent \u00e9galement veiller \u00e0 l\u2019actualisation des informations g\u00e9n\u00e9rales sur l\u2019ENT et doivent r\u00e9guli\u00e8rement faire le point sur l\u2019usage p\u00e9dagogique de l\u2019ENT de l\u2019\u00e9tablissement afin de faciliter la continuit\u00e9 \u00e9ducative.<\/p>\n<h3 id=\"edugouv-summary-item-15\" class=\"title\" style=\"text-align: justify\"><span style=\"font-size: 14pt\">Les conseils de classe seront-ils maintenus ?<\/span><\/h3>\n<p style=\"text-align: justify\">Oui. Les conseils de classe ainsi que les instances de concertation, de d\u00e9cision essentielles \u00e0 la vie de l\u2019\u00e9tablissement, et les r\u00e9unions n\u00e9cessaires \u00e0 la coordination p\u00e9dagogique doivent \u00eatre maintenues mais organis\u00e9es \u00e0 distance en ayant faisant usage de la visioconf\u00e9rence, la conf\u00e9rence t\u00e9l\u00e9phonique, la consultation d\u00e9mat\u00e9rialis\u00e9e ou l\u2019utilisation des espaces num\u00e9riques de travail et des outils de vie scolaire.<\/p>\n<h3 id=\"edugouv-summary-item-16\" class=\"title\" style=\"text-align: justify\"><span style=\"font-size: 14pt\">Quelles sont les modalit\u00e9s d\u2019accompagnement pr\u00e9vues sur Parcoursup pour les lyc\u00e9ens de terminale d\u00e8s lors que les \u00e9tablissements sont ferm\u00e9s ?<\/span><\/h3>\n<p style=\"text-align: justify\">Les services acad\u00e9miques sont mobilis\u00e9s dans cette p\u00e9riode : ils suivent la situation des \u00e9tablissements et mettent en place un soutien sp\u00e9cifique aupr\u00e8s d\u2019eux (organisation de permanences et mobilisation des psychologues de l\u2019\u00e9ducation nationale et\/ou des CIO) pour veiller \u00e0 ce que les \u00e9l\u00e8ves de terminale puissent \u00eatre accompagn\u00e9s, \u00e0 distance, pour finaliser leurs dossiers.<\/p>\n<p style=\"text-align: justify\">Il a \u00e9t\u00e9 demand\u00e9 aux chefs d\u2019\u00e9tablissement qu\u2019ils renforcent leur accompagnement via les espaces num\u00e9riques de travail (ENT), les messageries \u00e9lectroniques ou d\u2019autres outils similaires pour assurer la continuit\u00e9 p\u00e9dagogique et maintenir un contact r\u00e9gulier entre les \u00e9l\u00e8ves et leurs professeurs.<\/p>\n<p style=\"text-align: justify\">Par ailleurs, il est rappel\u00e9 que les professeurs principaux peuvent suivre la situation de chacun de leurs \u00e9l\u00e8ves via l\u2019outil d\u2019aide au pilotage Parcoursup.<\/p>\n<p style=\"text-align: justify\">Plus pr\u00e9cis\u00e9ment, pour les lyc\u00e9ens qui pourraient rencontrer des difficult\u00e9s les conseillers du num\u00e9ro vert&nbsp; (ouvert de 10 \u00e0 16 heures du lundi au vendredi) et les services acad\u00e9miques via la rubrique contact (depuis le dossier candidat) sont mobilis\u00e9s pour r\u00e9pondre \u00e0 toutes les questions.<\/p>\n<p style=\"text-align: justify\">Comme chaque ann\u00e9e, une attention particuli\u00e8re sera apport\u00e9e aux candidats qui auraient rencontr\u00e9 des difficult\u00e9s pour formuler leurs v\u0153ux avant la date limite : chaque situation individuelle sera prise en compte avec bienveillance, en lien avec les services acad\u00e9miques. Ces modalit\u00e9s d\u2019accompagnement sp\u00e9cifique seront prolong\u00e9es, en tant que de besoin, jusqu\u2019au 2 avril, date limite pour la confirmation des v\u0153ux Parcoursup.<\/p>\n<p style=\"text-align: justify\">Les<a href=\"https:\/\/eduscol.education.fr\/cid146486\/parcoursup.html\" target=\"_blank\" rel=\"noopener noreferrer\"> ressources pour l\u2019accompagnement des \u00e9l\u00e8ves de terminale sont disponibles sur Eduscol<\/a>.<\/p>\n<h3 id=\"edugouv-summary-item-17\" class=\"title\" style=\"text-align: justify\"><span style=\"font-size: 14pt\">Dans le cadre de la proc\u00e9dure Parcoursup, les dossiers des \u00e9l\u00e8ves de terminale dont les \u00e9tablissements sont ferm\u00e9s seront-ils bien renseign\u00e9s par les chefs d\u2019\u00e9tablissements et les professeurs avant d\u2019\u00eatre transmis aux formations sup\u00e9rieures ?<\/span><\/h3>\n<p style=\"text-align: justify\">Oui. Les \u00e9l\u00e9ments du dossier candidat renseign\u00e9s par les \u00e9quipes p\u00e9dagogiques sont totalement d\u00e9mat\u00e9rialis\u00e9s et doivent \u00eatre saisis avant le 2 avril (23h59, heure de Paris) :<\/p>\n<ul style=\"text-align: justify\">\n<li>la fiche Avenir associ\u00e9e \u00e0 chaque v\u0153u est disponible depuis le 3 f\u00e9vrier est peut \u00eatre remplie \u00e0 distance<\/li>\n<li>les bulletins scolaires des 1er et 2nd trimestres de terminale sont soit remont\u00e9s automatiquement par les chefs d\u2019\u00e9tablissement soit saisis par les \u00e9l\u00e8ves dans leur dossier.<\/li>\n<\/ul>\n<p style=\"text-align: justify\">Par ailleurs, les conseils de classe qui statuent sur les avis des \u00e9quipes p\u00e9dagogiques sont maintenus.<\/p>\n<h3 id=\"edugouv-summary-item-18\" class=\"title\" style=\"text-align: justify\"><span style=\"font-size: 14pt\">La mesure de fermeture des lyc\u00e9es concerne-t-elle les \u00e9tudiants qui suivent des formations post bac en lyc\u00e9e (classes pr\u00e9paratoires aux grandes \u00e9coles, BTS, etc.) ?<\/span><\/h3>\n<p style=\"text-align: justify\">Oui. Afin de garantir la continuit\u00e9 p\u00e9dagogique, les \u00e9tablissements doivent veiller \u00e0 offrir des modules d\u2019enseignement pour permettre aux \u00e9tudiants de suivre leurs formations \u00e0 distance.<\/p>\n<h3 id=\"edugouv-summary-item-19\" class=\"title\" style=\"text-align: justify\"><span style=\"font-size: 14pt\">Les Greta sont-ils concern\u00e9s par la mesure de fermeture ?<\/span><\/h3>\n<p style=\"text-align: justify\">Oui, afin de respecter les consignes gouvernementales. Lorsque cela est possible, la formation peut toutefois \u00eatre mise en \u0153uvre \u00e0 distance.<\/p>\n<h3 id=\"edugouv-summary-item-20\" class=\"title\" style=\"text-align: justify\"><span style=\"font-size: 14pt\">Les \u00e9l\u00e8ves en apprentissage en entreprise ou en service public peuvent-ils poursuivre leur formation ?<\/span><\/h3>\n<p style=\"text-align: justify\">Non, les centres de formation des apprentis (CFA) sont ferm\u00e9s \u00e0 compter du lundi 16 mars. Les jeunes en formation doivent rejoindre leur entreprise si celle-ci est en activit\u00e9. Leur r\u00e9mun\u00e9ration est maintenue.<\/p>\n<h3 id=\"edugouv-summary-item-21\" class=\"title\" style=\"text-align: justify\"><span style=\"font-size: 14pt\">Quelles sont les dispositions particuli\u00e8res pour les \u00e9l\u00e8ves, coll\u00e9giens et lyc\u00e9ens, et les \u00e9tudiants (pr\u00e9pa, BTS, etc.), log\u00e9s en internat ?<\/span><\/h3>\n<p style=\"text-align: justify\">Les \u00e9l\u00e8ves internes doivent dans la mesure du possible retourner \u00e0 leur domicile familial ou chez la personne contact de proximit\u00e9 (dont les coordonn\u00e9es sont g\u00e9n\u00e9ralement transmises lors de l\u2019inscription).<br \/>\nLes internats restent n\u00e9anmoins ouverts exclusivement pour les \u00e9l\u00e8ves internes qui ne peuvent pas regagner leur domicile.<\/p>\n<p style=\"text-align: justify\">Dans le cas o\u00f9 un \u00e9l\u00e8ve interne pr\u00e9sente des sympt\u00f4mes \u00e9voquant le Coronavirus Covid-19, le responsable l\u00e9gal ou le contact de proximit\u00e9 doit \u00eatre imm\u00e9diatement inform\u00e9. En tout \u00e9tat de cause, il convient d\u2019isoler l\u2019\u00e9l\u00e8ve ou l\u2019\u00e9tudiant dans sa chambre ou une chambre d\u00e9di\u00e9e. \u00c1 ce titre, il ne doit pas se rendre dans les zones de vie collective (restauration, pi\u00e8ce de vie, etc.). S\u2019il ne dispose pas de sanitaire individuel (douche et toilettes), il convient de lui r\u00e9server des sanitaires. Les sorties de sa chambre doivent \u00eatre limit\u00e9es au strict n\u00e9cessaire et l\u2019\u00e9l\u00e8ve ou l\u2019\u00e9tudiant concern\u00e9 doit porter un masque chirurgical. Tout doit \u00eatre mis en \u0153uvre pour que l\u2019\u00e9l\u00e8ve ou l\u2019\u00e9tudiant puisse se restaurer dans sa chambre.<\/p>\n","protected":false},"excerpt":{"rendered":"<p>Quelles sont les consignes pour les personnels de l\u2019\u00e9ducation nationale ? Le Gouvernement a recommand\u00e9 \u00e0 l\u2019ensemble des employeurs, publics<\/p>\n","protected":false},"author":263,"featured_media":0,"comment_status":"closed","ping_status":"closed","sticky":false,"template":"","format":"standard","meta":{"footnotes":""},"categories":[229],"tags":[],"class_list":["post-3680","post","type-post","status-publish","format-standard","hentry","category-archives"],"_links":{"self":[{"href":"https:\/\/ent2d.ac-bordeaux.fr\/disciplines\/eps\/index.php?rest_route=\/wp\/v2\/posts\/3680","targetHints":{"allow":["GET"]}}],"collection":[{"href":"https:\/\/ent2d.ac-bordeaux.fr\/disciplines\/eps\/index.php?rest_route=\/wp\/v2\/posts"}],"about":[{"href":"https:\/\/ent2d.ac-bordeaux.fr\/disciplines\/eps\/index.php?rest_route=\/wp\/v2\/types\/post"}],"author":[{"embeddable":true,"href":"https:\/\/ent2d.ac-bordeaux.fr\/disciplines\/eps\/index.php?rest_route=\/wp\/v2\/users\/263"}],"replies":[{"embeddable":true,"href":"https:\/\/ent2d.ac-bordeaux.fr\/disciplines\/eps\/index.php?rest_route=%2Fwp%2Fv2%2Fcomments&post=3680"}],"version-history":[{"count":3,"href":"https:\/\/ent2d.ac-bordeaux.fr\/disciplines\/eps\/index.php?rest_route=\/wp\/v2\/posts\/3680\/revisions"}],"predecessor-version":[{"id":7900,"href":"https:\/\/ent2d.ac-bordeaux.fr\/disciplines\/eps\/index.php?rest_route=\/wp\/v2\/posts\/3680\/revisions\/7900"}],"wp:attachment":[{"href":"https:\/\/ent2d.ac-bordeaux.fr\/disciplines\/eps\/index.php?rest_route=%2Fwp%2Fv2%2Fmedia&parent=3680"}],"wp:term":[{"taxonomy":"category","embeddable":true,"href":"https:\/\/ent2d.ac-bordeaux.fr\/disciplines\/eps\/index.php?rest_route=%2Fwp%2Fv2%2Fcategories&post=3680"},{"taxonomy":"post_tag","embeddable":true,"href":"https:\/\/ent2d.ac-bordeaux.fr\/disciplines\/eps\/index.php?rest_route=%2Fwp%2Fv2%2Ftags&post=3680"}],"curies":[{"name":"wp","href":"https:\/\/api.w.org\/{rel}","templated":true}]}}