{"id":3677,"date":"2020-03-15T22:10:28","date_gmt":"2020-03-15T21:10:28","guid":{"rendered":"https:\/\/ent2d.ac-bordeaux.fr\/disciplines\/eps\/?p=3677"},"modified":"2020-12-12T10:55:47","modified_gmt":"2020-12-12T09:55:47","slug":"point-de-situation-pour-leducation-nationale","status":"publish","type":"post","link":"https:\/\/ent2d.ac-bordeaux.fr\/disciplines\/eps\/?p=3677","title":{"rendered":"Point de situation pour l&#8217;\u00c9ducation nationale"},"content":{"rendered":"<h3 id=\"edugouv-summary-item-4\" class=\"title\" style=\"text-align: justify\"><span style=\"font-size: 14pt\">Qui coordonne les mesures prises en France concernant le Coronavirus Covid-19 ?<\/span><\/h3>\n<p style=\"text-align: justify\">Sous l\u2019autorit\u00e9 du Premier ministre, le minist\u00e8re des Solidarit\u00e9s et de la Sant\u00e9, appuy\u00e9 de la direction g\u00e9n\u00e9rale de la Sant\u00e9, conduit et coordonne les op\u00e9rations. Il s\u2019appuie pour cela sur les diff\u00e9rents minist\u00e8res dont le minist\u00e8re de l\u2019<span class=\"scayt-misspell-word\">\u00c9<\/span>ducation nationale et de la Jeunesse. Toutes les informations sont centralis\u00e9es sur le site gouvernemental. Les mesures mises en \u0153uvre \u00e9voluent en fonction de l\u2019\u00e9volution de la crise.<\/p>\n<h3 id=\"edugouv-summary-item-5\" class=\"title\" style=\"text-align: justify\"><span style=\"font-size: 14pt\">Annonce du 12 mars par le Pr\u00e9sident de la R\u00e9publique<\/span><\/h3>\n<p style=\"text-align: justify\">Le 12 mars 2020, le Pr\u00e9sident de la R\u00e9publique a annonc\u00e9 la fermeture des \u00e9coles, des coll\u00e8ges et des lyc\u00e9es aux \u00e9l\u00e8ves, par mesure de s\u00e9curit\u00e9, \u00e0 partir du lundi 16 mars et jusqu\u2019\u00e0 nouvel ordre. Cette d\u00e9cision est valable en m\u00e9tropole et dans les d\u00e9partements et r\u00e9gions d\u2019outre-mer (R\u00e9union, Mayotte, Guyane, Guadeloupe, Martinique). Les autres territoires ultramarins (Saint-Martin, Saint-Barth, Saint-Pierre-et-Miquelon, la Polyn\u00e9sie, la Nouvelle-Cal\u00e9donie et Wallis-et-Futuna) ne sont pas concern\u00e9s par cette mesure, \u00e0 ce stade.<\/p>\n<p style=\"text-align: justify\">Les locaux scolaires demeureront n\u00e9anmoins ouverts afin qu\u2019y soient organis\u00e9es la continuit\u00e9 administrative et p\u00e9dagogique, ainsi que l\u2019accueil des enfants des personnels soignants. Seuls devront \u00eatre pr\u00e9sents, dans toute la mesure du possible sur la base du volontariat, les personnels dont la pr\u00e9sence est strictement n\u00e9cessaire \u00e0 l\u2019exercice de ces missions.<\/p>\n<div class=\"ckeditor-background-color\" style=\"text-align: justify\">\n<p>Afin d\u2019assurer la mont\u00e9e en puissance du syst\u00e8me de soins, le Gouvernement a d\u00e9cid\u00e9 \u00e0 titre exceptionnel que l\u2019accueil des enfants des personnels soignants et m\u00e9dico-sociaux indispensables \u00e0 la gestion de la crise sanitaire et qui ne disposeraient d\u2019aucune autre solution de garde, pourra \u00eatre assur\u00e9. Les personnels attach\u00e9s aux cellules de crise des ARS peuvent \u00e9galement b\u00e9n\u00e9ficier de ce dispositif exceptionnel. Cet accueil sera organis\u00e9 d\u00e8s lundi 16 mars.<\/p>\n<\/div>\n<p style=\"text-align: justify\">Les pr\u00e9fets et les directeurs des agences r\u00e9gionales de sant\u00e9 (ARS) ont la responsabilit\u00e9 conjointe de d\u00e9cider et mettre en \u0153uvre les op\u00e9rations dans leur p\u00e9rim\u00e8tre g\u00e9ographique. Les recteurs appliquent ces d\u00e9cisions et prennent les mesures qui en d\u00e9coulent dans les \u00e9coles et \u00e9tablissements scolaires.<\/p>\n<h3 id=\"edugouv-summary-item-6\" class=\"title\" style=\"text-align: justify\"><span style=\"font-size: 14pt\">Pourquoi le Gouvernement a-t-il d\u00e9cid\u00e9 de fermer les \u00e9coles, coll\u00e8ges et lyc\u00e9es ?<\/span><\/h3>\n<p style=\"text-align: justify\">Le 12 mars 2020, le Pr\u00e9sident de la R\u00e9publique a annonc\u00e9 la fermeture des \u00e9coles et des coll\u00e8ges et des lyc\u00e9es, par mesure de s\u00e9curit\u00e9, \u00e0 partir du lundi 16 mars et jusqu\u2019\u00e0 nouvel ordre, sur le territoire national, en m\u00e9tropole et dans les d\u00e9partements et r\u00e9gion d\u2019outre-mer (R\u00e9union, Mayotte, Guyane, Guadeloupe, Martinique). A ce stade, Saint-Martin, Saint-Barth et Saint-Pierre-et-Miquelon, la Polyn\u00e9sie, la Nouvelle-Cal\u00e9donie et Wallis-et-Futuna ne sont pas concern\u00e9s par cette mesure.<\/p>\n<div class=\"ckeditor-background-color\" style=\"text-align: justify\">\n<p>\u00ab Je voudrais rappeler un fait tr\u00e8s important : le virus ne circule pas en France. Ce sont les hommes et les femmes qui le font circuler. Lorsque l&#8217;on est malade et que l&#8217;on est isol\u00e9 \u00e0 la maison ou \u00e0 l&#8217;h\u00f4pital, personne ne rentre en contact avec vous. Il n&#8217;y a pas de passage du virus en inter-humain. Lorsqu&#8217;un enfant porteur ou un sujet asymptomatique reste \u00e0 la maison, r\u00e9duit drastiquement ses contacts, le nombre de passages du virus d&#8217;une personne \u00e0 l&#8217;autre s&#8217;effondre \u00bb. Professeur J\u00e9r\u00f4me Salomon, directeur g\u00e9n\u00e9ral de la sant\u00e9, 14 mars 2020.<\/p>\n<\/div>\n<h3 id=\"edugouv-summary-item-7\" class=\"title\" style=\"text-align: justify\"><span style=\"font-size: 14pt\">Cette mesure s\u2019applique-t-elle aux \u00e9coles et \u00e9tablissements scolaires de tous les territoires d\u2019outre-mer ?<\/span><\/h3>\n<p style=\"text-align: justify\">Non. Le pr\u00e9fet ou le repr\u00e9sentant de l\u2019Etat sur le territoire concern\u00e9 peut d\u00e9cider du maintien des activit\u00e9s p\u00e9dagogiques ou de la fermeture des \u00e9tablissements en fonction de la situation \u00e9pid\u00e9miologique et des capacit\u00e9s du syst\u00e8me de soins, sur proposition de l\u2019agence r\u00e9gionale de sant\u00e9 (ARS) et en lien avec les recteurs et les \u00e9lus. D\u00e8s lors que la fermeture ait \u00e9t\u00e9 d\u00e9cid\u00e9e, une continuit\u00e9 p\u00e9dagogique sera donc assur\u00e9e aupr\u00e8s des \u00e9l\u00e8ves concern\u00e9s.<\/p>\n<p style=\"text-align: justify\">Les d\u00e9partements et r\u00e9gions d\u2019outre-mer (R\u00e9union, Mayotte, Guyane, Guadeloupe, Martinique) sont concern\u00e9s par cette mesure.<\/p>\n<p style=\"text-align: justify\">\u00c0&nbsp;ce stade, Saint-Martin, Saint-Barth et Saint-Pierre-et-Miquelon, la Polyn\u00e9sie, la Nouvelle-Cal\u00e9donie et Wallis-et-Futuna ne sont pas concern\u00e9s par cette mesure.<\/p>\n<h3 id=\"edugouv-summary-item-8\" class=\"title\" style=\"text-align: justify\"><span style=\"font-size: 14pt\">Comment est mis en place le service d\u2019accueil pour les enfants des personnels soignants et m\u00e9dico-sociaux indispensables \u00e0 la gestion de la crise sanitaire ?<\/span><\/h3>\n<p style=\"text-align: justify\">Un service d\u2019accueil de la petite section \u00e0 la classe de 3\u00e8me est mis en place pour les enfants des personnels soignants et m\u00e9dico-sociaux indispensables \u00e0 la gestion de la crise sanitaire, d\u00e8s lundi 16 mars, dans leur lieu de scolarisation habituel.<\/p>\n<p style=\"text-align: justify\">La prise en charge des \u00e9l\u00e8ves se fera en petit groupe de 8 \u00e0 10 \u00e9l\u00e8ves, dans le respect des consignes sanitaires et des gestes barri\u00e8res. Ces modalit\u00e9s pourront \u00eatre adapt\u00e9es par la suite par les recteurs, en lien avec les agences r\u00e9gionales de sant\u00e9 (ARS), de mani\u00e8re \u00e0 favoriser la coh\u00e9rence p\u00e9dagogique des groupes d\u2019\u00e9l\u00e8ves.<\/p>\n<p style=\"text-align: justify\">Cet accueil est organis\u00e9 par les directeurs d\u2019\u00e9cole ou les chefs d\u2019\u00e9tablissement des enfants concern\u00e9s, sur pr\u00e9sentation par le parent de sa carte professionnelle de sant\u00e9 (CPS) ou de sa fiche de paie avec mention de l\u2019\u00e9tablissement employeur.&nbsp; S\u2019agissant des personnels assurant la gestion de crise dans les ARS, il conviendra de pr\u00e9senter une attestation de l\u2019ARS.<br \/>\nLes parents concern\u00e9s par ce dispositif doivent \u00e9galement attester sur l\u2019honneur qu\u2019ils ne disposent d\u2019aucune solution de garde.<\/p>\n<p style=\"text-align: justify\">Cet accueil est organis\u00e9 \u00e0 partir du lundi 16 mars.<\/p>\n<div class=\"embedded-entity\" style=\"text-align: justify\" data-embed-button=\"media\" data-entity-embed-display=\"view_mode:media.embed\" data-entity-type=\"media\" data-entity-uuid=\"d5b9171e-4e68-44f2-8e9d-529e42629efc\" data-langcode=\"fr\">\n<article><span class=\"icon-img\"> <img loading=\"lazy\" decoding=\"async\" title=\"Fiche covid19 Garde enfants des personnels indispensables \u00e0  la gestion de la crise sanitaire.pdf 314.65   Ko\" src=\"https:\/\/www.education.gouv.fr\/sites\/default\/files\/styles\/thumbnail\/public\/media-icons\/generic\/generic.png?itok=Zidnn4nO\" alt=\"\" width=\"100\" height=\"100\"><\/span> <a title=\"Fiche covid19 Garde enfants des - nouvelle fen\u00eatre\" href=\"http:\/\/www.education.gouv.fr\/sites\/default\/files\/2020-03\/fiche-covid19-garde-enfants-des-personnels-indispensables-la-gestion-de-la-crise-sanitaire-52005.pdf\" target=\"_blank\" rel=\"noopener noreferrer\">Fiche covid19 Garde enfants des personnels indispensables \u00e0 la gestion de la crise sanitaire<\/a><\/article>\n<\/div>\n<h3 id=\"edugouv-summary-item-9\" class=\"title\" style=\"text-align: justify\"><span style=\"font-size: 14pt\">Quelles sont les consignes \u00e0 appliquer pour l\u2019accueil dans les \u00e9tablissements scolaires ?<\/span><\/h3>\n<p style=\"text-align: justify\">Il convient de faire respecter la distance pr\u00e9conis\u00e9e entre les \u00e9l\u00e8ves (1 m\u00e8tre) et de limiter les groupes \u00e0 10 \u00e9l\u00e8ves maximum simultan\u00e9ment dans un m\u00eame lieu. Il est \u00e9galement n\u00e9cessaire que les parents s\u2019engagent \u00e0 ne pas mettre leurs enfants \u00e0 l\u2019\u00e9cole en cas d\u2019apparition de sympt\u00f4mes \u00e9voquant un Covid-19 chez l\u2019\u00e9l\u00e8ve ou dans la famille de l\u2019\u00e9l\u00e8ve.<br \/>\nLes gestes barri\u00e8res seront expliqu\u00e9s d\u00e8s lundi \u00e0 tous les enfants accueillis. L\u2019a\u00e9ration des pi\u00e8ces devra \u00eatre effectu\u00e9e r\u00e9guli\u00e8rement.<\/p>\n<h3 id=\"edugouv-summary-item-10\" class=\"title\" style=\"text-align: justify\"><span style=\"font-size: 14pt\">Quel est le r\u00f4le du m\u00e9decin conseiller-technique ?<\/span><\/h3>\n<p style=\"text-align: justify\">Une \u00e9troite collaboration entre les professionnels m\u00e9dicaux de l\u2019\u00e9ducation nationale et de l\u2019agence r\u00e9gionale de sant\u00e9 (ARS) est indispensable. Elle concourt \u00e0 la gestion de l\u2019\u00e9pid\u00e9mie et pr\u00e9pare la sortie de crise. Ensemble, ils d\u00e9clinent localement les consignes nationales.<\/p>\n<p style=\"text-align: justify\">Le m\u00e9decin conseiller-technique apporte son conseil \u00e0 l\u2019autorit\u00e9 acad\u00e9mique et applique les instructions en vigueur li\u00e9es au Coronavirus Covid-19. Il contribue \u00e0 l\u2019information des personnels d\u2019encadrement et de direction sur les mesures \u00e0 prendre, et \u00e0 l\u2019analyse des situations et des risques, en s\u2019appuyant sur le r\u00e9seau des professionnels de sant\u00e9 et des agences r\u00e9gionales de sant\u00e9. Il coordonne la diffusion de l\u2019information sanitaire au sein de l\u2019acad\u00e9mie.<\/p>\n<p style=\"text-align: justify\">Il s\u2019assure, en lien avec le m\u00e9decin de pr\u00e9vention, du respect des orientations en mati\u00e8re d\u2019hygi\u00e8ne, de s\u00e9curit\u00e9 et de sant\u00e9 au travail, ainsi que des mesures prises en mati\u00e8re de suivi m\u00e9dical et d\u2019organisation du travail. Il veille \u00e0 la coh\u00e9rence des actions r\u00e9alis\u00e9es par ces diff\u00e9rents acteurs et au renforcement de leur collaboration.<\/p>\n<h3 id=\"edugouv-summary-item-11\" class=\"title\" style=\"text-align: justify\"><span style=\"font-size: 14pt\">Les professionnels de sant\u00e9 relevant du minist\u00e8re de l\u2019<span class=\"scayt-misspell-word\">\u00c9<\/span>ducation nationale et de la Jeunesse sont-ils concern\u00e9s par la distribution de masques op\u00e9r\u00e9e par le minist\u00e8re des Solidarit\u00e9s et de la Sant\u00e9 ?<\/span><\/h3>\n<p style=\"text-align: justify\">\u00c1 ce stade, seuls les professionnels de sant\u00e9 en contact avec des cas confirm\u00e9s sont servis en masques chirurgicaux. En effet, les masques chirurgicaux ne doivent \u00eatre attribu\u00e9s qu\u2019aux personnels pour lesquels cela est scientifiquement justifi\u00e9.<\/p>\n","protected":false},"excerpt":{"rendered":"<p>Qui coordonne les mesures prises en France concernant le Coronavirus Covid-19 ? Sous l\u2019autorit\u00e9 du Premier ministre, le minist\u00e8re des<\/p>\n","protected":false},"author":263,"featured_media":0,"comment_status":"closed","ping_status":"closed","sticky":false,"template":"","format":"standard","meta":{"footnotes":""},"categories":[86],"tags":[],"class_list":["post-3677","post","type-post","status-publish","format-standard","hentry","category-priorites-nationales"],"_links":{"self":[{"href":"https:\/\/ent2d.ac-bordeaux.fr\/disciplines\/eps\/index.php?rest_route=\/wp\/v2\/posts\/3677","targetHints":{"allow":["GET"]}}],"collection":[{"href":"https:\/\/ent2d.ac-bordeaux.fr\/disciplines\/eps\/index.php?rest_route=\/wp\/v2\/posts"}],"about":[{"href":"https:\/\/ent2d.ac-bordeaux.fr\/disciplines\/eps\/index.php?rest_route=\/wp\/v2\/types\/post"}],"author":[{"embeddable":true,"href":"https:\/\/ent2d.ac-bordeaux.fr\/disciplines\/eps\/index.php?rest_route=\/wp\/v2\/users\/263"}],"replies":[{"embeddable":true,"href":"https:\/\/ent2d.ac-bordeaux.fr\/disciplines\/eps\/index.php?rest_route=%2Fwp%2Fv2%2Fcomments&post=3677"}],"version-history":[{"count":3,"href":"https:\/\/ent2d.ac-bordeaux.fr\/disciplines\/eps\/index.php?rest_route=\/wp\/v2\/posts\/3677\/revisions"}],"predecessor-version":[{"id":3730,"href":"https:\/\/ent2d.ac-bordeaux.fr\/disciplines\/eps\/index.php?rest_route=\/wp\/v2\/posts\/3677\/revisions\/3730"}],"wp:attachment":[{"href":"https:\/\/ent2d.ac-bordeaux.fr\/disciplines\/eps\/index.php?rest_route=%2Fwp%2Fv2%2Fmedia&parent=3677"}],"wp:term":[{"taxonomy":"category","embeddable":true,"href":"https:\/\/ent2d.ac-bordeaux.fr\/disciplines\/eps\/index.php?rest_route=%2Fwp%2Fv2%2Fcategories&post=3677"},{"taxonomy":"post_tag","embeddable":true,"href":"https:\/\/ent2d.ac-bordeaux.fr\/disciplines\/eps\/index.php?rest_route=%2Fwp%2Fv2%2Ftags&post=3677"}],"curies":[{"name":"wp","href":"https:\/\/api.w.org\/{rel}","templated":true}]}}