{"id":1870,"date":"2018-07-05T11:02:53","date_gmt":"2018-07-05T09:02:53","guid":{"rendered":"https:\/\/ent2d.ac-bordeaux.fr\/disciplines\/eps\/?p=1870"},"modified":"2024-06-04T16:43:24","modified_gmt":"2024-06-04T14:43:24","slug":"compte-rendu-grp-rive-droite-reunion-du-3-juillet-2018","status":"publish","type":"post","link":"https:\/\/ent2d.ac-bordeaux.fr\/disciplines\/eps\/?p=1870","title":{"rendered":"Compte-rendu GRP Rive Droite 3 Juillet 2018"},"content":{"rendered":"<p style=\"text-align: right\"><strong>Auteurs : Cl\u00e9ment Serret et Julien Ranou<\/strong><\/p>\n<p><em>Pr\u00e9sents 17 coll\u00e8gues\u00a0:<\/em><\/p>\n<ul>\n<li><em>2 coll\u00e8gues de Lyc\u00e9e G\u00e9n\u00e9ral et Technologique<\/em><\/li>\n<li><em>1 coll\u00e8gue de Lyc\u00e9e Professionnel<\/em><\/li>\n<li><em>14 coll\u00e8gues de Coll\u00e8ge<\/em><\/li>\n<\/ul>\n<p>&nbsp;<\/p>\n<p>Le groupe s\u2019est r\u00e9uni au coll\u00e8ge Jean Jaur\u00e8s de Cenon. L\u2019\u00e9quipe EPS de l\u2019\u00e9tablissement souhaitait pr\u00e9senter un travail sur le Trail dans le Champ 2.<\/p>\n<p><strong>9h \u2013 9h15<\/strong><\/p>\n<p>Pr\u00e9sentation de la journ\u00e9e<\/p>\n<p><strong>9h15 \u2013 12h<\/strong><\/p>\n<p>Apr\u00e8s une pr\u00e9sentation en salle, le groupe s\u2019est rendu au Parc Palmer afin d\u2019exp\u00e9rimenter la proposition de travail autour du Trail.<\/p>\n<p><strong>12h \u2013 13h30<\/strong><\/p>\n<p>Repas au coll\u00e8ge<\/p>\n<p><strong>13h30 \u2013 14h<\/strong><\/p>\n<p>Bilan de la proposition, d\u00e9bats, perspectives<\/p>\n<p><strong>14h \u2013 14h30<\/strong><\/p>\n<p>Compte rendu de la journ\u00e9e scientifique des STAPS (Cf PowerPoint en pi\u00e8ce jointe)<\/p>\n<p><strong>14h30 \u2013 15h45<\/strong><\/p>\n<p>Travail par \u00e9quipe autour du traitement p\u00e9dagogique par la complexit\u00e9<\/p>\n<p>&nbsp;<\/p>\n<p><strong>15h45 \u2013 16h<\/strong><\/p>\n<p><u>Bilan de l\u2019ann\u00e9e \u00e9coul\u00e9e\u00a0:<\/u><\/p>\n<ul>\n<li>Volont\u00e9 d\u2019avoir des pr\u00e9sentations d\u2019autres coll\u00e8gues issus d\u2019autres GRP sur des activit\u00e9s cibl\u00e9es\u00a0:<\/li>\n<li>Activit\u00e9s combin\u00e9es (champ1)<\/li>\n<li>Danse<\/li>\n<li>Lutte<\/li>\n<\/ul>\n<p>&nbsp;<\/p>\n<ul>\n<li>Proposition d\u2019avoir des \u00e9l\u00e8ves lors de la pr\u00e9sentation de situations afin de les voir \u00e9voluer dans la situation, la mani\u00e8re dont l\u2019enseignant pr\u00e9sente et r\u00e9gule l\u2019activit\u00e9 des \u00e9l\u00e8ves.<\/li>\n<\/ul>\n<p>Idem pour de la vid\u00e9o<\/p>\n<p>&nbsp;<\/p>\n<ul>\n<li>1<sup>er<\/sup> GRP de l\u2019ann\u00e9e scolaire 2018 \u2013 2019\u00a0:<\/li>\n<\/ul>\n<p>2 stages ZAP \/ 1 stage DAFPEN<\/p>\n<p>Date\u00a0: Nov \/ Avril \/ Fin Juin (Lundi avant le Brevet)<\/p>\n<p>&nbsp;<\/p>\n<ul>\n<li>Prochain Rendez vous, Novembre au coll\u00e8ge de Cr\u00e9on, pour une proposition sur le Demi fond<\/li>\n<\/ul>\n<p>&nbsp;<\/p>\n","protected":false},"excerpt":{"rendered":"<p>Auteurs : Cl\u00e9ment Serret et Julien Ranou Pr\u00e9sents 17 coll\u00e8gues\u00a0: 2 coll\u00e8gues de Lyc\u00e9e G\u00e9n\u00e9ral et Technologique 1 coll\u00e8gue de<\/p>\n","protected":false},"author":198,"featured_media":287,"comment_status":"closed","ping_status":"closed","sticky":false,"template":"","format":"standard","meta":{"footnotes":""},"categories":[240],"tags":[],"class_list":["post-1870","post","type-post","status-publish","format-standard","has-post-thumbnail","hentry","category-grp"],"_links":{"self":[{"href":"https:\/\/ent2d.ac-bordeaux.fr\/disciplines\/eps\/index.php?rest_route=\/wp\/v2\/posts\/1870","targetHints":{"allow":["GET"]}}],"collection":[{"href":"https:\/\/ent2d.ac-bordeaux.fr\/disciplines\/eps\/index.php?rest_route=\/wp\/v2\/posts"}],"about":[{"href":"https:\/\/ent2d.ac-bordeaux.fr\/disciplines\/eps\/index.php?rest_route=\/wp\/v2\/types\/post"}],"author":[{"embeddable":true,"href":"https:\/\/ent2d.ac-bordeaux.fr\/disciplines\/eps\/index.php?rest_route=\/wp\/v2\/users\/198"}],"replies":[{"embeddable":true,"href":"https:\/\/ent2d.ac-bordeaux.fr\/disciplines\/eps\/index.php?rest_route=%2Fwp%2Fv2%2Fcomments&post=1870"}],"version-history":[{"count":2,"href":"https:\/\/ent2d.ac-bordeaux.fr\/disciplines\/eps\/index.php?rest_route=\/wp\/v2\/posts\/1870\/revisions"}],"predecessor-version":[{"id":7927,"href":"https:\/\/ent2d.ac-bordeaux.fr\/disciplines\/eps\/index.php?rest_route=\/wp\/v2\/posts\/1870\/revisions\/7927"}],"wp:featuredmedia":[{"embeddable":true,"href":"https:\/\/ent2d.ac-bordeaux.fr\/disciplines\/eps\/index.php?rest_route=\/wp\/v2\/media\/287"}],"wp:attachment":[{"href":"https:\/\/ent2d.ac-bordeaux.fr\/disciplines\/eps\/index.php?rest_route=%2Fwp%2Fv2%2Fmedia&parent=1870"}],"wp:term":[{"taxonomy":"category","embeddable":true,"href":"https:\/\/ent2d.ac-bordeaux.fr\/disciplines\/eps\/index.php?rest_route=%2Fwp%2Fv2%2Fcategories&post=1870"},{"taxonomy":"post_tag","embeddable":true,"href":"https:\/\/ent2d.ac-bordeaux.fr\/disciplines\/eps\/index.php?rest_route=%2Fwp%2Fv2%2Ftags&post=1870"}],"curies":[{"name":"wp","href":"https:\/\/api.w.org\/{rel}","templated":true}]}}