{"id":2632,"date":"2022-08-16T18:32:54","date_gmt":"2022-08-16T16:32:54","guid":{"rendered":"https:\/\/ent2d.ac-bordeaux.fr\/disciplines\/documentation\/?p=2632"},"modified":"2022-08-16T19:02:15","modified_gmt":"2022-08-16T17:02:15","slug":"un-selfie-reflechi-des-pratiques-dinformation-juveniles-a-des-pratiques-prescrites-documentaires","status":"publish","type":"post","link":"https:\/\/ent2d.ac-bordeaux.fr\/disciplines\/documentation\/un-selfie-reflechi-des-pratiques-dinformation-juveniles-a-des-pratiques-prescrites-documentaires\/","title":{"rendered":"Un selfie r\u00e9fl\u00e9chi : Des pratiques d\u2019information juv\u00e9niles \u00e0 des pratiques prescrites documentaires"},"content":{"rendered":"<h5 style=\"text-align: justify\">Comment sensibiliser aux notions de publication et d\u2019exposition de soi\u00a0 ?<\/h5>\n<p style=\"text-align: justify\"><em>S\u00e9ances p\u00e9dagogiques, documents et bibliographie par Adeline Entraygues professeure-documentaliste au coll\u00e8ge de Cr\u00e9on, Gironde.<\/em><\/p>\n<p style=\"text-align: justify\"><strong>Objectifs\u00a0\u00a0: <\/strong><\/p>\n<ul>\n<li style=\"text-align: justify\">R\u00e9fl\u00e9chir \u00e0 la notion de selfie ;<\/li>\n<li style=\"text-align: justify\">Comprendre la diff\u00e9rence entre selfie et autoportrait ;<\/li>\n<li style=\"text-align: justify\">Sensibiliser \u00e0 la notion d\u2019exposition de soi et de publication<\/li>\n<\/ul>\n<p style=\"text-align: justify\">Vous trouverez ici l\u2019exemple de s\u00e9ances sur le selfie, les \u00e9l\u00e8ves r\u00e9fl\u00e9chissent \u00e0 la question du portrait et de l\u2019autoportrait au travers de la pratique du Selfie mais aussi aux questions de publications, de r\u00e9seaux et d\u2019exposition de soi.<\/p>\n<p style=\"text-align: justify\">Pour l\u2019ann\u00e9e 2022\/2023 le PAF proposera une offre formation sur le th\u00e8me \u00ab Du selfie au portrait \u00bb autour des questions de l&#8217;identit\u00e9, de l&#8217;image de soi, de l&#8217;autobiographie et des r\u00e9seaux sociaux.<\/p>\n<blockquote>\n<ul>\n<li><strong><a href=\"https:\/\/ent2d.ac-bordeaux.fr\/disciplines\/documentation\/wp-content\/uploads\/sites\/27\/2022\/08\/Selfie-reflechi-EIDOS64.pdf\" target=\"_blank\" rel=\"noopener\">Un selfie r\u00e9fl\u00e9chi : Des pratiques d\u2019information juv\u00e9niles \u00e0 des pratiques prescrites documentaires<\/a> <\/strong><\/li>\n<li><strong><a href=\"https:\/\/ent2d.ac-bordeaux.fr\/disciplines\/documentation\/wp-content\/uploads\/sites\/27\/2022\/08\/Seance-Selfie.pdf\" target=\"_blank\" rel=\"noopener\">S\u00e9ance Selfie : le doc \u00e9l\u00e8ve<\/a><\/strong><\/li>\n<\/ul>\n<\/blockquote>\n","protected":false},"excerpt":{"rendered":"<p>Comment sensibiliser aux notions de publication et d\u2019exposition de soi\u00a0 ? S\u00e9ances p\u00e9dagogiques, documents et bibliographie par Adeline Entraygues professeure-documentaliste<\/p>\n","protected":false},"author":231,"featured_media":2635,"comment_status":"closed","ping_status":"closed","sticky":false,"template":"","format":"standard","meta":{"footnotes":""},"categories":[18,11,23],"tags":[145,24,71],"class_list":["post-2632","post","type-post","status-publish","format-standard","has-post-thumbnail","hentry","category-culture-numerique","category-emi","category-scenarios-pedagogiques","tag-culture-informationnelle","tag-emi","tag-identite-numerique"],"_links":{"self":[{"href":"https:\/\/ent2d.ac-bordeaux.fr\/disciplines\/documentation\/wp-json\/wp\/v2\/posts\/2632","targetHints":{"allow":["GET"]}}],"collection":[{"href":"https:\/\/ent2d.ac-bordeaux.fr\/disciplines\/documentation\/wp-json\/wp\/v2\/posts"}],"about":[{"href":"https:\/\/ent2d.ac-bordeaux.fr\/disciplines\/documentation\/wp-json\/wp\/v2\/types\/post"}],"author":[{"embeddable":true,"href":"https:\/\/ent2d.ac-bordeaux.fr\/disciplines\/documentation\/wp-json\/wp\/v2\/users\/231"}],"replies":[{"embeddable":true,"href":"https:\/\/ent2d.ac-bordeaux.fr\/disciplines\/documentation\/wp-json\/wp\/v2\/comments?post=2632"}],"version-history":[{"count":6,"href":"https:\/\/ent2d.ac-bordeaux.fr\/disciplines\/documentation\/wp-json\/wp\/v2\/posts\/2632\/revisions"}],"predecessor-version":[{"id":2651,"href":"https:\/\/ent2d.ac-bordeaux.fr\/disciplines\/documentation\/wp-json\/wp\/v2\/posts\/2632\/revisions\/2651"}],"wp:featuredmedia":[{"embeddable":true,"href":"https:\/\/ent2d.ac-bordeaux.fr\/disciplines\/documentation\/wp-json\/wp\/v2\/media\/2635"}],"wp:attachment":[{"href":"https:\/\/ent2d.ac-bordeaux.fr\/disciplines\/documentation\/wp-json\/wp\/v2\/media?parent=2632"}],"wp:term":[{"taxonomy":"category","embeddable":true,"href":"https:\/\/ent2d.ac-bordeaux.fr\/disciplines\/documentation\/wp-json\/wp\/v2\/categories?post=2632"},{"taxonomy":"post_tag","embeddable":true,"href":"https:\/\/ent2d.ac-bordeaux.fr\/disciplines\/documentation\/wp-json\/wp\/v2\/tags?post=2632"}],"curies":[{"name":"wp","href":"https:\/\/api.w.org\/{rel}","templated":true}]}}