{"id":321,"date":"2018-04-13T17:06:42","date_gmt":"2018-04-13T16:06:42","guid":{"rendered":"https:\/\/ent2d.ac-bordeaux.fr\/disciplines\/dgemc\/?p=321"},"modified":"2018-04-14T10:22:56","modified_gmt":"2018-04-14T09:22:56","slug":"conseil-detat-et-burkini","status":"publish","type":"post","link":"https:\/\/ent2d.ac-bordeaux.fr\/disciplines\/dgemc\/2018\/04\/13\/conseil-detat-et-burkini\/","title":{"rendered":"Conseil d&rsquo;Etat et burkini"},"content":{"rendered":"<p><img loading=\"lazy\" decoding=\"async\" class=\"alignnone size-full wp-image-349\" src=\"https:\/\/ent2d.ac-bordeaux.fr\/disciplines\/dgemc\/wp-content\/uploads\/sites\/10\/2018\/04\/conseildetat-1.jpg\" alt=\"\" width=\"219\" height=\"230\" \/><\/p>\n<ul>\n<li><strong>Le fait d&rsquo;actualit\u00e9 \/ sujet\u00a0<\/strong><\/li>\n<\/ul>\n<p>Conseil d\u2019Etat et burkini<\/p>\n<ul>\n<li><strong>Les ressources s\u00e9lectionn\u00e9es<\/strong><\/li>\n<\/ul>\n<p style=\"text-align: justify\">\u00a0\u00a0\u00a0\u00a0\u00a0\u00a0\u00a0\u00a0 &#8211; Les d\u00e9codeurs du <u>Monde<\/u> du 16\/08\/2016 : \u00ab\u00a0<em>Petite histoire du \u00ab\u00a0burkini\u00a0\u00bb des origines aux pol\u00e9miques\u00a0<\/em>\u00bb.<\/p>\n<p>\u00a0\u00a0\u00a0\u00a0\u00a0\u00a0\u00a0\u00a0 &#8211;<em> Ordonnance du Conseil d\u2019Etat du 26\/08\/2016<\/em>.<\/p>\n<p>&#8211; Article du <u>Monde<\/u> du 26\/08\/2016 : \u00ab\u00a0<em>Le Conseil d\u2019Etat met un terme aux arr\u00eat\u00e9s \u00ab\u00a0anti-burkini<\/em> \u00bb.<\/p>\n<p style=\"text-align: justify\">\u00a0\u00a0\u00a0\u00a0\u00a0\u00a0\u00a0\u00a0 &#8211; Article du <u>Monde<\/u> du 27\/08\/2016 : \u00ab\u00a0<em>Burkini, le Conseil d\u2019Etat s\u2019en est tenu \u00e0 la loi\u00a0<\/em>\u00bb par un professeur \u00e0 l\u2019universit\u00e9 de droit de la Sorbonne, ancien membre du Conseil sup\u00e9rieur de la magistrature.<\/p>\n<ul>\n<li><strong>Les th\u00e8mes\/notions abord\u00e9s<\/strong><\/li>\n<\/ul>\n<p>-La loi, notamment les notions de loi ordinaire et de principe de l\u00e9galit\u00e9 ;<\/p>\n<p>-La jurisprudence avec les notions de d\u00e9cision de justice, juridiction et source de droit ;<\/p>\n<p>-La personne ;<\/p>\n<p>-La vie, le corps, la sant\u00e9 ;<\/p>\n<p>-L\u2019organisation juridictionnelle de la France, notamment la notion de degr\u00e9 de juridiction.<\/p>\n<p><!--more--><\/p>\n<ul>\n<li><strong>L&rsquo;avis des auteurs du site<br \/>\n<\/strong><\/li>\n<\/ul>\n<p style=\"text-align: justify\">Cet exemple d\u2019actualit\u00e9 illustre le fait que le droit, dans ses instruments et son organisation, est un acteur du d\u00e9bat public et est garant des libert\u00e9s individuelles et de la vie d\u00e9mocratique fran\u00e7aise.<\/p>\n<p style=\"text-align: justify\">Ce cas, tout en invitant \u00e0 la confrontation des points de vue, permet de donner corps au principe de l\u00e9galit\u00e9 qui fonde notre Etat de droit, et d\u2019aborder la place et le r\u00f4le du Conseil d\u2019Etat, une juridiction souvent n\u00e9buleuse pour nos \u00e9l\u00e8ves.<\/p>\n<p style=\"text-align: center\">Enfin, il est pertinent d\u2019envisager l\u2019\u00e9tude de ce sujet en interdisciplinarit\u00e9 avec l\u2019EMC qui traite des enjeux du pluralisme des croyances et de la la\u00efcit\u00e9 dans la soci\u00e9t\u00e9 fran\u00e7aise.<\/p>\n","protected":false},"excerpt":{"rendered":"<p>Le fait d&rsquo;actualit\u00e9 \/ sujet\u00a0 Conseil d\u2019Etat et burkini Les ressources s\u00e9lectionn\u00e9es \u00a0\u00a0\u00a0\u00a0\u00a0\u00a0\u00a0\u00a0 &#8211; Les d\u00e9codeurs du Monde du 16\/08\/2016 : \u00ab\u00a0Petite histoire du \u00ab\u00a0burkini\u00a0\u00bb des origines aux pol\u00e9miques\u00a0\u00bb. \u00a0\u00a0\u00a0\u00a0\u00a0\u00a0\u00a0\u00a0 &#8211; Ordonnance du Conseil d\u2019Etat du 26\/08\/2016. &#8211; Article du Monde du 26\/08\/2016 : \u00ab\u00a0Le Conseil d\u2019Etat met un terme aux arr\u00eat\u00e9s \u00ab\u00a0anti-burkini \u00bb. \u00a0\u00a0\u00a0\u00a0\u00a0\u00a0\u00a0\u00a0 &hellip; <a href=\"https:\/\/ent2d.ac-bordeaux.fr\/disciplines\/dgemc\/2018\/04\/13\/conseil-detat-et-burkini\/\" class=\"more-link\">Continuer la lecture<span class=\"screen-reader-text\"> de &laquo;&nbsp;Conseil d&rsquo;Etat et burkini&nbsp;&raquo;<\/span><\/a><\/p>\n","protected":false},"author":24,"featured_media":0,"comment_status":"open","ping_status":"closed","sticky":false,"template":"","format":"standard","meta":{"footnotes":""},"categories":[19],"tags":[],"class_list":["post-321","post","type-post","status-publish","format-standard","hentry","category-liensversdesfaitsdactualite"],"_links":{"self":[{"href":"https:\/\/ent2d.ac-bordeaux.fr\/disciplines\/dgemc\/wp-json\/wp\/v2\/posts\/321","targetHints":{"allow":["GET"]}}],"collection":[{"href":"https:\/\/ent2d.ac-bordeaux.fr\/disciplines\/dgemc\/wp-json\/wp\/v2\/posts"}],"about":[{"href":"https:\/\/ent2d.ac-bordeaux.fr\/disciplines\/dgemc\/wp-json\/wp\/v2\/types\/post"}],"author":[{"embeddable":true,"href":"https:\/\/ent2d.ac-bordeaux.fr\/disciplines\/dgemc\/wp-json\/wp\/v2\/users\/24"}],"replies":[{"embeddable":true,"href":"https:\/\/ent2d.ac-bordeaux.fr\/disciplines\/dgemc\/wp-json\/wp\/v2\/comments?post=321"}],"version-history":[{"count":7,"href":"https:\/\/ent2d.ac-bordeaux.fr\/disciplines\/dgemc\/wp-json\/wp\/v2\/posts\/321\/revisions"}],"predecessor-version":[{"id":376,"href":"https:\/\/ent2d.ac-bordeaux.fr\/disciplines\/dgemc\/wp-json\/wp\/v2\/posts\/321\/revisions\/376"}],"wp:attachment":[{"href":"https:\/\/ent2d.ac-bordeaux.fr\/disciplines\/dgemc\/wp-json\/wp\/v2\/media?parent=321"}],"wp:term":[{"taxonomy":"category","embeddable":true,"href":"https:\/\/ent2d.ac-bordeaux.fr\/disciplines\/dgemc\/wp-json\/wp\/v2\/categories?post=321"},{"taxonomy":"post_tag","embeddable":true,"href":"https:\/\/ent2d.ac-bordeaux.fr\/disciplines\/dgemc\/wp-json\/wp\/v2\/tags?post=321"}],"curies":[{"name":"wp","href":"https:\/\/api.w.org\/{rel}","templated":true}]}}