{"id":3079,"date":"2023-01-07T15:33:28","date_gmt":"2023-01-07T14:33:28","guid":{"rendered":"https:\/\/ent2d.ac-bordeaux.fr\/disciplines\/commerce-vente\/?p=3079"},"modified":"2023-01-07T15:33:28","modified_gmt":"2023-01-07T14:33:28","slug":"revue-de-presse-du-08-01-23","status":"publish","type":"post","link":"https:\/\/ent2d.ac-bordeaux.fr\/disciplines\/commerce-vente\/2023\/01\/07\/revue-de-presse-du-08-01-23\/","title":{"rendered":"Revue de presse du 08\/01\/23"},"content":{"rendered":"<p style=\"text-align: center\">Quelques articles int\u00e9ressants obtenus gr\u00e2ce \u00e0 l&rsquo;outil <a href=\"https:\/\/www.scoop.it\/\">Scoop it ! :<\/a><\/p>\n<p style=\"text-align: center\">Cliquez sur le logo du m\u00e9dia proposant l&rsquo;article qui vous int\u00e9resse<\/p>\n<p><strong>La citation de la semaine :<\/strong><\/p>\n<blockquote>\n<p class=\"has-text-align-center\">\u00ab Celui qui n\u00e9glige de se pr\u00e9parer doit se pr\u00e9parer \u00e0 \u00eatre n\u00e9glig\u00e9. \u00bb <b>Micha\u00ebl<span class=\"apple-converted-space\">\u00a0<\/span>Aguilar<\/b><\/p>\n<\/blockquote>\n<p>&nbsp;<\/p>\n<p>\u200b<\/p>\n<table width=\"628\">\n<tbody>\n<tr>\n<td style=\"text-align: center\">\n<p><div id=\"attachment_1053\" style=\"width: 160px\" class=\"wp-caption aligncenter\"><a href=\"https:\/\/www.lefigaro.fr\/flash-eco\/des-commercants-demandent-le-plafonnement-de-la-hausse-des-loyers-commerciaux-a-3-5-en-2023-20221221\" target=\"_blank\" rel=\"noopener\"><img loading=\"lazy\" decoding=\"async\" aria-describedby=\"caption-attachment-1053\" class=\"wp-image-1053 size-thumbnail\" src=\"https:\/\/ent2d.ac-bordeaux.fr\/disciplines\/commerce-vente\/wp-content\/uploads\/sites\/15\/2019\/03\/logo-Figaro-150x150.png\" alt=\"\" width=\"150\" height=\"150\" srcset=\"https:\/\/ent2d.ac-bordeaux.fr\/disciplines\/commerce-vente\/wp-content\/uploads\/sites\/15\/2019\/03\/logo-Figaro-150x150.png 150w, https:\/\/ent2d.ac-bordeaux.fr\/disciplines\/commerce-vente\/wp-content\/uploads\/sites\/15\/2019\/03\/logo-Figaro-300x300.png 300w, https:\/\/ent2d.ac-bordeaux.fr\/disciplines\/commerce-vente\/wp-content\/uploads\/sites\/15\/2019\/03\/logo-Figaro-768x768.png 768w, https:\/\/ent2d.ac-bordeaux.fr\/disciplines\/commerce-vente\/wp-content\/uploads\/sites\/15\/2019\/03\/logo-Figaro.png 900w\" sizes=\"auto, (max-width: 150px) 100vw, 150px\" \/><\/a><p id=\"caption-attachment-1053\" class=\"wp-caption-text\">L&rsquo;\u00e9tat doit il encadrer les loyer commerciaux face \u00e0 l&rsquo;inflation ?<\/p><\/div><\/td>\n<td style=\"text-align: center\">\n<p><div id=\"attachment_3080\" style=\"width: 160px\" class=\"wp-caption aligncenter\"><a href=\"https:\/\/lareclame.fr\/143321-infographie-francais-innovation-hello-innov\" target=\"_blank\" rel=\"noopener\"><img loading=\"lazy\" decoding=\"async\" aria-describedby=\"caption-attachment-3080\" class=\"wp-image-3080 size-thumbnail\" src=\"https:\/\/ent2d.ac-bordeaux.fr\/disciplines\/commerce-vente\/wp-content\/uploads\/sites\/15\/2023\/01\/lareclame-150x150.jpg\" alt=\"\" width=\"150\" height=\"150\" srcset=\"https:\/\/ent2d.ac-bordeaux.fr\/disciplines\/commerce-vente\/wp-content\/uploads\/sites\/15\/2023\/01\/lareclame-150x150.jpg 150w, https:\/\/ent2d.ac-bordeaux.fr\/disciplines\/commerce-vente\/wp-content\/uploads\/sites\/15\/2023\/01\/lareclame-300x300.jpg 300w, https:\/\/ent2d.ac-bordeaux.fr\/disciplines\/commerce-vente\/wp-content\/uploads\/sites\/15\/2023\/01\/lareclame.jpg 400w\" sizes=\"auto, (max-width: 150px) 100vw, 150px\" \/><\/a><p id=\"caption-attachment-3080\" class=\"wp-caption-text\">INFOGRAPHIE : les fran\u00e7ais et l&rsquo;innovation<\/p><\/div><\/td>\n<td style=\"text-align: center\">\n<p><div id=\"attachment_1425\" style=\"width: 160px\" class=\"wp-caption aligncenter\"><a href=\"https:\/\/www.zdnet.fr\/blogs\/l-esprit-libre\/les-gafam-en-france-un-lobbying-aide-par-un-etat-faible-ou-seduit-39951714.htm\" target=\"_blank\" rel=\"noopener\"><img loading=\"lazy\" decoding=\"async\" aria-describedby=\"caption-attachment-1425\" class=\"wp-image-1425 size-thumbnail\" src=\"https:\/\/ent2d.ac-bordeaux.fr\/disciplines\/commerce-vente\/wp-content\/uploads\/sites\/15\/2019\/11\/zdnet_font_clair-150x150.png\" alt=\"\" width=\"150\" height=\"150\" srcset=\"https:\/\/ent2d.ac-bordeaux.fr\/disciplines\/commerce-vente\/wp-content\/uploads\/sites\/15\/2019\/11\/zdnet_font_clair-150x150.png 150w, https:\/\/ent2d.ac-bordeaux.fr\/disciplines\/commerce-vente\/wp-content\/uploads\/sites\/15\/2019\/11\/zdnet_font_clair-300x300.png 300w, https:\/\/ent2d.ac-bordeaux.fr\/disciplines\/commerce-vente\/wp-content\/uploads\/sites\/15\/2019\/11\/zdnet_font_clair-768x768.png 768w, https:\/\/ent2d.ac-bordeaux.fr\/disciplines\/commerce-vente\/wp-content\/uploads\/sites\/15\/2019\/11\/zdnet_font_clair.png 1024w\" sizes=\"auto, (max-width: 150px) 100vw, 150px\" \/><\/a><p id=\"caption-attachment-1425\" class=\"wp-caption-text\">La France lutte t elle vraiment contre l\u2019h\u00e9g\u00e9monie des GAFAM ?<\/p><\/div><\/td>\n<\/tr>\n<tr>\n<td style=\"text-align: center\">\n<p><div id=\"attachment_1038\" style=\"width: 160px\" class=\"wp-caption aligncenter\"><a href=\"https:\/\/www.usine-digitale.fr\/article\/produits-contrefaits-la-justice-europeenne-ouvre-la-voie-a-la-responsabilite-d-amazon.N2080991\" target=\"_blank\" rel=\"noopener\"><img loading=\"lazy\" decoding=\"async\" aria-describedby=\"caption-attachment-1038\" class=\"wp-image-1038 size-thumbnail\" src=\"https:\/\/ent2d.ac-bordeaux.fr\/disciplines\/commerce-vente\/wp-content\/uploads\/sites\/15\/2019\/03\/logo-usine-digitale-150x40.png\" alt=\"\" width=\"150\" height=\"40\" \/><\/a><p id=\"caption-attachment-1038\" class=\"wp-caption-text\">Contrefa\u00e7on : Amazon dans le collimateur de la cour de justice Europ\u00e9enne ?<\/p><\/div><\/td>\n<td style=\"text-align: center\">\n<p><div id=\"attachment_2681\" style=\"width: 160px\" class=\"wp-caption aligncenter\"><a href=\"https:\/\/www.lemondeinformatique.fr\/actualites\/lire-4-tendances-qui-faconneront-l-experience-client-en-2023-88977.html\" target=\"_blank\" rel=\"noopener\"><img loading=\"lazy\" decoding=\"async\" aria-describedby=\"caption-attachment-2681\" class=\"wp-image-2681 size-thumbnail\" src=\"https:\/\/ent2d.ac-bordeaux.fr\/disciplines\/commerce-vente\/wp-content\/uploads\/sites\/15\/2022\/01\/lemondeinfo-150x150.png\" alt=\"\" width=\"150\" height=\"150\" srcset=\"https:\/\/ent2d.ac-bordeaux.fr\/disciplines\/commerce-vente\/wp-content\/uploads\/sites\/15\/2022\/01\/lemondeinfo-150x150.png 150w, https:\/\/ent2d.ac-bordeaux.fr\/disciplines\/commerce-vente\/wp-content\/uploads\/sites\/15\/2022\/01\/lemondeinfo.png 225w\" sizes=\"auto, (max-width: 150px) 100vw, 150px\" \/><\/a><p id=\"caption-attachment-2681\" class=\"wp-caption-text\">exp\u00e9rience client : Quelles tendances pour 2023 ?<\/p><\/div><\/td>\n<td style=\"text-align: center\">\n<p><div id=\"attachment_3081\" style=\"width: 160px\" class=\"wp-caption aligncenter\"><a href=\"https:\/\/fredcavazza.net\/2022\/12\/21\/mes-10-predictions-pour-2023\/\" target=\"_blank\" rel=\"noopener\"><img loading=\"lazy\" decoding=\"async\" aria-describedby=\"caption-attachment-3081\" class=\"wp-image-3081 size-thumbnail\" src=\"https:\/\/ent2d.ac-bordeaux.fr\/disciplines\/commerce-vente\/wp-content\/uploads\/sites\/15\/2023\/01\/fredcavazza-150x150.png\" alt=\"\" width=\"150\" height=\"150\" \/><\/a><p id=\"caption-attachment-3081\" class=\"wp-caption-text\">D\u00e9couvrez les 10 pr\u00e9dictions d&rsquo;un expert pour 2023<\/p><\/div><\/td>\n<\/tr>\n<tr>\n<td style=\"text-align: center\">\n<p><div id=\"attachment_2215\" style=\"width: 160px\" class=\"wp-caption aligncenter\"><a href=\"https:\/\/www.codeur.com\/blog\/attirer-clients-magasin\/\" target=\"_blank\" rel=\"noopener\"><img loading=\"lazy\" decoding=\"async\" aria-describedby=\"caption-attachment-2215\" class=\"wp-image-2215 size-thumbnail\" src=\"https:\/\/ent2d.ac-bordeaux.fr\/disciplines\/commerce-vente\/wp-content\/uploads\/sites\/15\/2020\/12\/codeur-150x150.jpg\" alt=\"\" width=\"150\" height=\"150\" srcset=\"https:\/\/ent2d.ac-bordeaux.fr\/disciplines\/commerce-vente\/wp-content\/uploads\/sites\/15\/2020\/12\/codeur-150x150.jpg 150w, https:\/\/ent2d.ac-bordeaux.fr\/disciplines\/commerce-vente\/wp-content\/uploads\/sites\/15\/2020\/12\/codeur-300x300.jpg 300w, https:\/\/ent2d.ac-bordeaux.fr\/disciplines\/commerce-vente\/wp-content\/uploads\/sites\/15\/2020\/12\/codeur.jpg 512w\" sizes=\"auto, (max-width: 150px) 100vw, 150px\" \/><\/a><p id=\"caption-attachment-2215\" class=\"wp-caption-text\">10 conseils \u00e9vidents mais parfois oubli\u00e9s pour attirer en magasin<\/p><\/div><\/td>\n<td style=\"text-align: center\">\n<p><div id=\"attachment_1184\" style=\"width: 160px\" class=\"wp-caption aligncenter\"><a href=\"https:\/\/comarketing-news.fr\/relation-client-2022-annee-du-chat\/\" target=\"_blank\" rel=\"noopener\"><img loading=\"lazy\" decoding=\"async\" aria-describedby=\"caption-attachment-1184\" class=\"wp-image-1184 size-thumbnail\" src=\"https:\/\/ent2d.ac-bordeaux.fr\/disciplines\/commerce-vente\/wp-content\/uploads\/sites\/15\/2019\/06\/0069-150x150.png\" alt=\"\" width=\"150\" height=\"150\" \/><\/a><p id=\"caption-attachment-1184\" class=\"wp-caption-text\">2022, l&rsquo;ann\u00e9e du chat ???<\/p><\/div><\/td>\n<td style=\"text-align: center\">\n<p><div id=\"attachment_1403\" style=\"width: 160px\" class=\"wp-caption aligncenter\"><a href=\"https:\/\/siecledigital.fr\/2022\/12\/29\/amazon-prime-air-debute-ses-livraisons-par-drone\/\" target=\"_blank\" rel=\"noopener\"><img loading=\"lazy\" decoding=\"async\" aria-describedby=\"caption-attachment-1403\" class=\"wp-image-1403 size-thumbnail\" src=\"https:\/\/ent2d.ac-bordeaux.fr\/disciplines\/commerce-vente\/wp-content\/uploads\/sites\/15\/2019\/11\/siecle-150x150.jpg\" alt=\"\" width=\"150\" height=\"150\" srcset=\"https:\/\/ent2d.ac-bordeaux.fr\/disciplines\/commerce-vente\/wp-content\/uploads\/sites\/15\/2019\/11\/siecle-150x150.jpg 150w, https:\/\/ent2d.ac-bordeaux.fr\/disciplines\/commerce-vente\/wp-content\/uploads\/sites\/15\/2019\/11\/siecle-300x300.jpg 300w, https:\/\/ent2d.ac-bordeaux.fr\/disciplines\/commerce-vente\/wp-content\/uploads\/sites\/15\/2019\/11\/siecle.jpg 400w\" sizes=\"auto, (max-width: 150px) 100vw, 150px\" \/><\/a><p id=\"caption-attachment-1403\" class=\"wp-caption-text\">Livraison par drone : On y est presque !<\/p><\/div><\/td>\n<\/tr>\n<\/tbody>\n<\/table>\n<p>&nbsp;<\/p>\n","protected":false},"excerpt":{"rendered":"<p>Quelques articles int\u00e9ressants obtenus gr\u00e2ce \u00e0 l&rsquo;outil Scoop it ! : Cliquez sur le logo du m\u00e9dia proposant l&rsquo;article qui vous int\u00e9resse La citation de la semaine : \u00ab Celui qui n\u00e9glige de se pr\u00e9parer doit se pr\u00e9parer \u00e0 \u00eatre n\u00e9glig\u00e9. \u00bb Micha\u00ebl\u00a0Aguilar &nbsp; \u200b &nbsp;<\/p>\n","protected":false},"author":51,"featured_media":0,"comment_status":"open","ping_status":"open","sticky":false,"template":"","format":"standard","meta":{"_bbp_topic_count":0,"_bbp_reply_count":0,"_bbp_total_topic_count":0,"_bbp_total_reply_count":0,"_bbp_voice_count":0,"_bbp_anonymous_reply_count":0,"_bbp_topic_count_hidden":0,"_bbp_reply_count_hidden":0,"_bbp_forum_subforum_count":0,"footnotes":""},"categories":[26],"tags":[30,32,13,14,41,36,10,34,35,9,33,40,39,38,29,16],"class_list":["post-3079","post","type-post","status-publish","format-standard","hentry","category-revue-de-presse","tag-academie","tag-actualite","tag-bac-pro","tag-baccalaureat","tag-cap-epc","tag-fmrc","tag-lycee-professionnel","tag-mcv","tag-mrc","tag-nouveaute","tag-omnicanal","tag-omnicanalite","tag-presse","tag-revue","tag-revue-de-presse","tag-vente"],"_links":{"self":[{"href":"https:\/\/ent2d.ac-bordeaux.fr\/disciplines\/commerce-vente\/wp-json\/wp\/v2\/posts\/3079","targetHints":{"allow":["GET"]}}],"collection":[{"href":"https:\/\/ent2d.ac-bordeaux.fr\/disciplines\/commerce-vente\/wp-json\/wp\/v2\/posts"}],"about":[{"href":"https:\/\/ent2d.ac-bordeaux.fr\/disciplines\/commerce-vente\/wp-json\/wp\/v2\/types\/post"}],"author":[{"embeddable":true,"href":"https:\/\/ent2d.ac-bordeaux.fr\/disciplines\/commerce-vente\/wp-json\/wp\/v2\/users\/51"}],"replies":[{"embeddable":true,"href":"https:\/\/ent2d.ac-bordeaux.fr\/disciplines\/commerce-vente\/wp-json\/wp\/v2\/comments?post=3079"}],"version-history":[{"count":1,"href":"https:\/\/ent2d.ac-bordeaux.fr\/disciplines\/commerce-vente\/wp-json\/wp\/v2\/posts\/3079\/revisions"}],"predecessor-version":[{"id":3082,"href":"https:\/\/ent2d.ac-bordeaux.fr\/disciplines\/commerce-vente\/wp-json\/wp\/v2\/posts\/3079\/revisions\/3082"}],"wp:attachment":[{"href":"https:\/\/ent2d.ac-bordeaux.fr\/disciplines\/commerce-vente\/wp-json\/wp\/v2\/media?parent=3079"}],"wp:term":[{"taxonomy":"category","embeddable":true,"href":"https:\/\/ent2d.ac-bordeaux.fr\/disciplines\/commerce-vente\/wp-json\/wp\/v2\/categories?post=3079"},{"taxonomy":"post_tag","embeddable":true,"href":"https:\/\/ent2d.ac-bordeaux.fr\/disciplines\/commerce-vente\/wp-json\/wp\/v2\/tags?post=3079"}],"curies":[{"name":"wp","href":"https:\/\/api.w.org\/{rel}","templated":true}]}}