{"id":3033,"date":"2022-11-26T15:54:06","date_gmt":"2022-11-26T14:54:06","guid":{"rendered":"https:\/\/ent2d.ac-bordeaux.fr\/disciplines\/commerce-vente\/?p=3033"},"modified":"2022-11-26T16:04:30","modified_gmt":"2022-11-26T15:04:30","slug":"revue-de-presse-du-27-11","status":"publish","type":"post","link":"https:\/\/ent2d.ac-bordeaux.fr\/disciplines\/commerce-vente\/2022\/11\/26\/revue-de-presse-du-27-11\/","title":{"rendered":"Revue de presse du 27\/11"},"content":{"rendered":"<p style=\"text-align: center\">Quelques articles int\u00e9ressants obtenus gr\u00e2ce \u00e0 l&rsquo;outil <a href=\"https:\/\/www.scoop.it\/\">Scoop it ! :<\/a><\/p>\n<p style=\"text-align: center\">Cliquez sur le logo du m\u00e9dia proposant l&rsquo;article qui vous int\u00e9resse<\/p>\n<p><strong>La citation de la semaine :<\/strong><\/p>\n<blockquote><p>\u201cOn se souvient de la qualit\u00e9 bien plus longtemps que du prix.\u201d &#8211; <strong>Guccio Gucci<\/strong><\/p><\/blockquote>\n<p>&nbsp;<\/p>\n<p>\u200b<\/p>\n<table width=\"628\">\n<tbody>\n<tr>\n<td style=\"text-align: center\">\n<p><div id=\"attachment_1184\" style=\"width: 160px\" class=\"wp-caption aligncenter\"><a href=\"https:\/\/comarketing-news.fr\/2023-annee-de-lempathie-client\/\" target=\"_blank\" rel=\"noopener\"><img loading=\"lazy\" decoding=\"async\" aria-describedby=\"caption-attachment-1184\" class=\"wp-image-1184 size-thumbnail\" src=\"https:\/\/ent2d.ac-bordeaux.fr\/disciplines\/commerce-vente\/wp-content\/uploads\/sites\/15\/2019\/06\/0069-150x150.png\" alt=\"\" width=\"150\" height=\"150\" \/><\/a><p id=\"caption-attachment-1184\" class=\"wp-caption-text\">Aller plus loin dans l&rsquo;exp\u00e9rience client pour 2023<\/p><\/div><\/td>\n<td style=\"text-align: center\">\n<p><div id=\"attachment_1184\" style=\"width: 160px\" class=\"wp-caption aligncenter\"><a href=\"https:\/\/comarketing-news.fr\/fidelite-client-et-inflation-une-affaire-de-prix\/\" target=\"_blank\" rel=\"noopener\"><img loading=\"lazy\" decoding=\"async\" aria-describedby=\"caption-attachment-1184\" class=\"wp-image-1184 size-thumbnail\" src=\"https:\/\/ent2d.ac-bordeaux.fr\/disciplines\/commerce-vente\/wp-content\/uploads\/sites\/15\/2019\/06\/0069-150x150.png\" alt=\"\" width=\"150\" height=\"150\" \/><\/a><p id=\"caption-attachment-1184\" class=\"wp-caption-text\">L&rsquo;inflation remet le prix en premier crit\u00e8re de fid\u00e9lisation<\/p><\/div><\/td>\n<td style=\"text-align: center\">\n<p><div id=\"attachment_1016\" style=\"width: 160px\" class=\"wp-caption aligncenter\"><img loading=\"lazy\" decoding=\"async\" aria-describedby=\"caption-attachment-1016\" class=\"size-thumbnail wp-image-1016\" src=\"https:\/\/ent2d.ac-bordeaux.fr\/disciplines\/commerce-vente\/wp-content\/uploads\/sites\/15\/2019\/03\/005-150x117.jpg\" alt=\"\" width=\"150\" height=\"117\" \/><p id=\"caption-attachment-1016\" class=\"wp-caption-text\">Le site RelationClientMag.fr propose r\u00e9guli\u00e8rement de mettre en avant les innovations de quelques enseignes dans l\u2019exp\u00e9rience client.<\/p><\/div><\/td>\n<\/tr>\n<tr>\n<td style=\"text-align: center\">\n<p><div id=\"attachment_1016\" style=\"width: 160px\" class=\"wp-caption aligncenter\"><a href=\"https:\/\/www.relationclientmag.fr\/Thematique\/strategies-1255\/veille-internationale-2140\/Diaporamas\/Les-10-idees-retail-et-experience-client-21-au-25-376725\/propose-location-vetements-espace-376726.htm\" target=\"_blank\" rel=\"noopener\"><img loading=\"lazy\" decoding=\"async\" aria-describedby=\"caption-attachment-1016\" class=\"wp-image-1016 size-thumbnail\" src=\"https:\/\/ent2d.ac-bordeaux.fr\/disciplines\/commerce-vente\/wp-content\/uploads\/sites\/15\/2019\/03\/005-150x117.jpg\" alt=\"\" width=\"150\" height=\"117\" \/><\/a><p id=\"caption-attachment-1016\" class=\"wp-caption-text\">10 id\u00e9es exp\u00e9rience client<\/p><\/div><\/td>\n<td style=\"text-align: center\">\n<p><div id=\"attachment_1016\" style=\"width: 160px\" class=\"wp-caption aligncenter\"><a href=\"https:\/\/www.relationclientmag.fr\/Thematique\/gouvernance-1253\/prix-distinctions-2145\/Breves\/Palmares-de-la-16eme-edition-elu-Service-Client-de-l-376723.htm\" target=\"_blank\" rel=\"noopener\"><img loading=\"lazy\" decoding=\"async\" aria-describedby=\"caption-attachment-1016\" class=\"wp-image-1016 size-thumbnail\" src=\"https:\/\/ent2d.ac-bordeaux.fr\/disciplines\/commerce-vente\/wp-content\/uploads\/sites\/15\/2019\/03\/005-150x117.jpg\" alt=\"\" width=\"150\" height=\"117\" \/><\/a><p id=\"caption-attachment-1016\" class=\"wp-caption-text\">Qui sont les meilleurs services clients ?<\/p><\/div><\/td>\n<td style=\"text-align: center\">\n<p><div id=\"attachment_2795\" style=\"width: 160px\" class=\"wp-caption aligncenter\"><a href=\"https:\/\/www.olivierdauvers.fr\/2022\/11\/26\/samedi-conso-mon-carnet-retail-mais-pas-que-de-la-semaine-225\/\" target=\"_blank\" rel=\"noopener\"><img loading=\"lazy\" decoding=\"async\" aria-describedby=\"caption-attachment-2795\" class=\"wp-image-2795 size-thumbnail\" src=\"https:\/\/ent2d.ac-bordeaux.fr\/disciplines\/commerce-vente\/wp-content\/uploads\/sites\/15\/2022\/03\/logoOlivierDauvers-150x114.jpg\" alt=\"\" width=\"150\" height=\"114\" \/><\/a><p id=\"caption-attachment-2795\" class=\"wp-caption-text\">Olivier Dauvers a encore eu une semaine bien remplie !<\/p><\/div><\/td>\n<\/tr>\n<tr>\n<td style=\"text-align: center\">\n<p><div id=\"attachment_831\" style=\"width: 160px\" class=\"wp-caption aligncenter\"><a href=\"https:\/\/www.lineaires.com\/la-distribution\/consommation-comment-les-francais-abordent-les-fetes\" target=\"_blank\" rel=\"noopener\"><img loading=\"lazy\" decoding=\"async\" aria-describedby=\"caption-attachment-831\" class=\"wp-image-831 size-thumbnail\" src=\"https:\/\/ent2d.ac-bordeaux.fr\/disciplines\/commerce-vente\/wp-content\/uploads\/sites\/15\/2018\/11\/Lin\u00e9aires-150x150.png\" alt=\"\" width=\"150\" height=\"150\" \/><\/a><p id=\"caption-attachment-831\" class=\"wp-caption-text\">Quelques statistiques sur la consommation en France \u00e0 l&rsquo;approche des f\u00eates<\/p><\/div><\/td>\n<td>\n<div id=\"attachment_860\" style=\"width: 160px\" class=\"wp-caption aligncenter\"><a href=\"https:\/\/www.journaldunet.com\/ebusiness\/commerce\/1517049-comment-offrir-un-veritable-parcours-d-achat-omnicanal-grace-a-l-optimisation-de-l-experience-de-recherche\/\" target=\"_blank\" rel=\"noopener\"><img loading=\"lazy\" decoding=\"async\" aria-describedby=\"caption-attachment-860\" class=\"wp-image-860 size-thumbnail\" src=\"https:\/\/ent2d.ac-bordeaux.fr\/disciplines\/commerce-vente\/wp-content\/uploads\/sites\/15\/2018\/12\/Logo-JDN-150x150.png\" alt=\"\" width=\"150\" height=\"150\" srcset=\"https:\/\/ent2d.ac-bordeaux.fr\/disciplines\/commerce-vente\/wp-content\/uploads\/sites\/15\/2018\/12\/Logo-JDN-150x150.png 150w, https:\/\/ent2d.ac-bordeaux.fr\/disciplines\/commerce-vente\/wp-content\/uploads\/sites\/15\/2018\/12\/Logo-JDN.png 225w\" sizes=\"auto, (max-width: 150px) 100vw, 150px\" \/><\/a><p id=\"caption-attachment-860\" class=\"wp-caption-text\">L&rsquo;IA au service du parcours client<\/p><\/div>\n<div class=\"mceTemp\" style=\"text-align: center\"><\/div>\n<\/td>\n<td style=\"text-align: center\">\n<p><div id=\"attachment_851\" style=\"width: 160px\" class=\"wp-caption aligncenter\"><a href=\"https:\/\/www.larevuedudigital.com\/le-nouvel-entrepot-e-commerce-alimentaire-de-carrefour-destine-a-monter-en-charge\/\" target=\"_blank\" rel=\"noopener\"><img loading=\"lazy\" decoding=\"async\" aria-describedby=\"caption-attachment-851\" class=\"wp-image-851 size-thumbnail\" src=\"https:\/\/ent2d.ac-bordeaux.fr\/disciplines\/commerce-vente\/wp-content\/uploads\/sites\/15\/2018\/11\/logo-la-revue-du-digital-150x150.png\" alt=\"\" width=\"150\" height=\"150\" \/><\/a><p id=\"caption-attachment-851\" class=\"wp-caption-text\">Un nouvel entrep\u00f4t e-commerce alimentaire de Carrefour pour s\u2019adapter aux consommateurs<\/p><\/div><\/td>\n<\/tr>\n<\/tbody>\n<\/table>\n<p>&nbsp;<\/p>\n","protected":false},"excerpt":{"rendered":"<p>Quelques articles int\u00e9ressants obtenus gr\u00e2ce \u00e0 l&rsquo;outil Scoop it ! : Cliquez sur le logo du m\u00e9dia proposant l&rsquo;article qui vous int\u00e9resse La citation de la semaine : \u201cOn se souvient de la qualit\u00e9 bien plus longtemps que du prix.\u201d &#8211; Guccio Gucci &nbsp; \u200b &nbsp;<\/p>\n","protected":false},"author":51,"featured_media":0,"comment_status":"open","ping_status":"open","sticky":false,"template":"","format":"standard","meta":{"_bbp_topic_count":0,"_bbp_reply_count":0,"_bbp_total_topic_count":0,"_bbp_total_reply_count":0,"_bbp_voice_count":0,"_bbp_anonymous_reply_count":0,"_bbp_topic_count_hidden":0,"_bbp_reply_count_hidden":0,"_bbp_forum_subforum_count":0,"footnotes":""},"categories":[26],"tags":[30,42,32,13,14,41,15,36,10,35,40,21,39,38,29,16],"class_list":["post-3033","post","type-post","status-publish","format-standard","hentry","category-revue-de-presse","tag-academie","tag-actu","tag-actualite","tag-bac-pro","tag-baccalaureat","tag-cap-epc","tag-commerce","tag-fmrc","tag-lycee-professionnel","tag-mrc","tag-omnicanalite","tag-pedagogie","tag-presse","tag-revue","tag-revue-de-presse","tag-vente"],"_links":{"self":[{"href":"https:\/\/ent2d.ac-bordeaux.fr\/disciplines\/commerce-vente\/wp-json\/wp\/v2\/posts\/3033","targetHints":{"allow":["GET"]}}],"collection":[{"href":"https:\/\/ent2d.ac-bordeaux.fr\/disciplines\/commerce-vente\/wp-json\/wp\/v2\/posts"}],"about":[{"href":"https:\/\/ent2d.ac-bordeaux.fr\/disciplines\/commerce-vente\/wp-json\/wp\/v2\/types\/post"}],"author":[{"embeddable":true,"href":"https:\/\/ent2d.ac-bordeaux.fr\/disciplines\/commerce-vente\/wp-json\/wp\/v2\/users\/51"}],"replies":[{"embeddable":true,"href":"https:\/\/ent2d.ac-bordeaux.fr\/disciplines\/commerce-vente\/wp-json\/wp\/v2\/comments?post=3033"}],"version-history":[{"count":2,"href":"https:\/\/ent2d.ac-bordeaux.fr\/disciplines\/commerce-vente\/wp-json\/wp\/v2\/posts\/3033\/revisions"}],"predecessor-version":[{"id":3035,"href":"https:\/\/ent2d.ac-bordeaux.fr\/disciplines\/commerce-vente\/wp-json\/wp\/v2\/posts\/3033\/revisions\/3035"}],"wp:attachment":[{"href":"https:\/\/ent2d.ac-bordeaux.fr\/disciplines\/commerce-vente\/wp-json\/wp\/v2\/media?parent=3033"}],"wp:term":[{"taxonomy":"category","embeddable":true,"href":"https:\/\/ent2d.ac-bordeaux.fr\/disciplines\/commerce-vente\/wp-json\/wp\/v2\/categories?post=3033"},{"taxonomy":"post_tag","embeddable":true,"href":"https:\/\/ent2d.ac-bordeaux.fr\/disciplines\/commerce-vente\/wp-json\/wp\/v2\/tags?post=3033"}],"curies":[{"name":"wp","href":"https:\/\/api.w.org\/{rel}","templated":true}]}}