{"id":2994,"date":"2022-09-29T13:32:55","date_gmt":"2022-09-29T11:32:55","guid":{"rendered":"https:\/\/ent2d.ac-bordeaux.fr\/disciplines\/commerce-vente\/?p=2994"},"modified":"2022-12-03T16:01:01","modified_gmt":"2022-12-03T15:01:01","slug":"antoine-lomet-suite-a-un-projet-qui-a-du-sens","status":"publish","type":"post","link":"https:\/\/ent2d.ac-bordeaux.fr\/disciplines\/commerce-vente\/2022\/09\/29\/antoine-lomet-suite-a-un-projet-qui-a-du-sens\/","title":{"rendered":"Antoine Lomet : Suite \u00e0 un projet qui a du sens"},"content":{"rendered":"<p>Merci \u00e0 Karima Laghdas, auteure de l&rsquo;article ci-dessous, qui partage avec nous un projet ambitieux men\u00e9 par des \u00e9l\u00e8ves en bac pro MA :<\/p>\n<blockquote>\n<div dir=\"auto\"><span style=\"font-size: 12pt\"><strong>De la spirale du smartphone \u00e0 la Detox Solidaire<\/strong><\/span><\/div>\n<div dir=\"auto\"><\/div>\n<div dir=\"auto\"><span style=\"font-size: 10pt\">Le projet chef d&rsquo;oeuvre des bac pro MA session 2022, #laspriraledusmartphone a confirm\u00e9, par le biais de la Grande enqu\u00eate sur les r\u00e9seaux sociaux,\u00a0 un constat alarmant : l&rsquo;addiction aux r\u00e9seaux sociaux&#8230;<\/span><\/div>\n<div dir=\"auto\"><\/div>\n<div dir=\"auto\"><span style=\"font-size: 10pt\">Nous avions \u00e9galement d\u00e9couvert un nouveau mot : Nomophobie (No mobile phone phobia) c&rsquo;est \u00e0 dire la peur de vivre sans son t\u00e9l\u00e9phone.\ud83e\udd33<\/span><\/div>\n<div dir=\"auto\"><\/div>\n<div dir=\"auto\"><span style=\"font-size: 10pt\">L&rsquo;id\u00e9e est alors venue de proposer au bac pro MA de continuer ce projet en lien avec le Smartphone. Les autres \u00e9tablissements et partenaires ont ensuite d\u00e9cid\u00e9 de travailler \u00e9galement sur les diff\u00e9rents types d&rsquo;addictions avec l&rsquo;aide d&rsquo;associations, de psy, d&rsquo;infirmi\u00e8res, d&rsquo;intervenants sp\u00e9cialis\u00e9s sur ces sujets &#8230;.<\/span><\/div>\n<div dir=\"auto\"><\/div>\n<div dir=\"auto\"><span style=\"font-size: 10pt\">Vous trouverez ci-joint la rencontre des 150 co-cr\u00e9ateurs et co-creatrices, dont 4 coll\u00e8ges, 2 lyc\u00e9es professionnels et des associations, r\u00e9unis pour co-cr\u00e9er un dispositif de sensibilisation aux addictions afin de proposer des Kits de d\u00e9tox.<\/span><\/div>\n<\/blockquote>\n<div dir=\"auto\"><a href=\"https:\/\/ent2d.ac-bordeaux.fr\/disciplines\/commerce-vente\/wp-content\/uploads\/sites\/15\/2022\/09\/CR-lancement-chef-doeuvre-Detox-solidaire-LP-Lomet.pdf\">Compte rendu du lancement du projet \u00ab\u00a0detox solidaire\u00a0\u00bb<\/a><\/div>\n<blockquote>\n<div dir=\"auto\"><\/div>\n<div dir=\"auto\"><span style=\"font-size: 10pt\">La phase de co-creation a \u00e9t\u00e9 lanc\u00e9e, ce mardi 20 septembre, pour inventer des d\u00e9fis et challenges sur les th\u00e8mes suivants :\u00a0<\/span><\/div>\n<div dir=\"auto\"><span style=\"font-size: 10pt\">&#8211; \u00e9conomies d&rsquo;\u00e9nergie, sobri\u00e9t\u00e9 \u00e9nerg\u00e9tique<\/span><\/div>\n<div dir=\"auto\"><span style=\"font-size: 10pt\">&#8211; surconsommation, achat compulsif<\/span><\/div>\n<div dir=\"auto\"><span style=\"font-size: 10pt\">&#8211; impact des \u00e9crans sur le sommeil<\/span><\/div>\n<div dir=\"auto\"><span style=\"font-size: 10pt\">&#8211; centre de d\u00e9tox pour smartphone en classe&#8230;<\/span><\/div>\n<div dir=\"auto\"><\/div>\n<div dir=\"auto\"><span style=\"font-size: 10pt\">Ces d\u00e9fis et challenges seront propos\u00e9s par les ambassadeurs et ambassadrices, cr\u00e9\u00e9s par et pour des coll\u00e9giens et des lyc\u00e9ens \u00e0 l&rsquo;aide de techniques d&rsquo;animation, d&rsquo;\u00e9v\u00e9nementiels :\u00a0<\/span><\/div>\n<div dir=\"auto\"><span style=\"font-size: 10pt\">&#8211; vid\u00e9o sur les m\u00e9canismes d&rsquo;addictions sur le cerveau\ud83e\udde0<\/span><\/div>\n<div dir=\"auto\"><span style=\"font-size: 10pt\">&#8211; jeu mobile : la roue des addictions\u00a0<\/span><\/div>\n<div dir=\"auto\"><\/div>\n<div dir=\"auto\"><\/div>\n<div dir=\"auto\"><span style=\"font-size: 10pt\">Ce projet collaboratif a pour objectif principal de d\u00e9veloppement durable parmi les 17 ODD : Bien \u00eatre &amp; Sant\u00e9 mentale.\u00a0<\/span><br \/>\n<span style=\"font-size: 10pt\"><img decoding=\"async\" src=\"https:\/\/c.tenor.com\/HHoJjHP9lakAAAAM\/ods.gif\" \/><\/span><\/div>\n<div dir=\"auto\"><\/div>\n<div dir=\"auto\"><span style=\"font-size: 10pt\">\u00c0 ce propos, un article et une \u00e9mission sur cette nouvelle pathologie :\u00a0<\/span><\/div>\n<div dir=\"auto\">\n<div dir=\"auto\"><span style=\"font-size: 10pt\">L\u2019ENFERMEMENT MENTAL par Sabine Duflo, psychologue\u00a0<\/span><\/div>\n<div dir=\"auto\"><span style=\"font-size: 10pt\"><a href=\"https:\/\/tinyurl.com\/Enfermentmental\" target=\"_blank\" rel=\"noopener\">https:\/\/tinyurl.com\/Enfermentmental<\/a><\/span><\/div>\n<div dir=\"auto\"><\/div>\n<div dir=\"auto\"><span style=\"font-size: 10pt\">Si vous avez des questions ou besoin d&rsquo;informations compl\u00e9mentaires, n&rsquo;h\u00e9sitez pas \u00e0 nous contacter <a class=\"mailto-link\" href=\"mailto:lyceensdelomet@gmail.com\" target=\"_blank\" rel=\"noopener\">lyceensdelomet@gmail.com<\/a>.<\/span><\/div>\n<\/div>\n<div dir=\"auto\"><\/div>\n<div dir=\"auto\"><span style=\"font-size: 10pt\">Prochaine \u00e9tape la phase de r\u00e9alisation,<\/span><\/div>\n<div dir=\"auto\"><span style=\"font-size: 10pt\">\u00c0 bient\u00f4t pour une D\u00e9tox Solidaire\u00a0<\/span><\/div>\n<\/blockquote>\n<div dir=\"auto\">Suite du projet : Un article de Sud Ouest pour mettre en avant le travail des \u00e9l\u00e8ves (et de leurs enseignants) &#8211; Cliquez sur la photo pour acc\u00e9der \u00e0 l&rsquo;article.<\/div>\n<div dir=\"auto\"><a href=\"https:\/\/ent2d.ac-bordeaux.fr\/disciplines\/commerce-vente\/wp-content\/uploads\/sites\/15\/2022\/09\/Document-16.pdf\" target=\"_blank\" rel=\"noopener\"><img loading=\"lazy\" decoding=\"async\" class=\"aligncenter wp-image-3049 size-medium\" src=\"https:\/\/ent2d.ac-bordeaux.fr\/disciplines\/commerce-vente\/wp-content\/uploads\/sites\/15\/2022\/09\/lomet-300x215.jpg\" alt=\"\" width=\"300\" height=\"215\" srcset=\"https:\/\/ent2d.ac-bordeaux.fr\/disciplines\/commerce-vente\/wp-content\/uploads\/sites\/15\/2022\/09\/lomet-300x215.jpg 300w, https:\/\/ent2d.ac-bordeaux.fr\/disciplines\/commerce-vente\/wp-content\/uploads\/sites\/15\/2022\/09\/lomet.jpg 699w\" sizes=\"auto, (max-width: 300px) 100vw, 300px\" \/><\/a><\/div>\n","protected":false},"excerpt":{"rendered":"<p>Merci \u00e0 Karima Laghdas, auteure de l&rsquo;article ci-dessous, qui partage avec nous un projet ambitieux men\u00e9 par des \u00e9l\u00e8ves en bac pro MA : De la spirale du smartphone \u00e0 la Detox Solidaire Le projet chef d&rsquo;oeuvre des bac pro MA session 2022, #laspriraledusmartphone a confirm\u00e9, par le biais de la Grande enqu\u00eate sur les &hellip; <\/p>\n<p><a class=\"more-link block-button\" href=\"https:\/\/ent2d.ac-bordeaux.fr\/disciplines\/commerce-vente\/2022\/09\/29\/antoine-lomet-suite-a-un-projet-qui-a-du-sens\/\">Lire la Suite &raquo;<\/a><\/p>\n","protected":false},"author":51,"featured_media":0,"comment_status":"open","ping_status":"open","sticky":true,"template":"","format":"standard","meta":{"_bbp_topic_count":0,"_bbp_reply_count":0,"_bbp_total_topic_count":0,"_bbp_total_reply_count":0,"_bbp_voice_count":0,"_bbp_anonymous_reply_count":0,"_bbp_topic_count_hidden":0,"_bbp_reply_count_hidden":0,"_bbp_forum_subforum_count":0,"footnotes":""},"categories":[19],"tags":[],"class_list":["post-2994","post","type-post","status-publish","format-standard","hentry","category-activites-et-actions-pedagogiques"],"_links":{"self":[{"href":"https:\/\/ent2d.ac-bordeaux.fr\/disciplines\/commerce-vente\/wp-json\/wp\/v2\/posts\/2994","targetHints":{"allow":["GET"]}}],"collection":[{"href":"https:\/\/ent2d.ac-bordeaux.fr\/disciplines\/commerce-vente\/wp-json\/wp\/v2\/posts"}],"about":[{"href":"https:\/\/ent2d.ac-bordeaux.fr\/disciplines\/commerce-vente\/wp-json\/wp\/v2\/types\/post"}],"author":[{"embeddable":true,"href":"https:\/\/ent2d.ac-bordeaux.fr\/disciplines\/commerce-vente\/wp-json\/wp\/v2\/users\/51"}],"replies":[{"embeddable":true,"href":"https:\/\/ent2d.ac-bordeaux.fr\/disciplines\/commerce-vente\/wp-json\/wp\/v2\/comments?post=2994"}],"version-history":[{"count":3,"href":"https:\/\/ent2d.ac-bordeaux.fr\/disciplines\/commerce-vente\/wp-json\/wp\/v2\/posts\/2994\/revisions"}],"predecessor-version":[{"id":3050,"href":"https:\/\/ent2d.ac-bordeaux.fr\/disciplines\/commerce-vente\/wp-json\/wp\/v2\/posts\/2994\/revisions\/3050"}],"wp:attachment":[{"href":"https:\/\/ent2d.ac-bordeaux.fr\/disciplines\/commerce-vente\/wp-json\/wp\/v2\/media?parent=2994"}],"wp:term":[{"taxonomy":"category","embeddable":true,"href":"https:\/\/ent2d.ac-bordeaux.fr\/disciplines\/commerce-vente\/wp-json\/wp\/v2\/categories?post=2994"},{"taxonomy":"post_tag","embeddable":true,"href":"https:\/\/ent2d.ac-bordeaux.fr\/disciplines\/commerce-vente\/wp-json\/wp\/v2\/tags?post=2994"}],"curies":[{"name":"wp","href":"https:\/\/api.w.org\/{rel}","templated":true}]}}