{"id":2948,"date":"2022-06-19T13:29:17","date_gmt":"2022-06-19T11:29:17","guid":{"rendered":"https:\/\/ent2d.ac-bordeaux.fr\/disciplines\/commerce-vente\/?p=2948"},"modified":"2022-06-19T13:29:17","modified_gmt":"2022-06-19T11:29:17","slug":"revue-de-presse-du-19-06-22","status":"publish","type":"post","link":"https:\/\/ent2d.ac-bordeaux.fr\/disciplines\/commerce-vente\/2022\/06\/19\/revue-de-presse-du-19-06-22\/","title":{"rendered":"Revue de presse du 19\/06\/22"},"content":{"rendered":"<p>Quelques articles int\u00e9ressants obtenus gr\u00e2ce \u00e0 l&rsquo;outil <a href=\"https:\/\/www.scoop.it\/\">Scoop it ! :<\/a><\/p>\n<p>Cliquez sur le logo du m\u00e9dia proposant l&rsquo;article qui vous int\u00e9resse<\/p>\n<p><strong>La citation de la semaine :<\/strong><\/p>\n<blockquote><p><span id=\"hs_cos_wrapper_post_body\" class=\"hs_cos_wrapper hs_cos_wrapper_meta_field hs_cos_wrapper_type_rich_text\" data-hs-cos-general-type=\"meta_field\" data-hs-cos-type=\"rich_text\"><em>\u00ab Si vous pensez que vous \u00eates trop petit pour changer quelque chose, essayez donc de dormir avec un moustique dans votre chambre et vous verrez lequel des deux emp\u00eache l\u2019autre de dormir \u00bb<\/em><\/span><strong><span id=\"hs_cos_wrapper_post_body\" class=\"hs_cos_wrapper hs_cos_wrapper_meta_field hs_cos_wrapper_type_rich_text\" data-hs-cos-general-type=\"meta_field\" data-hs-cos-type=\"rich_text\"> &#8211; Dala\u00ef Lama<\/span><\/strong><cite><\/cite><\/p>\n<p>&nbsp;<\/p><\/blockquote>\n<p>\u200b<\/p>\n<table width=\"628\">\n<tbody>\n<tr>\n<td style=\"text-align: center\">\n<p><div id=\"attachment_2788\" style=\"width: 160px\" class=\"wp-caption aligncenter\"><a href=\"https:\/\/www.blogdumoderateur.com\/chiffres-cles-e-commerce-2022-taux-conversion-panier-moyen-pages-vues-session\/\" target=\"_blank\" rel=\"noopener\"><img loading=\"lazy\" decoding=\"async\" aria-describedby=\"caption-attachment-2788\" class=\"wp-image-2788 size-thumbnail\" src=\"https:\/\/ent2d.ac-bordeaux.fr\/disciplines\/commerce-vente\/wp-content\/uploads\/sites\/15\/2022\/03\/bdm-150x150.jpg\" alt=\"\" width=\"150\" height=\"150\" srcset=\"https:\/\/ent2d.ac-bordeaux.fr\/disciplines\/commerce-vente\/wp-content\/uploads\/sites\/15\/2022\/03\/bdm-150x150.jpg 150w, https:\/\/ent2d.ac-bordeaux.fr\/disciplines\/commerce-vente\/wp-content\/uploads\/sites\/15\/2022\/03\/bdm.jpg 200w\" sizes=\"auto, (max-width: 150px) 100vw, 150px\" \/><\/a><p id=\"caption-attachment-2788\" class=\"wp-caption-text\">Enqu\u00eate : Les derniers chiffres du e-commerce<\/p><\/div><\/td>\n<td style=\"text-align: center\">\n<p><div id=\"attachment_851\" style=\"width: 160px\" class=\"wp-caption aligncenter\"><a href=\"https:\/\/www.larevuedudigital.com\/renault-digitalise-la-maintenance-auto-toutes-marques-en-achetant-la-plateforme-fixter\/\" target=\"_blank\" rel=\"noopener\"><img loading=\"lazy\" decoding=\"async\" aria-describedby=\"caption-attachment-851\" class=\"wp-image-851 size-thumbnail\" src=\"https:\/\/ent2d.ac-bordeaux.fr\/disciplines\/commerce-vente\/wp-content\/uploads\/sites\/15\/2018\/11\/logo-la-revue-du-digital-150x150.png\" alt=\"\" width=\"150\" height=\"150\" \/><\/a><p id=\"caption-attachment-851\" class=\"wp-caption-text\">Pour optimiser son SAV, Renault s&#8217;empare de Fixter<\/p><\/div><\/td>\n<td style=\"text-align: center\">\n<p><div id=\"attachment_1184\" style=\"width: 160px\" class=\"wp-caption aligncenter\"><a href=\"https:\/\/comarketing-news.fr\/partout-tout-le-temps-bienvenue-dans-lere-du-consommateur-connecte\/\" target=\"_blank\" rel=\"noopener\"><img loading=\"lazy\" decoding=\"async\" aria-describedby=\"caption-attachment-1184\" class=\"wp-image-1184 size-thumbnail\" src=\"https:\/\/ent2d.ac-bordeaux.fr\/disciplines\/commerce-vente\/wp-content\/uploads\/sites\/15\/2019\/06\/0069-150x150.png\" alt=\"\" width=\"150\" height=\"150\" \/><\/a><p id=\"caption-attachment-1184\" class=\"wp-caption-text\">Quelques donn\u00e9es sur le consommateur connect\u00e9<\/p><\/div><\/td>\n<\/tr>\n<tr>\n<td>\n<p><div id=\"attachment_1184\" style=\"width: 160px\" class=\"wp-caption aligncenter\"><a href=\"https:\/\/comarketing-news.fr\/rse-un-chantier-complexe-a-mettre-en-oeuvre-pour-le-marketing\/\" target=\"_blank\" rel=\"noopener\"><img loading=\"lazy\" decoding=\"async\" aria-describedby=\"caption-attachment-1184\" class=\"wp-image-1184 size-thumbnail\" src=\"https:\/\/ent2d.ac-bordeaux.fr\/disciplines\/commerce-vente\/wp-content\/uploads\/sites\/15\/2019\/06\/0069-150x150.png\" alt=\"\" width=\"150\" height=\"150\" \/><\/a><p id=\"caption-attachment-1184\" class=\"wp-caption-text\">La RSE : Difficile mise en place dans les services marketing<\/p><\/div><\/td>\n<td style=\"text-align: center\">\n<p><div id=\"attachment_829\" style=\"width: 160px\" class=\"wp-caption aligncenter\"><a href=\"https:\/\/www.lsa-conso.fr\/les-experiences-virtuelles-a-vivre-a-vivatech,413996\" target=\"_blank\" rel=\"noopener\"><img loading=\"lazy\" decoding=\"async\" aria-describedby=\"caption-attachment-829\" class=\"wp-image-829 size-thumbnail\" src=\"https:\/\/ent2d.ac-bordeaux.fr\/disciplines\/commerce-vente\/wp-content\/uploads\/sites\/15\/2018\/11\/LSA-150x150.png\" alt=\"\" width=\"150\" height=\"150\" \/><\/a><p id=\"caption-attachment-829\" class=\"wp-caption-text\">Les derni\u00e8res innovations digitales de l\u2019exp\u00e9rience client au salon Vivatech<\/p><\/div><\/td>\n<td style=\"text-align: center\">\n<p><div id=\"attachment_829\" style=\"width: 160px\" class=\"wp-caption aligncenter\"><a href=\"https:\/\/www.lsa-conso.fr\/metavers-un-marche-potentiel-de-5-000-milliards-de-dollars-d-ici-2030-selon-mckinsey,413901\" target=\"_blank\" rel=\"noopener\"><img loading=\"lazy\" decoding=\"async\" aria-describedby=\"caption-attachment-829\" class=\"wp-image-829 size-thumbnail\" src=\"https:\/\/ent2d.ac-bordeaux.fr\/disciplines\/commerce-vente\/wp-content\/uploads\/sites\/15\/2018\/11\/LSA-150x150.png\" alt=\"\" width=\"150\" height=\"150\" \/><\/a><p id=\"caption-attachment-829\" class=\"wp-caption-text\">Quel avenir sur le march\u00e9 pour le Metaverse ?<\/p><\/div><\/td>\n<\/tr>\n<tr>\n<td style=\"text-align: center\">\n<p><div id=\"attachment_1184\" style=\"width: 160px\" class=\"wp-caption aligncenter\"><img loading=\"lazy\" decoding=\"async\" aria-describedby=\"caption-attachment-1184\" class=\"wp-image-1184 size-thumbnail\" src=\"https:\/\/ent2d.ac-bordeaux.fr\/disciplines\/commerce-vente\/wp-content\/uploads\/sites\/15\/2019\/06\/0069-150x150.png\" alt=\"\" width=\"150\" height=\"150\" \/><p id=\"caption-attachment-1184\" class=\"wp-caption-text\">INFOGRAPHIES : Le quick-commerce montre t il d\u00e9j\u00e0 ses limites ?<\/p><\/div><\/td>\n<td>\n<div class=\"mceTemp\" style=\"text-align: center\"><\/div>\n<p><div id=\"attachment_1184\" style=\"width: 160px\" class=\"wp-caption aligncenter\"><a href=\"https:\/\/comarketing-news.fr\/pour-les-commercants-le-digital-nest-plus-une-option\/\" target=\"_blank\" rel=\"noopener\"><img loading=\"lazy\" decoding=\"async\" aria-describedby=\"caption-attachment-1184\" class=\"wp-image-1184 size-thumbnail\" src=\"https:\/\/ent2d.ac-bordeaux.fr\/disciplines\/commerce-vente\/wp-content\/uploads\/sites\/15\/2019\/06\/0069-150x150.png\" alt=\"\" width=\"150\" height=\"150\" \/><\/a><p id=\"caption-attachment-1184\" class=\"wp-caption-text\">INFOGRAPHIES : Le commerce ne peut plus se passer un digital !<\/p><\/div><\/td>\n<td style=\"text-align: center\">\n<p><div id=\"attachment_916\" style=\"width: 160px\" class=\"wp-caption aligncenter\"><a href=\"https:\/\/fr.fashionnetwork.com\/news\/Mango-deploie-sa-strategie-d-expansion-en-france,1413946.html\" target=\"_blank\" rel=\"noopener\"><img loading=\"lazy\" decoding=\"async\" aria-describedby=\"caption-attachment-916\" class=\"wp-image-916 size-thumbnail\" src=\"https:\/\/ent2d.ac-bordeaux.fr\/disciplines\/commerce-vente\/wp-content\/uploads\/sites\/15\/2019\/01\/fashnet-150x150.jpg\" alt=\"\" width=\"150\" height=\"150\" \/><\/a><p id=\"caption-attachment-916\" class=\"wp-caption-text\">Mango : La reconqu\u00eate du march\u00e9 fran\u00e7ais<\/p><\/div><\/td>\n<\/tr>\n<\/tbody>\n<\/table>\n<p>\u200b<\/p>\n","protected":false},"excerpt":{"rendered":"<p>Quelques articles int\u00e9ressants obtenus gr\u00e2ce \u00e0 l&rsquo;outil Scoop it ! : Cliquez sur le logo du m\u00e9dia proposant l&rsquo;article qui vous int\u00e9resse La citation de la semaine : \u00ab Si vous pensez que vous \u00eates trop petit pour changer quelque chose, essayez donc de dormir avec un moustique dans votre chambre et vous verrez lequel &hellip; <\/p>\n<p><a class=\"more-link block-button\" href=\"https:\/\/ent2d.ac-bordeaux.fr\/disciplines\/commerce-vente\/2022\/06\/19\/revue-de-presse-du-19-06-22\/\">Lire la Suite &raquo;<\/a><\/p>\n","protected":false},"author":51,"featured_media":0,"comment_status":"open","ping_status":"open","sticky":false,"template":"","format":"standard","meta":{"_bbp_topic_count":0,"_bbp_reply_count":0,"_bbp_total_topic_count":0,"_bbp_total_reply_count":0,"_bbp_voice_count":0,"_bbp_anonymous_reply_count":0,"_bbp_topic_count_hidden":0,"_bbp_reply_count_hidden":0,"_bbp_forum_subforum_count":0,"footnotes":""},"categories":[26],"tags":[30,13,14,41,15,36,10,34,35,9,33,21,39,38,29,16],"class_list":["post-2948","post","type-post","status-publish","format-standard","hentry","category-revue-de-presse","tag-academie","tag-bac-pro","tag-baccalaureat","tag-cap-epc","tag-commerce","tag-fmrc","tag-lycee-professionnel","tag-mcv","tag-mrc","tag-nouveaute","tag-omnicanal","tag-pedagogie","tag-presse","tag-revue","tag-revue-de-presse","tag-vente"],"_links":{"self":[{"href":"https:\/\/ent2d.ac-bordeaux.fr\/disciplines\/commerce-vente\/wp-json\/wp\/v2\/posts\/2948","targetHints":{"allow":["GET"]}}],"collection":[{"href":"https:\/\/ent2d.ac-bordeaux.fr\/disciplines\/commerce-vente\/wp-json\/wp\/v2\/posts"}],"about":[{"href":"https:\/\/ent2d.ac-bordeaux.fr\/disciplines\/commerce-vente\/wp-json\/wp\/v2\/types\/post"}],"author":[{"embeddable":true,"href":"https:\/\/ent2d.ac-bordeaux.fr\/disciplines\/commerce-vente\/wp-json\/wp\/v2\/users\/51"}],"replies":[{"embeddable":true,"href":"https:\/\/ent2d.ac-bordeaux.fr\/disciplines\/commerce-vente\/wp-json\/wp\/v2\/comments?post=2948"}],"version-history":[{"count":1,"href":"https:\/\/ent2d.ac-bordeaux.fr\/disciplines\/commerce-vente\/wp-json\/wp\/v2\/posts\/2948\/revisions"}],"predecessor-version":[{"id":2949,"href":"https:\/\/ent2d.ac-bordeaux.fr\/disciplines\/commerce-vente\/wp-json\/wp\/v2\/posts\/2948\/revisions\/2949"}],"wp:attachment":[{"href":"https:\/\/ent2d.ac-bordeaux.fr\/disciplines\/commerce-vente\/wp-json\/wp\/v2\/media?parent=2948"}],"wp:term":[{"taxonomy":"category","embeddable":true,"href":"https:\/\/ent2d.ac-bordeaux.fr\/disciplines\/commerce-vente\/wp-json\/wp\/v2\/categories?post=2948"},{"taxonomy":"post_tag","embeddable":true,"href":"https:\/\/ent2d.ac-bordeaux.fr\/disciplines\/commerce-vente\/wp-json\/wp\/v2\/tags?post=2948"}],"curies":[{"name":"wp","href":"https:\/\/api.w.org\/{rel}","templated":true}]}}