{"id":2932,"date":"2022-06-04T14:28:10","date_gmt":"2022-06-04T12:28:10","guid":{"rendered":"https:\/\/ent2d.ac-bordeaux.fr\/disciplines\/commerce-vente\/?p=2932"},"modified":"2022-06-04T14:29:55","modified_gmt":"2022-06-04T12:29:55","slug":"finalisation-de-chefs-doeuvre-a-lomet","status":"publish","type":"post","link":"https:\/\/ent2d.ac-bordeaux.fr\/disciplines\/commerce-vente\/2022\/06\/04\/finalisation-de-chefs-doeuvre-a-lomet\/","title":{"rendered":"chef d\u2019\u0153uvre et projets \u00e0 Lomet"},"content":{"rendered":"<p>Karima Laghdas, enseignante au lyc\u00e9e professionnel Antoine Lomet \u00e0 Agent, partage avec vous les r\u00e9sultats de ses diff\u00e9rents projets men\u00e9s de main de ma\u00eetre par les \u00e9l\u00e8ves :<\/p>\n<p>1- Pour conclure la grande enqu\u00eate acad\u00e9mique men\u00e9e par les \u00e9l\u00e8ves de terminale bac pro MA sur les r\u00e9seaux sociaux et leur utilisation, les enseignants et les \u00e9l\u00e8ves vous proposent de retrouver une synth\u00e8se des r\u00e9sultats dans le fichier joint ci-dessous :<\/p>\n<p style=\"text-align: center\"><a href=\"https:\/\/ent2d.ac-bordeaux.fr\/disciplines\/commerce-vente\/wp-content\/uploads\/sites\/15\/2022\/06\/Affiches-TMA-exposition-enquete-sur-les-reseaux-sociaux.pdf\" target=\"_blank\" rel=\"noopener\"><img loading=\"lazy\" decoding=\"async\" class=\"aligncenter wp-image-2934 size-medium\" src=\"https:\/\/ent2d.ac-bordeaux.fr\/disciplines\/commerce-vente\/wp-content\/uploads\/sites\/15\/2022\/06\/enquete-reseaux-sociaux-300x168.gif\" alt=\"\" width=\"300\" height=\"168\" srcset=\"https:\/\/ent2d.ac-bordeaux.fr\/disciplines\/commerce-vente\/wp-content\/uploads\/sites\/15\/2022\/06\/enquete-reseaux-sociaux-300x168.gif 300w, https:\/\/ent2d.ac-bordeaux.fr\/disciplines\/commerce-vente\/wp-content\/uploads\/sites\/15\/2022\/06\/enquete-reseaux-sociaux-768x430.gif 768w\" sizes=\"auto, (max-width: 300px) 100vw, 300px\" \/><\/a><\/p>\n<p>2- Les \u00e9l\u00e8ves de premi\u00e8re bac pro M\u00e9tier de l&rsquo;accueil partagent \u00e9galement avec nous les r\u00e9sultats des projets de leur ann\u00e9e scolaire :<\/p>\n<blockquote>\n<div dir=\"auto\"><\/div>\n<div dir=\"auto\">Bonjour\u00a0 nous sommes en premi\u00e8re ann\u00e9e baccalaur\u00e9at professionnel des m\u00e9tiers de l\u2019accueil au lyc\u00e9e Antoine Lomet.<\/div>\n<div dir=\"auto\"><\/div>\n<div dir=\"auto\">\u00a0Nous allons vous pr\u00e9senter La fresque solidaire imagin\u00e9e par notre classe en Co-interventions avec Monsieur Le bail et Mme Laghdas et dessin\u00e9e par capucine, l&rsquo;illustratrice, sous la Direction de Monsieur Ma\u00eetre, Proviseur du lyc\u00e9e professionnel Antoine Lomet.<\/div>\n<div dir=\"auto\"><\/div>\n<div dir=\"auto\">Dans le cadre de notre projet chef d\u2019\u0153uvre nous avons cr\u00e9\u00e9 une agence de communication \u00e9v\u00e9nementielle qui s\u2019intitule soli\u2019start, pour valoriser les diff\u00e9rentes actions solidaires r\u00e9alis\u00e9es par les lyc\u00e9ens de Lomet depuis quelques ann\u00e9es en collaboration avec les associations du collectif SI 47.<\/div>\n<div dir=\"auto\"><\/div>\n<div dir=\"auto\">Avant de r\u00e9aliser la fresque solidaire nous avons effectu\u00e9 diff\u00e9rentes recherches et interviews. Chaque groupe a choisi un th\u00e8me :<\/div>\n<div dir=\"auto\"><\/div>\n<div dir=\"auto\">\u00c9galit\u00e9 homme-femme<\/div>\n<div dir=\"auto\">Zone anti pr\u00e9jug\u00e9s<\/div>\n<div dir=\"auto\">Qui a tu\u00e9 Ga\u00efa ?<\/div>\n<div dir=\"auto\">#laspiraledusmartphone<\/div>\n<\/blockquote>\n<p><img loading=\"lazy\" decoding=\"async\" class=\"shrinkToFit aligncenter\" src=\"https:\/\/courrier.ac-bordeaux.fr\/iwc\/svc\/wmap\/attach\/IMG_20220523_162915.jpg?token=uC81GlmHRP&amp;mbox=INBOX&amp;uid=8445&amp;number=4&amp;type=image&amp;subtype=jpeg&amp;pi=mail_attachment&amp;process=html%2Cjs%2Clink%2Ctarget%2Cbinhex\" alt=\"https:\/\/courrier.ac-bordeaux.fr\/iwc\/svc\/wmap\/attach\/IMG_20220523_162915.jpg?token=uC81GlmHRP&amp;mbox=INBOX&amp;uid=8445&amp;number=4&amp;type=image&amp;subtype=jpeg&amp;pi=mail_attachment&amp;process=html%2Cjs%2Clink%2Ctarget%2Cbinhex\" width=\"460\" height=\"345\" \/><\/p>\n","protected":false},"excerpt":{"rendered":"<p>Karima Laghdas, enseignante au lyc\u00e9e professionnel Antoine Lomet \u00e0 Agent, partage avec vous les r\u00e9sultats de ses diff\u00e9rents projets men\u00e9s de main de ma\u00eetre par les \u00e9l\u00e8ves : 1- Pour conclure la grande enqu\u00eate acad\u00e9mique men\u00e9e par les \u00e9l\u00e8ves de terminale bac pro MA sur les r\u00e9seaux sociaux et leur utilisation, les enseignants et les &hellip; <\/p>\n<p><a class=\"more-link block-button\" href=\"https:\/\/ent2d.ac-bordeaux.fr\/disciplines\/commerce-vente\/2022\/06\/04\/finalisation-de-chefs-doeuvre-a-lomet\/\">Lire la Suite &raquo;<\/a><\/p>\n","protected":false},"author":51,"featured_media":0,"comment_status":"open","ping_status":"open","sticky":false,"template":"","format":"standard","meta":{"_bbp_topic_count":0,"_bbp_reply_count":0,"_bbp_total_topic_count":0,"_bbp_total_reply_count":0,"_bbp_voice_count":0,"_bbp_anonymous_reply_count":0,"_bbp_topic_count_hidden":0,"_bbp_reply_count_hidden":0,"_bbp_forum_subforum_count":0,"footnotes":""},"categories":[19],"tags":[],"class_list":["post-2932","post","type-post","status-publish","format-standard","hentry","category-activites-et-actions-pedagogiques"],"_links":{"self":[{"href":"https:\/\/ent2d.ac-bordeaux.fr\/disciplines\/commerce-vente\/wp-json\/wp\/v2\/posts\/2932","targetHints":{"allow":["GET"]}}],"collection":[{"href":"https:\/\/ent2d.ac-bordeaux.fr\/disciplines\/commerce-vente\/wp-json\/wp\/v2\/posts"}],"about":[{"href":"https:\/\/ent2d.ac-bordeaux.fr\/disciplines\/commerce-vente\/wp-json\/wp\/v2\/types\/post"}],"author":[{"embeddable":true,"href":"https:\/\/ent2d.ac-bordeaux.fr\/disciplines\/commerce-vente\/wp-json\/wp\/v2\/users\/51"}],"replies":[{"embeddable":true,"href":"https:\/\/ent2d.ac-bordeaux.fr\/disciplines\/commerce-vente\/wp-json\/wp\/v2\/comments?post=2932"}],"version-history":[{"count":3,"href":"https:\/\/ent2d.ac-bordeaux.fr\/disciplines\/commerce-vente\/wp-json\/wp\/v2\/posts\/2932\/revisions"}],"predecessor-version":[{"id":2937,"href":"https:\/\/ent2d.ac-bordeaux.fr\/disciplines\/commerce-vente\/wp-json\/wp\/v2\/posts\/2932\/revisions\/2937"}],"wp:attachment":[{"href":"https:\/\/ent2d.ac-bordeaux.fr\/disciplines\/commerce-vente\/wp-json\/wp\/v2\/media?parent=2932"}],"wp:term":[{"taxonomy":"category","embeddable":true,"href":"https:\/\/ent2d.ac-bordeaux.fr\/disciplines\/commerce-vente\/wp-json\/wp\/v2\/categories?post=2932"},{"taxonomy":"post_tag","embeddable":true,"href":"https:\/\/ent2d.ac-bordeaux.fr\/disciplines\/commerce-vente\/wp-json\/wp\/v2\/tags?post=2932"}],"curies":[{"name":"wp","href":"https:\/\/api.w.org\/{rel}","templated":true}]}}