{"id":2147,"date":"2020-11-21T15:09:51","date_gmt":"2020-11-21T14:09:51","guid":{"rendered":"https:\/\/ent2d.ac-bordeaux.fr\/disciplines\/commerce-vente\/?p=2147"},"modified":"2020-12-19T17:52:29","modified_gmt":"2020-12-19T16:52:29","slug":"festival-des-solidarites-le-bilan","status":"publish","type":"post","link":"https:\/\/ent2d.ac-bordeaux.fr\/disciplines\/commerce-vente\/2020\/11\/21\/festival-des-solidarites-le-bilan\/","title":{"rendered":"Festival des solidarit\u00e9s : Le bilan"},"content":{"rendered":"<p><span style=\"font-size: 12pt\">Suite \u00e0 l&rsquo;article paru la semaine derni\u00e8re sur les projets men\u00e9s au lyc\u00e9e professionnel Antoine Lomet, <strong>Karima Laghdas, merci \u00e0 elle<\/strong>, partage avec nous le bilan et les retomb\u00e9es de cette op\u00e9ration ambitieuses.<\/span><\/p>\n<blockquote>\n<p class=\"ox-ee9fd1c4b1-MsoNormal\"><span style=\"font-size: large\">COMMUNIQUE DE PRESSE 1 DU 16 NOVEMBRE 2020<br \/>\n<\/span><\/p>\n<p class=\"ox-ee9fd1c4b1-MsoNormal\"><span style=\"font-size: large\"><b>le lundi 16 novembre de 14h \u00e0 16h \u00e0 la salle polyvalente du lyc\u00e9e lomet.<\/b><\/span><\/p>\n<p class=\"ox-ee9fd1c4b1-MsoNormal\"><span style=\"font-size: large\"> Une c\u00e9r\u00e9monie d&rsquo;ouverture hybride particuli\u00e8re et hybride, cette ann\u00e9e,pour respecter les gestes barri\u00e8res avec un nombre restreint d&rsquo;\u00e9l\u00e8ves \u00ab\u00a0les ambassadeurs\u00a0\u00bb, des professeurs et d&rsquo;intervenants d&rsquo;associations \u00e9taient pr\u00e9sents \u00ab\u00a0physiquement\u00a0\u00bb.<\/span><\/p>\n<p class=\"ox-ee9fd1c4b1-MsoNormal\"><span style=\"font-size: large\">Les autres \u00e9l\u00e8ves et les professeurs des coll\u00e8ges (Th\u00e9ophile de viau notamment) \u00e9taient pr\u00e9sents \u00ab\u00a0virtuellement\u00a0\u00bb en ligne en visioconf\u00e9rence via la plateforme Mes classes virtuelles de l&rsquo;acad\u00e9mie de Bordeaux;<br \/>\n<\/span><\/p>\n<p class=\"ox-ee9fd1c4b1-MsoNormal\"><span style=\"font-size: large\">Un autre PC portable \u00e9tait connect\u00e9 sur une plateforme priv\u00e9e pour permettre \u00e0 Monsieur MIGUEL SILVA repr\u00e9sentant du Conseil Europ\u00e9en au Portugal de participer en direct et en ligne.<br \/>\n<\/span><\/p>\n<p class=\"ox-ee9fd1c4b1-MsoNormal\"><span style=\"font-size: large\">La c\u00e9r\u00e9monie d&rsquo;ouverture s&rsquo;est d\u00e9roul\u00e9e de la mani\u00e8re suivante :<\/span><\/p>\n<p class=\"ox-ee9fd1c4b1-MsoNormal\"><span style=\"font-size: large\">&#8211; Accueil par Monsieur Le Proviseur, Michel Polegato<br \/>\n<\/span><\/p>\n<p class=\"ox-ee9fd1c4b1-MsoNormal\"><span style=\"font-size: large\">&#8211; Pr\u00e9sentation du Festival des Solidarit\u00e9s, du projet #laspirale du smartphone par la pr\u00e9sidente du RADSI, Jo\u00eblle Carillon<\/span><\/p>\n<p class=\"ox-ee9fd1c4b1-MsoNormal\"><span style=\"font-size: large\">&#8211; Remise du Prix GLOBAL EDUCATION WEEK du Conseil Europ\u00e9en aux ambassadeurs et ambassadrices par Madame Bezolles, Directrice de la Maison de l&rsquo;Europe dans le lot et garonne<br \/>\n<\/span><\/p>\n<p class=\"ox-ee9fd1c4b1-MsoNormal\"><span style=\"font-size: large\">&#8211; Visite guid\u00e9e, film\u00e9e et comment\u00e9e du labyrinthe des applications par les \u00e9l\u00e8ves \u00ab\u00a0ambassadeurs\u00a0\u00bb retransmise en direct via le portail Arena<br \/>\n<\/span><\/p>\n<p class=\"ox-ee9fd1c4b1-MsoNormal\"><span style=\"font-size: large\">&#8211; Pr\u00e9sentation du d\u00e9roulement de la semaine : Atelier Made In, t\u00e9moignage des \u00e9l\u00e8ves et de leur ressenti, atelier d\u00e9bat avec Robin et Marion de l&rsquo;association Les ateliers de l&rsquo;\u00e9nergie et du temps<br \/>\n<\/span><\/p>\n<p class=\"ox-ee9fd1c4b1-MsoNormal\"><span style=\"font-size: large\">NB : pas de go\u00fbter solidaire en cette p\u00e9riode de crise sanitaire.<\/span><\/p>\n<p class=\"ox-ee9fd1c4b1-MsoNormal\"><span style=\"font-size: large\">Ma\u00eetre de c\u00e9r\u00e9monie et R\u00e9f\u00e9rente du Festival des Solidarit\u00e9s: Mme Laghdas<br \/>\n<\/span><\/p>\n<p class=\"ox-ee9fd1c4b1-MsoNormal\"><span style=\"font-size: large\">Equipe Presse 1MA: Oumayma, Thibault, Oumra, Nicolas<\/span><\/p>\n<\/blockquote>\n<p><span style=\"font-size: 12pt\">Quelques photos pour illustrer cet article :<\/span><\/p>\n<p>&nbsp;<\/p>\n<p><img loading=\"lazy\" decoding=\"async\" class=\"aligncenter wp-image-2148 size-full\" src=\"https:\/\/ent2d.ac-bordeaux.fr\/disciplines\/commerce-vente\/wp-content\/uploads\/sites\/15\/2020\/11\/IMG_20201116_141526-scaled.jpg\" alt=\"\" width=\"1024\" height=\"768\" \/> <img loading=\"lazy\" decoding=\"async\" class=\"aligncenter wp-image-2149 size-full\" src=\"https:\/\/ent2d.ac-bordeaux.fr\/disciplines\/commerce-vente\/wp-content\/uploads\/sites\/15\/2020\/11\/IMG_20201116_141730-scaled.jpg\" alt=\"\" width=\"1024\" height=\"768\" \/> <img loading=\"lazy\" decoding=\"async\" class=\"aligncenter wp-image-2150 size-full\" src=\"https:\/\/ent2d.ac-bordeaux.fr\/disciplines\/commerce-vente\/wp-content\/uploads\/sites\/15\/2020\/11\/IMG_20201116_145016-scaled.jpg\" alt=\"\" width=\"1024\" height=\"768\" \/><\/p>\n<p>&nbsp;<\/p>\n<p><span style=\"font-size: 12pt\">Note importante :<\/span><\/p>\n<p>&nbsp;<\/p>\n<div dir=\"auto\"><span style=\"color: #ff0000\"><strong><span style=\"font-size: 12pt\">Les 222 cr\u00e9ateurs du Festival des solidarit\u00e9s ont \u00e9t\u00e9 parmi les 5 laur\u00e9ats du Prix Global Week Education pour la semaine du 16 au 20 novembre qui s&rsquo;est d\u00e9roul\u00e9 au lyc\u00e9e professionnel Antoine Lomet \u00e0 Agen. Ils ont repr\u00e9sent\u00e9 la France au niveau Europ\u00e9en.<\/span><\/strong><\/span><\/div>\n<div dir=\"auto\"><\/div>\n<div dir=\"auto\"><img loading=\"lazy\" decoding=\"async\" class=\"aligncenter size-full wp-image-2151\" src=\"https:\/\/ent2d.ac-bordeaux.fr\/disciplines\/commerce-vente\/wp-content\/uploads\/sites\/15\/2020\/11\/IMG-20201118-WA0007.jpg\" alt=\"\" width=\"1024\" height=\"741\" srcset=\"https:\/\/ent2d.ac-bordeaux.fr\/disciplines\/commerce-vente\/wp-content\/uploads\/sites\/15\/2020\/11\/IMG-20201118-WA0007.jpg 1024w, https:\/\/ent2d.ac-bordeaux.fr\/disciplines\/commerce-vente\/wp-content\/uploads\/sites\/15\/2020\/11\/IMG-20201118-WA0007-300x217.jpg 300w, https:\/\/ent2d.ac-bordeaux.fr\/disciplines\/commerce-vente\/wp-content\/uploads\/sites\/15\/2020\/11\/IMG-20201118-WA0007-768x555.jpg 768w\" sizes=\"auto, (max-width: 1024px) 100vw, 1024px\" \/><\/div>\n","protected":false},"excerpt":{"rendered":"<p>Suite \u00e0 l&rsquo;article paru la semaine derni\u00e8re sur les projets men\u00e9s au lyc\u00e9e professionnel Antoine Lomet, Karima Laghdas, merci \u00e0 elle, partage avec nous le bilan et les retomb\u00e9es de cette op\u00e9ration ambitieuses. COMMUNIQUE DE PRESSE 1 DU 16 NOVEMBRE 2020 le lundi 16 novembre de 14h \u00e0 16h \u00e0 la salle polyvalente du lyc\u00e9e &hellip; <\/p>\n<p><a class=\"more-link block-button\" href=\"https:\/\/ent2d.ac-bordeaux.fr\/disciplines\/commerce-vente\/2020\/11\/21\/festival-des-solidarites-le-bilan\/\">Lire la Suite &raquo;<\/a><\/p>\n","protected":false},"author":51,"featured_media":0,"comment_status":"open","ping_status":"open","sticky":false,"template":"","format":"standard","meta":{"_bbp_topic_count":0,"_bbp_reply_count":0,"_bbp_total_topic_count":0,"_bbp_total_reply_count":0,"_bbp_voice_count":0,"_bbp_anonymous_reply_count":0,"_bbp_topic_count_hidden":0,"_bbp_reply_count_hidden":0,"_bbp_forum_subforum_count":0,"footnotes":""},"categories":[19],"tags":[],"class_list":["post-2147","post","type-post","status-publish","format-standard","hentry","category-activites-et-actions-pedagogiques"],"_links":{"self":[{"href":"https:\/\/ent2d.ac-bordeaux.fr\/disciplines\/commerce-vente\/wp-json\/wp\/v2\/posts\/2147","targetHints":{"allow":["GET"]}}],"collection":[{"href":"https:\/\/ent2d.ac-bordeaux.fr\/disciplines\/commerce-vente\/wp-json\/wp\/v2\/posts"}],"about":[{"href":"https:\/\/ent2d.ac-bordeaux.fr\/disciplines\/commerce-vente\/wp-json\/wp\/v2\/types\/post"}],"author":[{"embeddable":true,"href":"https:\/\/ent2d.ac-bordeaux.fr\/disciplines\/commerce-vente\/wp-json\/wp\/v2\/users\/51"}],"replies":[{"embeddable":true,"href":"https:\/\/ent2d.ac-bordeaux.fr\/disciplines\/commerce-vente\/wp-json\/wp\/v2\/comments?post=2147"}],"version-history":[{"count":1,"href":"https:\/\/ent2d.ac-bordeaux.fr\/disciplines\/commerce-vente\/wp-json\/wp\/v2\/posts\/2147\/revisions"}],"predecessor-version":[{"id":2152,"href":"https:\/\/ent2d.ac-bordeaux.fr\/disciplines\/commerce-vente\/wp-json\/wp\/v2\/posts\/2147\/revisions\/2152"}],"wp:attachment":[{"href":"https:\/\/ent2d.ac-bordeaux.fr\/disciplines\/commerce-vente\/wp-json\/wp\/v2\/media?parent=2147"}],"wp:term":[{"taxonomy":"category","embeddable":true,"href":"https:\/\/ent2d.ac-bordeaux.fr\/disciplines\/commerce-vente\/wp-json\/wp\/v2\/categories?post=2147"},{"taxonomy":"post_tag","embeddable":true,"href":"https:\/\/ent2d.ac-bordeaux.fr\/disciplines\/commerce-vente\/wp-json\/wp\/v2\/tags?post=2147"}],"curies":[{"name":"wp","href":"https:\/\/api.w.org\/{rel}","templated":true}]}}