{"id":1190,"date":"2019-06-08T17:02:21","date_gmt":"2019-06-08T15:02:21","guid":{"rendered":"https:\/\/ent2d.ac-bordeaux.fr\/disciplines\/commerce-vente\/?p=1190"},"modified":"2019-09-14T13:46:16","modified_gmt":"2019-09-14T11:46:16","slug":"toutes-les-classes-de-camblanes-pour-le-telethon","status":"publish","type":"post","link":"https:\/\/ent2d.ac-bordeaux.fr\/disciplines\/commerce-vente\/2019\/06\/08\/toutes-les-classes-de-camblanes-pour-le-telethon\/","title":{"rendered":"Toutes les classes de Camblanes pour le T\u00e9l\u00e9thon"},"content":{"rendered":"<p>Cette ann\u00e9e encore les \u00e9l\u00e8ves du Lyc\u00e9e Flora Tristan de Camblanes se sont associ\u00e9s aux \u00e9l\u00e8ve de l&rsquo;\u00e9cole \u00e9l\u00e9mentaire de Camblanes et Meynac pour une grande manifestation sportive autour du T\u00e9l\u00e9thon.<\/p>\n<p>Ils partagent avec nous cette exp\u00e9rience \u00e0 travers une petite vid\u00e9o mise en ligne \u00e0 cette occasion.<\/p>\n<p><a href=\"https:\/\/www.dropbox.com\/s\/kafn1o6tp5x6y8p\/T%C3%A9l%C3%A9thon%202018.m4v?dl=0\" target=\"_blank\" rel=\"noopener noreferrer\"><img loading=\"lazy\" decoding=\"async\" class=\"aligncenter wp-image-1191 size-medium\" src=\"https:\/\/ent2d.ac-bordeaux.fr\/disciplines\/commerce-vente\/wp-content\/uploads\/sites\/15\/2019\/06\/0075-300x154.png\" alt=\"\" width=\"300\" height=\"154\" srcset=\"https:\/\/ent2d.ac-bordeaux.fr\/disciplines\/commerce-vente\/wp-content\/uploads\/sites\/15\/2019\/06\/0075-300x154.png 300w, https:\/\/ent2d.ac-bordeaux.fr\/disciplines\/commerce-vente\/wp-content\/uploads\/sites\/15\/2019\/06\/0075-768x394.png 768w, https:\/\/ent2d.ac-bordeaux.fr\/disciplines\/commerce-vente\/wp-content\/uploads\/sites\/15\/2019\/06\/0075-1024x526.png 1024w\" sizes=\"auto, (max-width: 300px) 100vw, 300px\" \/><\/a><\/p>\n<p>Bravo \u00e0 Carole Arnal et C\u00e9line Haddad ainsi qu&rsquo;aux enseignants qui ont coordonn\u00e9 et encadr\u00e9 l&rsquo;op\u00e9ration et surtout bravo aux \u00e9l\u00e8ves !<\/p>\n","protected":false},"excerpt":{"rendered":"<p>Cette ann\u00e9e encore les \u00e9l\u00e8ves du Lyc\u00e9e Flora Tristan de Camblanes se sont associ\u00e9s aux \u00e9l\u00e8ve de l&rsquo;\u00e9cole \u00e9l\u00e9mentaire de Camblanes et Meynac pour une grande manifestation sportive autour du T\u00e9l\u00e9thon. Ils partagent avec nous cette exp\u00e9rience \u00e0 travers une petite vid\u00e9o mise en ligne \u00e0 cette occasion. Bravo \u00e0 Carole Arnal et C\u00e9line Haddad &hellip; <\/p>\n<p><a class=\"more-link block-button\" href=\"https:\/\/ent2d.ac-bordeaux.fr\/disciplines\/commerce-vente\/2019\/06\/08\/toutes-les-classes-de-camblanes-pour-le-telethon\/\">Lire la Suite &raquo;<\/a><\/p>\n","protected":false},"author":51,"featured_media":0,"comment_status":"open","ping_status":"open","sticky":false,"template":"","format":"standard","meta":{"_bbp_topic_count":0,"_bbp_reply_count":0,"_bbp_total_topic_count":0,"_bbp_total_reply_count":0,"_bbp_voice_count":0,"_bbp_anonymous_reply_count":0,"_bbp_topic_count_hidden":0,"_bbp_reply_count_hidden":0,"_bbp_forum_subforum_count":0,"footnotes":""},"categories":[19],"tags":[],"class_list":["post-1190","post","type-post","status-publish","format-standard","hentry","category-activites-et-actions-pedagogiques"],"_links":{"self":[{"href":"https:\/\/ent2d.ac-bordeaux.fr\/disciplines\/commerce-vente\/wp-json\/wp\/v2\/posts\/1190","targetHints":{"allow":["GET"]}}],"collection":[{"href":"https:\/\/ent2d.ac-bordeaux.fr\/disciplines\/commerce-vente\/wp-json\/wp\/v2\/posts"}],"about":[{"href":"https:\/\/ent2d.ac-bordeaux.fr\/disciplines\/commerce-vente\/wp-json\/wp\/v2\/types\/post"}],"author":[{"embeddable":true,"href":"https:\/\/ent2d.ac-bordeaux.fr\/disciplines\/commerce-vente\/wp-json\/wp\/v2\/users\/51"}],"replies":[{"embeddable":true,"href":"https:\/\/ent2d.ac-bordeaux.fr\/disciplines\/commerce-vente\/wp-json\/wp\/v2\/comments?post=1190"}],"version-history":[{"count":1,"href":"https:\/\/ent2d.ac-bordeaux.fr\/disciplines\/commerce-vente\/wp-json\/wp\/v2\/posts\/1190\/revisions"}],"predecessor-version":[{"id":1192,"href":"https:\/\/ent2d.ac-bordeaux.fr\/disciplines\/commerce-vente\/wp-json\/wp\/v2\/posts\/1190\/revisions\/1192"}],"wp:attachment":[{"href":"https:\/\/ent2d.ac-bordeaux.fr\/disciplines\/commerce-vente\/wp-json\/wp\/v2\/media?parent=1190"}],"wp:term":[{"taxonomy":"category","embeddable":true,"href":"https:\/\/ent2d.ac-bordeaux.fr\/disciplines\/commerce-vente\/wp-json\/wp\/v2\/categories?post=1190"},{"taxonomy":"post_tag","embeddable":true,"href":"https:\/\/ent2d.ac-bordeaux.fr\/disciplines\/commerce-vente\/wp-json\/wp\/v2\/tags?post=1190"}],"curies":[{"name":"wp","href":"https:\/\/api.w.org\/{rel}","templated":true}]}}