{"id":1060,"date":"2019-04-06T15:36:34","date_gmt":"2019-04-06T13:36:34","guid":{"rendered":"https:\/\/ent2d.ac-bordeaux.fr\/disciplines\/commerce-vente\/?p=1060"},"modified":"2019-05-25T17:57:28","modified_gmt":"2019-05-25T15:57:28","slug":"revue-de-presse-du-07-04-2019","status":"publish","type":"post","link":"https:\/\/ent2d.ac-bordeaux.fr\/disciplines\/commerce-vente\/2019\/04\/06\/revue-de-presse-du-07-04-2019\/","title":{"rendered":"Revue de presse du 07\/04\/2019"},"content":{"rendered":"<p style=\"text-align: center\">Quelques articles int\u00e9ressants obtenus gr\u00e2ce \u00e0 l&rsquo;outil <a href=\"https:\/\/www.scoop.it\/\">Scoop it ! :<\/a><\/p>\n<p style=\"text-align: center\">Cliquez sur le logo du m\u00e9dia proposant l&rsquo;article qui vous int\u00e9resse<\/p>\n<p>&nbsp;<\/p>\n<table width=\"628\">\n<tbody>\n<tr>\n<td style=\"text-align: center\">\n<p><div id=\"attachment_861\" style=\"width: 160px\" class=\"wp-caption aligncenter\"><a href=\"https:\/\/www.lemonde.fr\/campus\/article\/2019\/02\/13\/l-avenir-du-metier-de-commercial-a-l-heure-de-l-explosion-des-ventes-en-ligne_5422772_4401467.html\" target=\"_blank\" rel=\"noopener noreferrer\"><img loading=\"lazy\" decoding=\"async\" aria-describedby=\"caption-attachment-861\" class=\"wp-image-861 size-thumbnail\" src=\"https:\/\/ent2d.ac-bordeaux.fr\/disciplines\/commerce-vente\/wp-content\/uploads\/sites\/15\/2018\/12\/logo-Le-Monde-150x150.png\" alt=\"\" width=\"150\" height=\"150\" \/><\/a><p id=\"caption-attachment-861\" class=\"wp-caption-text\">Le phygital mis en avant pour booster les recrutement de commerciaux en France.<\/p><\/div><\/td>\n<td style=\"text-align: center\">\n<p><div id=\"attachment_829\" style=\"width: 160px\" class=\"wp-caption aligncenter\"><a href=\"https:\/\/www.lsa-conso.fr\/camaieu-eclate-la-caisse-a-nice-cap-3000,315236\" target=\"_blank\" rel=\"noopener noreferrer\"><img loading=\"lazy\" decoding=\"async\" aria-describedby=\"caption-attachment-829\" class=\"wp-image-829 size-thumbnail\" src=\"https:\/\/ent2d.ac-bordeaux.fr\/disciplines\/commerce-vente\/wp-content\/uploads\/sites\/15\/2018\/11\/LSA-150x150.png\" alt=\"\" width=\"150\" height=\"150\" \/><\/a><p id=\"caption-attachment-829\" class=\"wp-caption-text\">Marquage RFID des produits et disparition des caisses dans une boutique Cama\u00efeu de Nice<\/p><\/div><\/td>\n<td style=\"text-align: center\">\n<p><div id=\"attachment_851\" style=\"width: 160px\" class=\"wp-caption aligncenter\"><a href=\"http:\/\/www.larevuedudigital.com\/intersport-debute-le-ship-from-store\/\" target=\"_blank\" rel=\"noopener noreferrer\"><img loading=\"lazy\" decoding=\"async\" aria-describedby=\"caption-attachment-851\" class=\"wp-image-851 size-thumbnail\" src=\"https:\/\/ent2d.ac-bordeaux.fr\/disciplines\/commerce-vente\/wp-content\/uploads\/sites\/15\/2018\/11\/logo-la-revue-du-digital-150x150.png\" alt=\"\" width=\"150\" height=\"150\" \/><\/a><p id=\"caption-attachment-851\" class=\"wp-caption-text\">Service ship from store chez Intersport qui finalise ainsi sa transformation phygitale<\/p><\/div><\/td>\n<\/tr>\n<tr>\n<td style=\"text-align: center\">\n<p><div id=\"attachment_1061\" style=\"width: 160px\" class=\"wp-caption aligncenter\"><a href=\"https:\/\/www.monde-economique.ch\/osons-la-distribution-4-0\/\" target=\"_blank\" rel=\"noopener noreferrer\"><img loading=\"lazy\" decoding=\"async\" aria-describedby=\"caption-attachment-1061\" class=\"wp-image-1061 size-thumbnail\" src=\"https:\/\/ent2d.ac-bordeaux.fr\/disciplines\/commerce-vente\/wp-content\/uploads\/sites\/15\/2019\/04\/0013-150x150.jpg\" alt=\"\" width=\"150\" height=\"150\" srcset=\"https:\/\/ent2d.ac-bordeaux.fr\/disciplines\/commerce-vente\/wp-content\/uploads\/sites\/15\/2019\/04\/0013-150x150.jpg 150w, https:\/\/ent2d.ac-bordeaux.fr\/disciplines\/commerce-vente\/wp-content\/uploads\/sites\/15\/2019\/04\/0013-298x300.jpg 298w, https:\/\/ent2d.ac-bordeaux.fr\/disciplines\/commerce-vente\/wp-content\/uploads\/sites\/15\/2019\/04\/0013.jpg 595w\" sizes=\"auto, (max-width: 150px) 100vw, 150px\" \/><\/a><p id=\"caption-attachment-1061\" class=\"wp-caption-text\">Une \u00e9tude int\u00e9ressante sur l&rsquo;\u00e9volution de la distribution et la place du magasin physique dans cette mutation.<\/p><\/div><\/td>\n<td>\n<div class=\"mceTemp\" style=\"text-align: center\"><\/div>\n<p><div id=\"attachment_1062\" style=\"width: 160px\" class=\"wp-caption aligncenter\"><a href=\"https:\/\/journalduluxe.fr\/new-retail-cintre-personal-shopper-lafayette\/http:\/\/\" target=\"_blank\" rel=\"noopener noreferrer\"><img loading=\"lazy\" decoding=\"async\" aria-describedby=\"caption-attachment-1062\" class=\"wp-image-1062 size-thumbnail\" src=\"https:\/\/ent2d.ac-bordeaux.fr\/disciplines\/commerce-vente\/wp-content\/uploads\/sites\/15\/2019\/04\/0014-150x150.png\" alt=\"\" width=\"150\" height=\"150\" \/><\/a><p id=\"caption-attachment-1062\" class=\"wp-caption-text\">Des cintres intelligents ? Vraiment ? &#8230; Puisqu&rsquo;on vous le dit !<\/p><\/div><\/td>\n<td style=\"text-align: center\">\n<p><div id=\"attachment_1063\" style=\"width: 160px\" class=\"wp-caption aligncenter\"><a href=\"https:\/\/wizville.fr\/blog\/retailers-face-a-amazon\/http:\/\/\" target=\"_blank\" rel=\"noopener noreferrer\"><img loading=\"lazy\" decoding=\"async\" aria-describedby=\"caption-attachment-1063\" class=\"wp-image-1063 size-thumbnail\" src=\"https:\/\/ent2d.ac-bordeaux.fr\/disciplines\/commerce-vente\/wp-content\/uploads\/sites\/15\/2019\/04\/0015-150x137.png\" alt=\"\" width=\"150\" height=\"137\" \/><\/a><p id=\"caption-attachment-1063\" class=\"wp-caption-text\">Jeff Bezos l&rsquo;a dit \u00ab\u00a0la plus important, c&rsquo;est le client !\u00a0\u00bb. Les retailer l&rsquo;ont bien compris et ils comptent utiliser cet adage pour contrer Amazon !<\/p><\/div><\/td>\n<\/tr>\n<tr>\n<td style=\"text-align: center\">\n<p><div id=\"attachment_1064\" style=\"width: 160px\" class=\"wp-caption aligncenter\"><a href=\"http:\/\/blog.economie-numerique.net\/2019\/04\/03\/ouverture-des-magasins-sans-caisses\/\" target=\"_blank\" rel=\"noopener noreferrer\"><img loading=\"lazy\" decoding=\"async\" aria-describedby=\"caption-attachment-1064\" class=\"wp-image-1064 size-thumbnail\" src=\"https:\/\/ent2d.ac-bordeaux.fr\/disciplines\/commerce-vente\/wp-content\/uploads\/sites\/15\/2019\/04\/0016-150x150.png\" alt=\"\" width=\"150\" height=\"150\" \/><\/a><p id=\"caption-attachment-1064\" class=\"wp-caption-text\">Les magasin sans caisse d\u00e9barquent en France et ils ne s\u2019appelleront pas tous Amazon Go !<\/p><\/div><\/td>\n<td>\n<div class=\"mceTemp\" style=\"text-align: center\"><\/div>\n<div id=\"attachment_1065\" style=\"width: 160px\" class=\"wp-caption aligncenter\"><a href=\"https:\/\/frenchmorning.com\/boom-pop-up-stores-ca-marche\/http:\/\/\" target=\"_blank\" rel=\"noopener noreferrer\"><img loading=\"lazy\" decoding=\"async\" aria-describedby=\"caption-attachment-1065\" class=\"wp-image-1065 size-thumbnail\" src=\"https:\/\/ent2d.ac-bordeaux.fr\/disciplines\/commerce-vente\/wp-content\/uploads\/sites\/15\/2019\/04\/0017-150x150.png\" alt=\"\" width=\"150\" height=\"150\" srcset=\"https:\/\/ent2d.ac-bordeaux.fr\/disciplines\/commerce-vente\/wp-content\/uploads\/sites\/15\/2019\/04\/0017-150x150.png 150w, https:\/\/ent2d.ac-bordeaux.fr\/disciplines\/commerce-vente\/wp-content\/uploads\/sites\/15\/2019\/04\/0017-300x300.png 300w, https:\/\/ent2d.ac-bordeaux.fr\/disciplines\/commerce-vente\/wp-content\/uploads\/sites\/15\/2019\/04\/0017-768x769.png 768w, https:\/\/ent2d.ac-bordeaux.fr\/disciplines\/commerce-vente\/wp-content\/uploads\/sites\/15\/2019\/04\/0017.png 911w\" sizes=\"auto, (max-width: 150px) 100vw, 150px\" \/><\/a><p id=\"caption-attachment-1065\" class=\"wp-caption-text\">Le pop-up store, \u00e7a vous parle ?<\/p><\/div>\n<div class=\"mceTemp\" style=\"text-align: center\"><\/div>\n<\/td>\n<td style=\"text-align: center\">\n<p><div id=\"attachment_1066\" style=\"width: 160px\" class=\"wp-caption aligncenter\"><a href=\"https:\/\/www.welovecustomers.fr\/blog\/quest-ce-que-le-phygital\/http:\/\/\" target=\"_blank\" rel=\"noopener noreferrer\"><img loading=\"lazy\" decoding=\"async\" aria-describedby=\"caption-attachment-1066\" class=\"wp-image-1066 size-thumbnail\" src=\"https:\/\/ent2d.ac-bordeaux.fr\/disciplines\/commerce-vente\/wp-content\/uploads\/sites\/15\/2019\/04\/0018-150x150.png\" alt=\"\" width=\"150\" height=\"150\" \/><\/a><p id=\"caption-attachment-1066\" class=\"wp-caption-text\">Tout ce que vous devriez savoir sur le phygital et m\u00eame plus&#8230;<\/p><\/div><\/td>\n<\/tr>\n<\/tbody>\n<\/table>\n<p>&nbsp;<\/p>\n<p>Merci \u00e0 <strong>Emmanuelle Chadez<\/strong> qui attire notre attention cette semaine sur le syst\u00e8me Undiz ! Quand digital et ludique s&rsquo;invitent dans nos boutiques !<\/p>\n<table style=\"height: 177px\" width=\"630\">\n<tbody>\n<tr>\n<td style=\"width: 198.667px;text-align: center\">\n<p><div id=\"attachment_941\" style=\"width: 160px\" class=\"wp-caption aligncenter\"><a href=\"https:\/\/www.ecommercemag.fr\/Thematique\/retail-1220\/Diaporamas\/etam-undiz-reunies-dans-flagship-inedit-333819\/undiz-machine-signature-marque-undiz-333822.htm\" target=\"_blank\" rel=\"noopener noreferrer\"><img loading=\"lazy\" decoding=\"async\" aria-describedby=\"caption-attachment-941\" class=\"wp-image-941 size-thumbnail\" src=\"https:\/\/ent2d.ac-bordeaux.fr\/disciplines\/commerce-vente\/wp-content\/uploads\/sites\/15\/2019\/01\/ecommercemag-logo-150x150.jpg\" alt=\"\" width=\"150\" height=\"150\" \/><\/a><p id=\"caption-attachment-941\" class=\"wp-caption-text\">Undiz chez Etam<\/p><\/div><\/td>\n<td style=\"width: 198.667px;text-align: center\">\n<p><div id=\"attachment_1069\" style=\"width: 160px\" class=\"wp-caption aligncenter\"><a href=\"http:\/\/solutionsbusiness.laposte.fr\/avec-eazy-retour-undiz-reinvente-le-parcours-dachat\/\" target=\"_blank\" rel=\"noopener noreferrer\"><img loading=\"lazy\" decoding=\"async\" aria-describedby=\"caption-attachment-1069\" class=\"wp-image-1069 size-thumbnail\" src=\"https:\/\/ent2d.ac-bordeaux.fr\/disciplines\/commerce-vente\/wp-content\/uploads\/sites\/15\/2019\/04\/0018-150x66.jpg\" alt=\"\" width=\"150\" height=\"66\" \/><\/a><p id=\"caption-attachment-1069\" class=\"wp-caption-text\">Undiz et le parcours client<\/p><\/div><\/td>\n<td style=\"width: 198.667px;text-align: center\">\n<p><div id=\"attachment_1070\" style=\"width: 160px\" class=\"wp-caption aligncenter\"><a href=\"http:\/\/www.connected-store.com\/undiz-la-strategie-phygitale-12229http:\/\/\" target=\"_blank\" rel=\"noopener noreferrer\"><img loading=\"lazy\" decoding=\"async\" aria-describedby=\"caption-attachment-1070\" class=\"wp-image-1070 size-thumbnail\" src=\"https:\/\/ent2d.ac-bordeaux.fr\/disciplines\/commerce-vente\/wp-content\/uploads\/sites\/15\/2019\/04\/0019-150x150.png\" alt=\"\" width=\"150\" height=\"150\" \/><\/a><p id=\"caption-attachment-1070\" class=\"wp-caption-text\">Vid\u00e9o et t\u00e9moignage client chez Undiz<\/p><\/div><\/td>\n<\/tr>\n<\/tbody>\n<\/table>\n<table style=\"height: 114px\" width=\"630\">\n<tbody>\n<tr>\n<td style=\"width: 618px;text-align: center\">\n<p><div id=\"attachment_1071\" style=\"width: 310px\" class=\"wp-caption aligncenter\"><a href=\"https:\/\/www.dailymotion.com\/video\/x37359ghttp:\/\/\" target=\"_blank\" rel=\"noopener noreferrer\"><img loading=\"lazy\" decoding=\"async\" aria-describedby=\"caption-attachment-1071\" class=\"wp-image-1071 size-medium\" src=\"https:\/\/ent2d.ac-bordeaux.fr\/disciplines\/commerce-vente\/wp-content\/uploads\/sites\/15\/2019\/04\/0020-300x184.png\" alt=\"\" width=\"300\" height=\"184\" \/><\/a><p id=\"caption-attachment-1071\" class=\"wp-caption-text\">Une vid\u00e9o ancienne mais tellement dans la mouvance ! Undiz : les petites culottes qui tombent du ciel !<\/p><\/div><\/td>\n<\/tr>\n<\/tbody>\n<\/table>\n<p>Encore merci a <strong>Alexia Estay<\/strong> pour ces nouvelles contributions<\/p>\n<table style=\"height: 78px\" width=\"629\">\n<tbody>\n<tr>\n<td style=\"width: 198.333px;text-align: center\">\n<p><div id=\"attachment_954\" style=\"width: 160px\" class=\"wp-caption aligncenter\"><a href=\"https:\/\/www.blogdumoderateur.com\/marketing-digital-2019\/http:\/\/\" target=\"_blank\" rel=\"noopener noreferrer\"><img loading=\"lazy\" decoding=\"async\" aria-describedby=\"caption-attachment-954\" class=\"wp-image-954 size-thumbnail\" src=\"https:\/\/ent2d.ac-bordeaux.fr\/disciplines\/commerce-vente\/wp-content\/uploads\/sites\/15\/2019\/01\/bdm-150x100.png\" alt=\"\" width=\"150\" height=\"100\" \/><\/a><p id=\"caption-attachment-954\" class=\"wp-caption-text\">Une nouvelle exploitation de la derni\u00e8re enqu\u00eate d&rsquo;Adobe sur le marketing digital<\/p><\/div><\/td>\n<td style=\"width: 198.333px;text-align: center\">\n<p><div id=\"attachment_1072\" style=\"width: 160px\" class=\"wp-caption aligncenter\"><a href=\"https:\/\/www.nouvelobs.com\/economie\/20190405.OBS11136\/comment-grand-frais-est-devenue-l-enseigne-preferee-des-francais.html?utm_medium=Social&amp;utm_source=Facebook#Echobox=1554445528http:\/\/\" target=\"_blank\" rel=\"noopener noreferrer\"><img loading=\"lazy\" decoding=\"async\" aria-describedby=\"caption-attachment-1072\" class=\"wp-image-1072 size-thumbnail\" src=\"https:\/\/ent2d.ac-bordeaux.fr\/disciplines\/commerce-vente\/wp-content\/uploads\/sites\/15\/2019\/04\/0023-150x135.jpg\" alt=\"\" width=\"150\" height=\"135\" \/><\/a><p id=\"caption-attachment-1072\" class=\"wp-caption-text\">La mont\u00e9e en puissance de l&rsquo;enseigne Grand Frais.<\/p><\/div><\/td>\n<td style=\"width: 198.333px;text-align: center\">\n<p><div id=\"attachment_1069\" style=\"width: 160px\" class=\"wp-caption aligncenter\"><a href=\"https:\/\/lehub.laposte.fr\/dossiers\/experience-client-emotion-comme-seule-friction\" target=\"_blank\" rel=\"noopener noreferrer\"><img loading=\"lazy\" decoding=\"async\" aria-describedby=\"caption-attachment-1069\" class=\"wp-image-1069 size-thumbnail\" src=\"https:\/\/ent2d.ac-bordeaux.fr\/disciplines\/commerce-vente\/wp-content\/uploads\/sites\/15\/2019\/04\/0018-150x66.jpg\" alt=\"\" width=\"150\" height=\"66\" \/><\/a><p id=\"caption-attachment-1069\" class=\"wp-caption-text\">Digitalisation et omnicanalit\u00e9 au service de l\u2019exp\u00e9rience client !<\/p><\/div><\/td>\n<\/tr>\n<\/tbody>\n<\/table>\n<table style=\"height: 143px\" width=\"629\">\n<tbody>\n<tr>\n<td style=\"width: 617px;text-align: center\">\n<p><div id=\"attachment_1078\" style=\"width: 310px\" class=\"wp-caption aligncenter\"><a href=\"http:\/\/https:\/\/lewebpedagogique.com\/stalexia\/category\/ressources-prof\/\"><img loading=\"lazy\" decoding=\"async\" aria-describedby=\"caption-attachment-1078\" class=\"size-medium wp-image-1078\" src=\"https:\/\/ent2d.ac-bordeaux.fr\/disciplines\/commerce-vente\/wp-content\/uploads\/sites\/15\/2019\/04\/0024-300x136.png\" alt=\"\" width=\"300\" height=\"136\" srcset=\"https:\/\/ent2d.ac-bordeaux.fr\/disciplines\/commerce-vente\/wp-content\/uploads\/sites\/15\/2019\/04\/0024-300x136.png 300w, https:\/\/ent2d.ac-bordeaux.fr\/disciplines\/commerce-vente\/wp-content\/uploads\/sites\/15\/2019\/04\/0024-768x349.png 768w, https:\/\/ent2d.ac-bordeaux.fr\/disciplines\/commerce-vente\/wp-content\/uploads\/sites\/15\/2019\/04\/0024-1024x465.png 1024w, https:\/\/ent2d.ac-bordeaux.fr\/disciplines\/commerce-vente\/wp-content\/uploads\/sites\/15\/2019\/04\/0024.png 1232w\" sizes=\"auto, (max-width: 300px) 100vw, 300px\" \/><\/a><p id=\"caption-attachment-1078\" class=\"wp-caption-text\"><strong>Alexia Estay<\/strong> partage avec nous ses productions avec un site internet d\u00e9di\u00e9 \u00e0 nos mati\u00e8re sur le Web P\u00e9dagogique. Un \u00ab\u00a0must have\u00a0\u00bb !<\/p><\/div><\/td>\n<\/tr>\n<\/tbody>\n<\/table>\n<p>Merci enfin \u00e0 <strong>Olivier Berot <\/strong>qui attire notre attention sur un article \u00e0 propos de la g\u00e9olocalisation et merci \u00e0 <strong>Christophe Manet et Olivier<\/strong> qui m&rsquo;ont alert\u00e9 \u00e0 propos d&rsquo;un extrait du journal de France 2 sur la strat\u00e9gie des corners qui d\u00e9barquent dans nos hyper.<\/p>\n<table style=\"width: 629px\">\n<tbody>\n<tr>\n<td style=\"text-align: center;width: 308.05px\">\n<p><div id=\"attachment_1069\" style=\"width: 206px\" class=\"wp-caption aligncenter\"><a href=\"https:\/\/lehub.laposte.fr\/tendances\/geolocalisation-client-nouvelle-frontiere-pour-fluidifier-experience\" target=\"_blank\" rel=\"noopener noreferrer\"><img loading=\"lazy\" decoding=\"async\" aria-describedby=\"caption-attachment-1069\" class=\"wp-image-1069 size-full\" src=\"https:\/\/ent2d.ac-bordeaux.fr\/disciplines\/commerce-vente\/wp-content\/uploads\/sites\/15\/2019\/04\/0018.jpg\" alt=\"\" width=\"196\" height=\"66\" \/><\/a><p id=\"caption-attachment-1069\" class=\"wp-caption-text\">La g\u00e9olocalisation du client, le nouvel outil des commerces pour am\u00e9liorer le ciblage et l&rsquo;offre.<\/p><\/div><\/td>\n<td style=\"width: 295.95px;text-align: center\">\n<p><div id=\"attachment_1074\" style=\"width: 264px\" class=\"wp-caption aligncenter\"><a href=\"http:\/\/https:\/\/youtu.be\/LyzmgaTqebY\" target=\"_blank\" rel=\"noopener noreferrer\"><img loading=\"lazy\" decoding=\"async\" aria-describedby=\"caption-attachment-1074\" class=\"wp-image-1074 \" src=\"https:\/\/ent2d.ac-bordeaux.fr\/disciplines\/commerce-vente\/wp-content\/uploads\/sites\/15\/2019\/04\/corners-france-2-300x169.png\" alt=\"\" width=\"254\" height=\"143\" \/><\/a><p id=\"caption-attachment-1074\" class=\"wp-caption-text\">Reportage sur le d\u00e9veloppement des Corners dans les hypermarch\u00e9s.<\/p><\/div><\/td>\n<\/tr>\n<\/tbody>\n<\/table>\n<p>&nbsp;<\/p>\n","protected":false},"excerpt":{"rendered":"<p>Quelques articles int\u00e9ressants obtenus gr\u00e2ce \u00e0 l&rsquo;outil Scoop it ! : Cliquez sur le logo du m\u00e9dia proposant l&rsquo;article qui vous int\u00e9resse &nbsp; &nbsp; Merci \u00e0 Emmanuelle Chadez qui attire notre attention cette semaine sur le syst\u00e8me Undiz ! Quand digital et ludique s&rsquo;invitent dans nos boutiques ! Encore merci a Alexia Estay pour ces &hellip; <\/p>\n<p><a class=\"more-link block-button\" href=\"https:\/\/ent2d.ac-bordeaux.fr\/disciplines\/commerce-vente\/2019\/04\/06\/revue-de-presse-du-07-04-2019\/\">Lire la Suite &raquo;<\/a><\/p>\n","protected":false},"author":51,"featured_media":0,"comment_status":"open","ping_status":"open","sticky":false,"template":"","format":"standard","meta":{"_bbp_topic_count":0,"_bbp_reply_count":0,"_bbp_total_topic_count":0,"_bbp_total_reply_count":0,"_bbp_voice_count":0,"_bbp_anonymous_reply_count":0,"_bbp_topic_count_hidden":0,"_bbp_reply_count_hidden":0,"_bbp_forum_subforum_count":0,"footnotes":""},"categories":[26],"tags":[],"class_list":["post-1060","post","type-post","status-publish","format-standard","hentry","category-revue-de-presse"],"_links":{"self":[{"href":"https:\/\/ent2d.ac-bordeaux.fr\/disciplines\/commerce-vente\/wp-json\/wp\/v2\/posts\/1060","targetHints":{"allow":["GET"]}}],"collection":[{"href":"https:\/\/ent2d.ac-bordeaux.fr\/disciplines\/commerce-vente\/wp-json\/wp\/v2\/posts"}],"about":[{"href":"https:\/\/ent2d.ac-bordeaux.fr\/disciplines\/commerce-vente\/wp-json\/wp\/v2\/types\/post"}],"author":[{"embeddable":true,"href":"https:\/\/ent2d.ac-bordeaux.fr\/disciplines\/commerce-vente\/wp-json\/wp\/v2\/users\/51"}],"replies":[{"embeddable":true,"href":"https:\/\/ent2d.ac-bordeaux.fr\/disciplines\/commerce-vente\/wp-json\/wp\/v2\/comments?post=1060"}],"version-history":[{"count":7,"href":"https:\/\/ent2d.ac-bordeaux.fr\/disciplines\/commerce-vente\/wp-json\/wp\/v2\/posts\/1060\/revisions"}],"predecessor-version":[{"id":1068,"href":"https:\/\/ent2d.ac-bordeaux.fr\/disciplines\/commerce-vente\/wp-json\/wp\/v2\/posts\/1060\/revisions\/1068"}],"wp:attachment":[{"href":"https:\/\/ent2d.ac-bordeaux.fr\/disciplines\/commerce-vente\/wp-json\/wp\/v2\/media?parent=1060"}],"wp:term":[{"taxonomy":"category","embeddable":true,"href":"https:\/\/ent2d.ac-bordeaux.fr\/disciplines\/commerce-vente\/wp-json\/wp\/v2\/categories?post=1060"},{"taxonomy":"post_tag","embeddable":true,"href":"https:\/\/ent2d.ac-bordeaux.fr\/disciplines\/commerce-vente\/wp-json\/wp\/v2\/tags?post=1060"}],"curies":[{"name":"wp","href":"https:\/\/api.w.org\/{rel}","templated":true}]}}