{"id":1049,"date":"2019-03-30T10:54:40","date_gmt":"2019-03-30T09:54:40","guid":{"rendered":"https:\/\/ent2d.ac-bordeaux.fr\/disciplines\/commerce-vente\/?p=1049"},"modified":"2019-05-25T17:57:13","modified_gmt":"2019-05-25T15:57:13","slug":"nouveau-magasin-pedagogique-a-tregey","status":"publish","type":"post","link":"https:\/\/ent2d.ac-bordeaux.fr\/disciplines\/commerce-vente\/2019\/03\/30\/nouveau-magasin-pedagogique-a-tregey\/","title":{"rendered":"Nouveau magasin p\u00e9dagogique \u00e0 Tregey"},"content":{"rendered":"<p>Le lyc\u00e9e Professionnel Tregey f\u00eate le printemps en ouvrant son nouveau magasin p\u00e9dagogique. Le journal SUD OUEST a couvert l&rsquo;\u00e9v\u00e8nement. Voici l&rsquo;article :<\/p>\n<p style=\"text-align: center\"><img loading=\"lazy\" decoding=\"async\" class=\"aligncenter wp-image-1050 size-full\" src=\"https:\/\/ent2d.ac-bordeaux.fr\/disciplines\/commerce-vente\/wp-content\/uploads\/sites\/15\/2019\/03\/2019-03-30-10_50_18-Artice-SO-Magasin-p\u00e9dagogique.pdf-Adobe-Acrobat-Reader-DC-e1553939515509.png\" alt=\"\" width=\"1162\" height=\"1250\" \/><strong>Un grand merci \u00e0 Germain CARAVATI pour avoir partag\u00e9 cette information avec nous ! <\/strong><\/p>\n","protected":false},"excerpt":{"rendered":"<p>Le lyc\u00e9e Professionnel Tregey f\u00eate le printemps en ouvrant son nouveau magasin p\u00e9dagogique. Le journal SUD OUEST a couvert l&rsquo;\u00e9v\u00e8nement. Voici l&rsquo;article : Un grand merci \u00e0 Germain CARAVATI pour avoir partag\u00e9 cette information avec nous !<\/p>\n","protected":false},"author":51,"featured_media":0,"comment_status":"open","ping_status":"open","sticky":false,"template":"","format":"standard","meta":{"_bbp_topic_count":0,"_bbp_reply_count":0,"_bbp_total_topic_count":0,"_bbp_total_reply_count":0,"_bbp_voice_count":0,"_bbp_anonymous_reply_count":0,"_bbp_topic_count_hidden":0,"_bbp_reply_count_hidden":0,"_bbp_forum_subforum_count":0,"footnotes":""},"categories":[19],"tags":[],"class_list":["post-1049","post","type-post","status-publish","format-standard","hentry","category-activites-et-actions-pedagogiques"],"_links":{"self":[{"href":"https:\/\/ent2d.ac-bordeaux.fr\/disciplines\/commerce-vente\/wp-json\/wp\/v2\/posts\/1049","targetHints":{"allow":["GET"]}}],"collection":[{"href":"https:\/\/ent2d.ac-bordeaux.fr\/disciplines\/commerce-vente\/wp-json\/wp\/v2\/posts"}],"about":[{"href":"https:\/\/ent2d.ac-bordeaux.fr\/disciplines\/commerce-vente\/wp-json\/wp\/v2\/types\/post"}],"author":[{"embeddable":true,"href":"https:\/\/ent2d.ac-bordeaux.fr\/disciplines\/commerce-vente\/wp-json\/wp\/v2\/users\/51"}],"replies":[{"embeddable":true,"href":"https:\/\/ent2d.ac-bordeaux.fr\/disciplines\/commerce-vente\/wp-json\/wp\/v2\/comments?post=1049"}],"version-history":[{"count":1,"href":"https:\/\/ent2d.ac-bordeaux.fr\/disciplines\/commerce-vente\/wp-json\/wp\/v2\/posts\/1049\/revisions"}],"predecessor-version":[{"id":1051,"href":"https:\/\/ent2d.ac-bordeaux.fr\/disciplines\/commerce-vente\/wp-json\/wp\/v2\/posts\/1049\/revisions\/1051"}],"wp:attachment":[{"href":"https:\/\/ent2d.ac-bordeaux.fr\/disciplines\/commerce-vente\/wp-json\/wp\/v2\/media?parent=1049"}],"wp:term":[{"taxonomy":"category","embeddable":true,"href":"https:\/\/ent2d.ac-bordeaux.fr\/disciplines\/commerce-vente\/wp-json\/wp\/v2\/categories?post=1049"},{"taxonomy":"post_tag","embeddable":true,"href":"https:\/\/ent2d.ac-bordeaux.fr\/disciplines\/commerce-vente\/wp-json\/wp\/v2\/tags?post=1049"}],"curies":[{"name":"wp","href":"https:\/\/api.w.org\/{rel}","templated":true}]}}