{"id":906,"date":"2021-05-12T19:05:00","date_gmt":"2021-05-12T17:05:00","guid":{"rendered":"https:\/\/ent2d.ac-bordeaux.fr\/disciplines\/chaudronnerie\/?p=906"},"modified":"2021-05-12T19:05:01","modified_gmt":"2021-05-12T17:05:01","slug":"amenagements-pour-les-epreuves-de-la-voie-professionnelle","status":"publish","type":"post","link":"https:\/\/ent2d.ac-bordeaux.fr\/disciplines\/chaudronnerie\/2021\/05\/12\/amenagements-pour-les-epreuves-de-la-voie-professionnelle\/","title":{"rendered":"Am\u00e9nagements pour les \u00e9preuves de la voie professionnelle"},"content":{"rendered":"\n<h3 class=\"wp-block-heading\" id=\"edugouv-summary-item-6\">Calendrier des \u00e9preuves<\/h3>\n\n\n\n<p>Les calendriers des \u00e9preuves du certificat d\u2019aptitude professionnelle (CAP) et du baccalaur\u00e9at professionnel restent inchang\u00e9s :<\/p>\n\n\n\n<ul class=\"wp-block-list\"><li>Les \u00e9preuves \u00e9crites du CAP se d\u00e9rouleront le 7 juin 2021 (fran\u00e7ais, pr\u00e9vention, sant\u00e9 et environnement, math\u00e9matiques et physique-chimie) et le 8 juin 2021 (langues vivantes, arts appliqu\u00e9s et cultures artistiques) ;<\/li><li>Les \u00e9preuves \u00e9crites du baccalaur\u00e9at professionnel se tiendront le 16 juin 2021 (fran\u00e7ais, histoire-g\u00e9ographie et enseignement moral et civique), le 17 juin 2021 (pr\u00e9vention, sant\u00e9 et environnement, \u00e9conomie-droit et \u00e9conomie-gestion) et le 18 juin 2021 (arts appliqu\u00e9s et cultures artistiques)<\/li><li>Les \u00e9preuves terminales des enseignements g\u00e9n\u00e9raux du baccalaur\u00e9at professionnel sont donc maintenues. Toutefois, seules les deux meilleures notes seront retenues au titre de ces \u00e9preuves pour la d\u00e9livrance du dipl\u00f4me.<\/li><\/ul>\n\n\n\n<h3 class=\"wp-block-heading\" id=\"edugouv-summary-item-7\">Epreuve orale de pr\u00e9sentation du chef-d\u2019\u0153uvre&nbsp;en CAP<\/h3>\n\n\n\n<p>L\u2019\u00e9preuve orale de pr\u00e9sentation du chef-d\u2019\u0153uvre en CAP est maintenue, car elle incarne la sp\u00e9cificit\u00e9 de la voie professionnelle avec l\u2019association des mati\u00e8res g\u00e9n\u00e9rales et professionnelles et permet aux candidats de pr\u00e9senter le fruit de leur travail.<\/p>\n\n\n\n<h3 class=\"wp-block-heading\" id=\"edugouv-summary-item-8\">Contr\u00f4les en cours de formation<\/h3>\n\n\n\n<p>Pour les contr\u00f4les en cours de formation, tous les candidats concern\u00e9s doivent passer au moins un contr\u00f4le en cours de formation (CCF). Lorsqu\u2019un ou plusieurs CCF ont d\u00e9j\u00e0 r\u00e9alis\u00e9s, les candidats concern\u00e9s sont dispens\u00e9s des autres CCF.<\/p>\n\n\n\n<p><a rel=\"noreferrer noopener\" href=\"https:\/\/www.education.gouv.fr\/baccalaureat-general-technologique-et-professionnel-modalites-de-passage-des-examens-en-2021-323144\" target=\"_blank\">Lien texte int\u00e9grale<\/a><\/p>\n\n\n\n<p><a href=\"https:\/\/www.education.gouv.fr\/examens-2021-les-reponses-vos-questions-323222\" target=\"_blank\" rel=\"noreferrer noopener\">Lien FAQ<\/a><\/p>\n","protected":false},"excerpt":{"rendered":"<p>Calendrier des \u00e9preuves Les calendriers des \u00e9preuves du certificat d\u2019aptitude professionnelle (CAP) et du baccalaur\u00e9at professionnel restent inchang\u00e9s : Les \u00e9preuves \u00e9crites du CAP se d\u00e9rouleront le 7 juin 2021 (fran\u00e7ais, pr\u00e9vention, sant\u00e9 et environnement, math\u00e9matiques et physique-chimie) et le 8 juin 2021 (langues vivantes, arts appliqu\u00e9s et cultures artistiques) ; Les \u00e9preuves \u00e9crites du &hellip; <\/p>\n<p><a class=\"more-link block-button\" href=\"https:\/\/ent2d.ac-bordeaux.fr\/disciplines\/chaudronnerie\/2021\/05\/12\/amenagements-pour-les-epreuves-de-la-voie-professionnelle\/\">Lire la Suite &raquo;<\/a><\/p>\n","protected":false},"author":100,"featured_media":0,"comment_status":"open","ping_status":"closed","sticky":false,"template":"","format":"standard","meta":{"footnotes":""},"categories":[1],"tags":[],"class_list":["post-906","post","type-post","status-publish","format-standard","hentry","category-non-classe"],"_links":{"self":[{"href":"https:\/\/ent2d.ac-bordeaux.fr\/disciplines\/chaudronnerie\/wp-json\/wp\/v2\/posts\/906","targetHints":{"allow":["GET"]}}],"collection":[{"href":"https:\/\/ent2d.ac-bordeaux.fr\/disciplines\/chaudronnerie\/wp-json\/wp\/v2\/posts"}],"about":[{"href":"https:\/\/ent2d.ac-bordeaux.fr\/disciplines\/chaudronnerie\/wp-json\/wp\/v2\/types\/post"}],"author":[{"embeddable":true,"href":"https:\/\/ent2d.ac-bordeaux.fr\/disciplines\/chaudronnerie\/wp-json\/wp\/v2\/users\/100"}],"replies":[{"embeddable":true,"href":"https:\/\/ent2d.ac-bordeaux.fr\/disciplines\/chaudronnerie\/wp-json\/wp\/v2\/comments?post=906"}],"version-history":[{"count":1,"href":"https:\/\/ent2d.ac-bordeaux.fr\/disciplines\/chaudronnerie\/wp-json\/wp\/v2\/posts\/906\/revisions"}],"predecessor-version":[{"id":907,"href":"https:\/\/ent2d.ac-bordeaux.fr\/disciplines\/chaudronnerie\/wp-json\/wp\/v2\/posts\/906\/revisions\/907"}],"wp:attachment":[{"href":"https:\/\/ent2d.ac-bordeaux.fr\/disciplines\/chaudronnerie\/wp-json\/wp\/v2\/media?parent=906"}],"wp:term":[{"taxonomy":"category","embeddable":true,"href":"https:\/\/ent2d.ac-bordeaux.fr\/disciplines\/chaudronnerie\/wp-json\/wp\/v2\/categories?post=906"},{"taxonomy":"post_tag","embeddable":true,"href":"https:\/\/ent2d.ac-bordeaux.fr\/disciplines\/chaudronnerie\/wp-json\/wp\/v2\/tags?post=906"}],"curies":[{"name":"wp","href":"https:\/\/api.w.org\/{rel}","templated":true}]}}