{"id":603,"date":"2019-09-03T22:19:21","date_gmt":"2019-09-03T20:19:21","guid":{"rendered":"https:\/\/ent2d.ac-bordeaux.fr\/disciplines\/chaudronnerie\/?p=603"},"modified":"2019-09-03T22:19:49","modified_gmt":"2019-09-03T20:19:49","slug":"preparer-une-mobilite-le-goethe-institut-soutient-nos-eleves","status":"publish","type":"post","link":"https:\/\/ent2d.ac-bordeaux.fr\/disciplines\/chaudronnerie\/2019\/09\/03\/preparer-une-mobilite-le-goethe-institut-soutient-nos-eleves\/","title":{"rendered":"Pr\u00e9parer une mobilit\u00e9 : le Goethe Institut soutient nos \u00e9l\u00e8ves"},"content":{"rendered":"\n<p>le Goethe-Institut de Bordeaux organise une semaine de mobilit\u00e9 du 21 au 25 octobre (premi\u00e8re semaine des vacances scolaires) qui s\u2019adresse \u00e0 des \u00e9tudiants des lyc\u00e9es pro ainsi que des apprentis. Pour soutenir la mobilit\u00e9 des jeunes et promouvoir la langue allemande dans la formation professionnelle, le Minist\u00e8re des Affaires \u00e9trang\u00e8res de la R\u00e9publique f\u00e9d\u00e9rale d\u2019Allemagne a mis \u00e0 disposition des fonds permettant de r\u00e9aliser des projets de mobilit\u00e9 pour les \u00e9l\u00e8ves, tel que celui-ci, organis\u00e9 par les Goethe-Instituts en France. Ce projet propose une combinaison de cours de langue, de pr\u00e9paration interculturelle et de d\u00e9couverte du monde du travail. <\/p>\n\n\n\n<div class=\"wp-block-file\"><a href=\"https:\/\/ent2d.ac-bordeaux.fr\/disciplines\/chaudronnerie\/wp-content\/uploads\/sites\/23\/2019\/09\/Planning-de-mobilit\u00e9-pour-\u00e9l\u00e8ves-en-lyc\u00e9e-professionnel-et-apprentis.docx\">Planning de mobilit\u00e9 pour \u00e9l\u00e8ves en lyc\u00e9e professionnel et apprentis<\/a><a href=\"https:\/\/ent2d.ac-bordeaux.fr\/disciplines\/chaudronnerie\/wp-content\/uploads\/sites\/23\/2019\/09\/Planning-de-mobilit\u00e9-pour-\u00e9l\u00e8ves-en-lyc\u00e9e-professionnel-et-apprentis.docx\" class=\"wp-block-file__button\" download>T\u00e9l\u00e9charger<\/a><\/div>\n\n\n\n<div class=\"wp-block-file\"><a href=\"https:\/\/ent2d.ac-bordeaux.fr\/disciplines\/chaudronnerie\/wp-content\/uploads\/sites\/23\/2019\/09\/Projet-de-mobilit\u00e9-pour-lyc\u00e9ens-en-lyc\u00e9e-professionnel-et-apprentis.docx\">Projet de mobilit\u00e9 pour lyc\u00e9ens en lyc\u00e9e professionnel et apprentis<\/a><a href=\"https:\/\/ent2d.ac-bordeaux.fr\/disciplines\/chaudronnerie\/wp-content\/uploads\/sites\/23\/2019\/09\/Projet-de-mobilit\u00e9-pour-lyc\u00e9ens-en-lyc\u00e9e-professionnel-et-apprentis.docx\" class=\"wp-block-file__button\" download>T\u00e9l\u00e9charger<\/a><\/div>\n\n\n\n<div class=\"wp-block-file\"><a href=\"https:\/\/ent2d.ac-bordeaux.fr\/disciplines\/chaudronnerie\/wp-content\/uploads\/sites\/23\/2019\/09\/Inscription-formation.docx\">Inscription formation<\/a><a href=\"https:\/\/ent2d.ac-bordeaux.fr\/disciplines\/chaudronnerie\/wp-content\/uploads\/sites\/23\/2019\/09\/Inscription-formation.docx\" class=\"wp-block-file__button\" download>T\u00e9l\u00e9charger<\/a><\/div>\n","protected":false},"excerpt":{"rendered":"<p>le Goethe-Institut de Bordeaux organise une semaine de mobilit\u00e9 du 21 au 25 octobre (premi\u00e8re semaine des vacances scolaires) qui s\u2019adresse \u00e0 des \u00e9tudiants des lyc\u00e9es pro ainsi que des apprentis. Pour soutenir la mobilit\u00e9 des jeunes et promouvoir la langue allemande dans la formation professionnelle, le Minist\u00e8re des Affaires \u00e9trang\u00e8res de la R\u00e9publique f\u00e9d\u00e9rale &hellip; <\/p>\n<p><a class=\"more-link block-button\" href=\"https:\/\/ent2d.ac-bordeaux.fr\/disciplines\/chaudronnerie\/2019\/09\/03\/preparer-une-mobilite-le-goethe-institut-soutient-nos-eleves\/\">Lire la Suite &raquo;<\/a><\/p>\n","protected":false},"author":100,"featured_media":0,"comment_status":"open","ping_status":"closed","sticky":false,"template":"","format":"standard","meta":{"footnotes":""},"categories":[1],"tags":[],"class_list":["post-603","post","type-post","status-publish","format-standard","hentry","category-non-classe"],"_links":{"self":[{"href":"https:\/\/ent2d.ac-bordeaux.fr\/disciplines\/chaudronnerie\/wp-json\/wp\/v2\/posts\/603","targetHints":{"allow":["GET"]}}],"collection":[{"href":"https:\/\/ent2d.ac-bordeaux.fr\/disciplines\/chaudronnerie\/wp-json\/wp\/v2\/posts"}],"about":[{"href":"https:\/\/ent2d.ac-bordeaux.fr\/disciplines\/chaudronnerie\/wp-json\/wp\/v2\/types\/post"}],"author":[{"embeddable":true,"href":"https:\/\/ent2d.ac-bordeaux.fr\/disciplines\/chaudronnerie\/wp-json\/wp\/v2\/users\/100"}],"replies":[{"embeddable":true,"href":"https:\/\/ent2d.ac-bordeaux.fr\/disciplines\/chaudronnerie\/wp-json\/wp\/v2\/comments?post=603"}],"version-history":[{"count":2,"href":"https:\/\/ent2d.ac-bordeaux.fr\/disciplines\/chaudronnerie\/wp-json\/wp\/v2\/posts\/603\/revisions"}],"predecessor-version":[{"id":608,"href":"https:\/\/ent2d.ac-bordeaux.fr\/disciplines\/chaudronnerie\/wp-json\/wp\/v2\/posts\/603\/revisions\/608"}],"wp:attachment":[{"href":"https:\/\/ent2d.ac-bordeaux.fr\/disciplines\/chaudronnerie\/wp-json\/wp\/v2\/media?parent=603"}],"wp:term":[{"taxonomy":"category","embeddable":true,"href":"https:\/\/ent2d.ac-bordeaux.fr\/disciplines\/chaudronnerie\/wp-json\/wp\/v2\/categories?post=603"},{"taxonomy":"post_tag","embeddable":true,"href":"https:\/\/ent2d.ac-bordeaux.fr\/disciplines\/chaudronnerie\/wp-json\/wp\/v2\/tags?post=603"}],"curies":[{"name":"wp","href":"https:\/\/api.w.org\/{rel}","templated":true}]}}