{"id":7683,"date":"2026-09-04T08:34:13","date_gmt":"2026-09-04T06:34:13","guid":{"rendered":"https:\/\/ent2d.ac-bordeaux.fr\/disciplines\/biotechnologies-sante-social\/?p=7683"},"modified":"2026-09-04T08:34:14","modified_gmt":"2026-09-04T06:34:14","slug":"ecole-promotrice-de-sante-ressources-et-actualites","status":"publish","type":"post","link":"https:\/\/ent2d.ac-bordeaux.fr\/disciplines\/biotechnologies-sante-social\/2026\/09\/04\/ecole-promotrice-de-sante-ressources-et-actualites\/","title":{"rendered":"\u00c9cole promotrice de sant\u00e9 : ressources et actualit\u00e9s"},"content":{"rendered":"\n<p><a href=\"https:\/\/eduscol.education.gouv.fr\/sites\/default\/files\/document\/infolettre-epsat2-2026-127622.pdf\">L\u2019<strong>infolettre \u00c9cole promotrice de sant\u00e9 n\u00b018<\/strong><\/a> du 2e trimestre 2026, propose une s\u00e9lection d\u2019actualit\u00e9s, de publications et de ressources autour de la promotion de la sant\u00e9 \u00e0 l\u2019\u00c9cole. Elle aborde notamment les comp\u00e9tences psychosociales, la sant\u00e9 mentale, l\u2019EVAR\/EVARS, les conduites addictives, le sommeil, l\u2019activit\u00e9 physique, la sant\u00e9-environnement et l\u2019\u00e9ducation \u00e0 l\u2019alimentation.<\/p>\n\n\n\n<p><\/p>\n\n\n\n<p><\/p>\n\n\n\n<p><\/p>\n","protected":false},"excerpt":{"rendered":"<p>L\u2019infolettre \u00c9cole promotrice de sant\u00e9 n\u00b018 du 2e trimestre 2026, propose une s\u00e9lection d\u2019actualit\u00e9s, de publications et de ressources autour<\/p>\n","protected":false},"author":786,"featured_media":7685,"comment_status":"closed","ping_status":"closed","sticky":false,"template":"","format":"standard","meta":{"_bbp_topic_count":0,"_bbp_reply_count":0,"_bbp_total_topic_count":0,"_bbp_total_reply_count":0,"_bbp_voice_count":0,"_bbp_anonymous_reply_count":0,"_bbp_topic_count_hidden":0,"_bbp_reply_count_hidden":0,"_bbp_forum_subforum_count":0,"footnotes":""},"categories":[16],"tags":[377,171,201,619,894],"class_list":["post-7683","post","type-post","status-publish","format-standard","has-post-thumbnail","hentry","category-stms","tag-bien-etre","tag-prevention","tag-promotion-de-la-sante","tag-protection-de-lenfance","tag-sante-a-lecole"],"_links":{"self":[{"href":"https:\/\/ent2d.ac-bordeaux.fr\/disciplines\/biotechnologies-sante-social\/wp-json\/wp\/v2\/posts\/7683","targetHints":{"allow":["GET"]}}],"collection":[{"href":"https:\/\/ent2d.ac-bordeaux.fr\/disciplines\/biotechnologies-sante-social\/wp-json\/wp\/v2\/posts"}],"about":[{"href":"https:\/\/ent2d.ac-bordeaux.fr\/disciplines\/biotechnologies-sante-social\/wp-json\/wp\/v2\/types\/post"}],"author":[{"embeddable":true,"href":"https:\/\/ent2d.ac-bordeaux.fr\/disciplines\/biotechnologies-sante-social\/wp-json\/wp\/v2\/users\/786"}],"replies":[{"embeddable":true,"href":"https:\/\/ent2d.ac-bordeaux.fr\/disciplines\/biotechnologies-sante-social\/wp-json\/wp\/v2\/comments?post=7683"}],"version-history":[{"count":2,"href":"https:\/\/ent2d.ac-bordeaux.fr\/disciplines\/biotechnologies-sante-social\/wp-json\/wp\/v2\/posts\/7683\/revisions"}],"predecessor-version":[{"id":7686,"href":"https:\/\/ent2d.ac-bordeaux.fr\/disciplines\/biotechnologies-sante-social\/wp-json\/wp\/v2\/posts\/7683\/revisions\/7686"}],"wp:featuredmedia":[{"embeddable":true,"href":"https:\/\/ent2d.ac-bordeaux.fr\/disciplines\/biotechnologies-sante-social\/wp-json\/wp\/v2\/media\/7685"}],"wp:attachment":[{"href":"https:\/\/ent2d.ac-bordeaux.fr\/disciplines\/biotechnologies-sante-social\/wp-json\/wp\/v2\/media?parent=7683"}],"wp:term":[{"taxonomy":"category","embeddable":true,"href":"https:\/\/ent2d.ac-bordeaux.fr\/disciplines\/biotechnologies-sante-social\/wp-json\/wp\/v2\/categories?post=7683"},{"taxonomy":"post_tag","embeddable":true,"href":"https:\/\/ent2d.ac-bordeaux.fr\/disciplines\/biotechnologies-sante-social\/wp-json\/wp\/v2\/tags?post=7683"}],"curies":[{"name":"wp","href":"https:\/\/api.w.org\/{rel}","templated":true}]}}