{"id":7505,"date":"2026-04-29T16:03:16","date_gmt":"2026-04-29T14:03:16","guid":{"rendered":"https:\/\/ent2d.ac-bordeaux.fr\/disciplines\/biotechnologies-sante-social\/?p=7505"},"modified":"2026-04-29T16:03:18","modified_gmt":"2026-04-29T14:03:18","slug":"abandon-du-sport-chez-les-jeunes-focus-sur-les-adolescentes","status":"publish","type":"post","link":"https:\/\/ent2d.ac-bordeaux.fr\/disciplines\/biotechnologies-sante-social\/2026\/04\/29\/abandon-du-sport-chez-les-jeunes-focus-sur-les-adolescentes\/","title":{"rendered":"Abandon du sport chez les jeunes : focus sur les adolescentes"},"content":{"rendered":"\n<p>Selon une \u00e9tude de l<a href=\"https:\/\/injep.fr\/publication\/entre-14-et-18-ans-un-jeune-sur-quatre-abandonne-la-pratique-reguliere-du-sport\/\">\u2019INJEP<\/a>, un jeune sur quatre abandonne le sport entre 14 et 18 ans. Dans ce contexte, l\u2019\u00e9tude \u00ab <a href=\"https:\/\/www.mgen.fr\/fileadmin\/user_upload\/MGEN_KANTAR_2026_A4_PORTRAIT_1001.pdf\">D\u00e9crochage sportif des adolescentes<\/a> \u00bb, publi\u00e9e par la MGEN en partenariat avec Kantar, montre que les adolescentes cessent souvent le sport en raison d\u2019in\u00e9galit\u00e9s de genre, sociales et de facteurs li\u00e9s au corps.<\/p>\n\n\n\n<p><strong>Exploitations possibles en bac ST2S<\/strong> : <br>&#8211; Montrer que l&#8217;abandon du sport constitue un probl\u00e8me de sant\u00e9 publique,<br>&#8211; Identifier les d\u00e9terminants de sant\u00e9 expliquant le d\u00e9crochage sportif des adolescentes.<br><\/p>\n\n\n\n<p><\/p>\n","protected":false},"excerpt":{"rendered":"<p>Selon une \u00e9tude de l\u2019INJEP, un jeune sur quatre abandonne le sport entre 14 et 18 ans. Dans ce contexte,<\/p>\n","protected":false},"author":786,"featured_media":7221,"comment_status":"closed","ping_status":"closed","sticky":false,"template":"","format":"standard","meta":{"_bbp_topic_count":0,"_bbp_reply_count":0,"_bbp_total_topic_count":0,"_bbp_total_reply_count":0,"_bbp_voice_count":0,"_bbp_anonymous_reply_count":0,"_bbp_topic_count_hidden":0,"_bbp_reply_count_hidden":0,"_bbp_forum_subforum_count":0,"footnotes":""},"categories":[25,16],"tags":[377,443,848,507,187],"class_list":["post-7505","post","type-post","status-publish","format-standard","has-post-thumbnail","hentry","category-ressources-stms","category-stms","tag-bien-etre","tag-determinants-de-sante","tag-inegalites-de-genre","tag-inegalites-sociales-de-sante","tag-sante"],"_links":{"self":[{"href":"https:\/\/ent2d.ac-bordeaux.fr\/disciplines\/biotechnologies-sante-social\/wp-json\/wp\/v2\/posts\/7505","targetHints":{"allow":["GET"]}}],"collection":[{"href":"https:\/\/ent2d.ac-bordeaux.fr\/disciplines\/biotechnologies-sante-social\/wp-json\/wp\/v2\/posts"}],"about":[{"href":"https:\/\/ent2d.ac-bordeaux.fr\/disciplines\/biotechnologies-sante-social\/wp-json\/wp\/v2\/types\/post"}],"author":[{"embeddable":true,"href":"https:\/\/ent2d.ac-bordeaux.fr\/disciplines\/biotechnologies-sante-social\/wp-json\/wp\/v2\/users\/786"}],"replies":[{"embeddable":true,"href":"https:\/\/ent2d.ac-bordeaux.fr\/disciplines\/biotechnologies-sante-social\/wp-json\/wp\/v2\/comments?post=7505"}],"version-history":[{"count":5,"href":"https:\/\/ent2d.ac-bordeaux.fr\/disciplines\/biotechnologies-sante-social\/wp-json\/wp\/v2\/posts\/7505\/revisions"}],"predecessor-version":[{"id":7510,"href":"https:\/\/ent2d.ac-bordeaux.fr\/disciplines\/biotechnologies-sante-social\/wp-json\/wp\/v2\/posts\/7505\/revisions\/7510"}],"wp:featuredmedia":[{"embeddable":true,"href":"https:\/\/ent2d.ac-bordeaux.fr\/disciplines\/biotechnologies-sante-social\/wp-json\/wp\/v2\/media\/7221"}],"wp:attachment":[{"href":"https:\/\/ent2d.ac-bordeaux.fr\/disciplines\/biotechnologies-sante-social\/wp-json\/wp\/v2\/media?parent=7505"}],"wp:term":[{"taxonomy":"category","embeddable":true,"href":"https:\/\/ent2d.ac-bordeaux.fr\/disciplines\/biotechnologies-sante-social\/wp-json\/wp\/v2\/categories?post=7505"},{"taxonomy":"post_tag","embeddable":true,"href":"https:\/\/ent2d.ac-bordeaux.fr\/disciplines\/biotechnologies-sante-social\/wp-json\/wp\/v2\/tags?post=7505"}],"curies":[{"name":"wp","href":"https:\/\/api.w.org\/{rel}","templated":true}]}}