{"id":7392,"date":"2026-03-02T11:18:10","date_gmt":"2026-03-02T10:18:10","guid":{"rendered":"https:\/\/ent2d.ac-bordeaux.fr\/disciplines\/biotechnologies-sante-social\/?p=7392"},"modified":"2026-03-02T11:18:11","modified_gmt":"2026-03-02T10:18:11","slug":"vih-sida-memoire-et-prevention","status":"publish","type":"post","link":"https:\/\/ent2d.ac-bordeaux.fr\/disciplines\/biotechnologies-sante-social\/2026\/03\/02\/vih-sida-memoire-et-prevention\/","title":{"rendered":"VIH\/Sida : m\u00e9moire et pr\u00e9vention"},"content":{"rendered":"\n<p>L\u2019exposition \u00ab <a href=\"https:\/\/www.musee-aquitaine-bordeaux.fr\/visiter\/expositions\/vih-sida-en-gironde-40-ans-dhistoires-et-maintenant\">VIH\/Sida en Gironde : 40 ans d\u2019histoires, et maintenant ?<\/a> \u00bb, pr\u00e9sent\u00e9e au <strong>Mus\u00e9e d&#8217;Aquitaine<\/strong> (Bordeaux) du <strong>30 janvier au 22 mars 2026<\/strong>, retrace quarante ans d\u2019histoire de l\u2019\u00e9pid\u00e9mie et met en lumi\u00e8re les enjeux actuels de pr\u00e9vention. Elle invite \u00e0 r\u00e9fl\u00e9chir aux repr\u00e9sentations sociales, aux d\u00e9terminants de sant\u00e9 et \u00e0 l\u2019importance d\u2019une mobilisation collective.<\/p>\n\n\n\n<p><\/p>\n","protected":false},"excerpt":{"rendered":"<p>L\u2019exposition \u00ab VIH\/Sida en Gironde : 40 ans d\u2019histoires, et maintenant ? \u00bb, pr\u00e9sent\u00e9e au Mus\u00e9e d&#8217;Aquitaine (Bordeaux) du 30<\/p>\n","protected":false},"author":786,"featured_media":5655,"comment_status":"closed","ping_status":"closed","sticky":false,"template":"","format":"standard","meta":{"_bbp_topic_count":0,"_bbp_reply_count":0,"_bbp_total_topic_count":0,"_bbp_total_reply_count":0,"_bbp_voice_count":0,"_bbp_anonymous_reply_count":0,"_bbp_topic_count_hidden":0,"_bbp_reply_count_hidden":0,"_bbp_forum_subforum_count":0,"footnotes":""},"categories":[25,16],"tags":[171,813,214,812],"class_list":["post-7392","post","type-post","status-publish","format-standard","has-post-thumbnail","hentry","category-ressources-stms","category-stms","tag-prevention","tag-representations-sociales","tag-sante-publique","tag-vih-sida-2"],"_links":{"self":[{"href":"https:\/\/ent2d.ac-bordeaux.fr\/disciplines\/biotechnologies-sante-social\/wp-json\/wp\/v2\/posts\/7392","targetHints":{"allow":["GET"]}}],"collection":[{"href":"https:\/\/ent2d.ac-bordeaux.fr\/disciplines\/biotechnologies-sante-social\/wp-json\/wp\/v2\/posts"}],"about":[{"href":"https:\/\/ent2d.ac-bordeaux.fr\/disciplines\/biotechnologies-sante-social\/wp-json\/wp\/v2\/types\/post"}],"author":[{"embeddable":true,"href":"https:\/\/ent2d.ac-bordeaux.fr\/disciplines\/biotechnologies-sante-social\/wp-json\/wp\/v2\/users\/786"}],"replies":[{"embeddable":true,"href":"https:\/\/ent2d.ac-bordeaux.fr\/disciplines\/biotechnologies-sante-social\/wp-json\/wp\/v2\/comments?post=7392"}],"version-history":[{"count":1,"href":"https:\/\/ent2d.ac-bordeaux.fr\/disciplines\/biotechnologies-sante-social\/wp-json\/wp\/v2\/posts\/7392\/revisions"}],"predecessor-version":[{"id":7393,"href":"https:\/\/ent2d.ac-bordeaux.fr\/disciplines\/biotechnologies-sante-social\/wp-json\/wp\/v2\/posts\/7392\/revisions\/7393"}],"wp:featuredmedia":[{"embeddable":true,"href":"https:\/\/ent2d.ac-bordeaux.fr\/disciplines\/biotechnologies-sante-social\/wp-json\/wp\/v2\/media\/5655"}],"wp:attachment":[{"href":"https:\/\/ent2d.ac-bordeaux.fr\/disciplines\/biotechnologies-sante-social\/wp-json\/wp\/v2\/media?parent=7392"}],"wp:term":[{"taxonomy":"category","embeddable":true,"href":"https:\/\/ent2d.ac-bordeaux.fr\/disciplines\/biotechnologies-sante-social\/wp-json\/wp\/v2\/categories?post=7392"},{"taxonomy":"post_tag","embeddable":true,"href":"https:\/\/ent2d.ac-bordeaux.fr\/disciplines\/biotechnologies-sante-social\/wp-json\/wp\/v2\/tags?post=7392"}],"curies":[{"name":"wp","href":"https:\/\/api.w.org\/{rel}","templated":true}]}}