{"id":7360,"date":"2026-01-27T15:09:11","date_gmt":"2026-01-27T14:09:11","guid":{"rendered":"https:\/\/ent2d.ac-bordeaux.fr\/disciplines\/biotechnologies-sante-social\/?p=7360"},"modified":"2026-01-27T15:09:12","modified_gmt":"2026-01-27T14:09:12","slug":"sante-des-lyceens-comportements-et-usage-de-substances-psychoactives-en-nouvelle-aquitaine","status":"publish","type":"post","link":"https:\/\/ent2d.ac-bordeaux.fr\/disciplines\/biotechnologies-sante-social\/2026\/01\/27\/sante-des-lyceens-comportements-et-usage-de-substances-psychoactives-en-nouvelle-aquitaine\/","title":{"rendered":"Sant\u00e9 des lyc\u00e9ens : comportements et usage de substances psychoactives en Nouvelle-Aquitaine"},"content":{"rendered":"\n<p>L\u2019Observatoire R\u00e9gional de la Sant\u00e9 Nouvelle-Aquitaine publie les r\u00e9sultats de son enqu\u00eate sur <strong><a href=\"https:\/\/www.ors-na.org\/publications\/enquete-sante-des-lyceens-les-substances-psychoactives\/\">la sant\u00e9 des lyc\u00e9ens et l\u2019usage des substances psychoactives <\/a><\/strong>(alcool, tabac, cannabis, etc.), r\u00e9alis\u00e9e fin 2022 aupr\u00e8s de pr\u00e8s de <strong>6 000 \u00e9l\u00e8ves<\/strong> de la r\u00e9gion. Cette \u00e9tude d\u00e9crit les comportements de sant\u00e9 des jeunes \u00e0 partir de leurs r\u00e9ponses \u00e0 un questionnaire et offre un \u00e9clairage pr\u00e9cieux pour les actions \u00e9ducatives et de pr\u00e9vention.<\/p>\n\n\n\n<p><\/p>\n","protected":false},"excerpt":{"rendered":"<p>L\u2019Observatoire R\u00e9gional de la Sant\u00e9 Nouvelle-Aquitaine publie les r\u00e9sultats de son enqu\u00eate sur la sant\u00e9 des lyc\u00e9ens et l\u2019usage des<\/p>\n","protected":false},"author":786,"featured_media":5286,"comment_status":"closed","ping_status":"closed","sticky":false,"template":"","format":"standard","meta":{"_bbp_topic_count":0,"_bbp_reply_count":0,"_bbp_total_topic_count":0,"_bbp_total_reply_count":0,"_bbp_voice_count":0,"_bbp_anonymous_reply_count":0,"_bbp_topic_count_hidden":0,"_bbp_reply_count_hidden":0,"_bbp_forum_subforum_count":0,"footnotes":""},"categories":[25,16],"tags":[801,788,639,252,171,187],"class_list":["post-7360","post","type-post","status-publish","format-standard","has-post-thumbnail","hentry","category-ressources-stms","category-stms","tag-comportement-a-risque","tag-determinant-de-sante","tag-education-a-la-sante","tag-jeunes","tag-prevention","tag-sante"],"_links":{"self":[{"href":"https:\/\/ent2d.ac-bordeaux.fr\/disciplines\/biotechnologies-sante-social\/wp-json\/wp\/v2\/posts\/7360","targetHints":{"allow":["GET"]}}],"collection":[{"href":"https:\/\/ent2d.ac-bordeaux.fr\/disciplines\/biotechnologies-sante-social\/wp-json\/wp\/v2\/posts"}],"about":[{"href":"https:\/\/ent2d.ac-bordeaux.fr\/disciplines\/biotechnologies-sante-social\/wp-json\/wp\/v2\/types\/post"}],"author":[{"embeddable":true,"href":"https:\/\/ent2d.ac-bordeaux.fr\/disciplines\/biotechnologies-sante-social\/wp-json\/wp\/v2\/users\/786"}],"replies":[{"embeddable":true,"href":"https:\/\/ent2d.ac-bordeaux.fr\/disciplines\/biotechnologies-sante-social\/wp-json\/wp\/v2\/comments?post=7360"}],"version-history":[{"count":1,"href":"https:\/\/ent2d.ac-bordeaux.fr\/disciplines\/biotechnologies-sante-social\/wp-json\/wp\/v2\/posts\/7360\/revisions"}],"predecessor-version":[{"id":7361,"href":"https:\/\/ent2d.ac-bordeaux.fr\/disciplines\/biotechnologies-sante-social\/wp-json\/wp\/v2\/posts\/7360\/revisions\/7361"}],"wp:featuredmedia":[{"embeddable":true,"href":"https:\/\/ent2d.ac-bordeaux.fr\/disciplines\/biotechnologies-sante-social\/wp-json\/wp\/v2\/media\/5286"}],"wp:attachment":[{"href":"https:\/\/ent2d.ac-bordeaux.fr\/disciplines\/biotechnologies-sante-social\/wp-json\/wp\/v2\/media?parent=7360"}],"wp:term":[{"taxonomy":"category","embeddable":true,"href":"https:\/\/ent2d.ac-bordeaux.fr\/disciplines\/biotechnologies-sante-social\/wp-json\/wp\/v2\/categories?post=7360"},{"taxonomy":"post_tag","embeddable":true,"href":"https:\/\/ent2d.ac-bordeaux.fr\/disciplines\/biotechnologies-sante-social\/wp-json\/wp\/v2\/tags?post=7360"}],"curies":[{"name":"wp","href":"https:\/\/api.w.org\/{rel}","templated":true}]}}