{"id":7301,"date":"2026-01-12T16:47:40","date_gmt":"2026-01-12T15:47:40","guid":{"rendered":"https:\/\/ent2d.ac-bordeaux.fr\/disciplines\/biotechnologies-sante-social\/?p=7301"},"modified":"2026-01-12T16:47:40","modified_gmt":"2026-01-12T15:47:40","slug":"lutte-contre-la-precarite-alimentaire","status":"publish","type":"post","link":"https:\/\/ent2d.ac-bordeaux.fr\/disciplines\/biotechnologies-sante-social\/2026\/01\/12\/lutte-contre-la-precarite-alimentaire\/","title":{"rendered":"Lutte contre la pr\u00e9carit\u00e9 alimentaire"},"content":{"rendered":"\n<p>Cette ressource de la DREETS Nouvelle-Aquitaine permet d\u2019aborder <a href=\"https:\/\/nouvelle-aquitaine.dreets.gouv.fr\/Lutter-contre-la-precarite-alimentaire\">la lutte contre la pr\u00e9carit\u00e9 alimentaire<\/a>, en pr\u00e9sentant les principales actions, dispositifs et financements mobilis\u00e9s par l\u2019\u00c9tat et ses partenaires dans la r\u00e9gion. <\/p>\n\n\n\n<p>Pistes d\u2019exploitation p\u00e9dagogique (ST2S) : <br>&#8211; d\u00e9finir la pr\u00e9carit\u00e9 alimentaire comme probl\u00e8me social et sanitaire, en lien avec les d\u00e9terminants de sant\u00e9 ;<br>&#8211; identifier les acteurs et dispositifs de lutte contre la pr\u00e9carit\u00e9 alimentaire \u00e0 diff\u00e9rentes \u00e9chelles (\u00c9tat, associations, Europe) ;<br>&#8211; analyser les r\u00e9ponses publiques apport\u00e9es \u00e0 un besoin social concret ;<br>&#8211; proposer une \u00e9tude de cas locale en Nouvelle-Aquitaine, \u00e0 partir de donn\u00e9es et de dispositifs territoriaux.<\/p>\n\n\n\n<p><\/p>\n","protected":false},"excerpt":{"rendered":"<p>Cette ressource de la DREETS Nouvelle-Aquitaine permet d\u2019aborder la lutte contre la pr\u00e9carit\u00e9 alimentaire, en pr\u00e9sentant les principales actions, dispositifs<\/p>\n","protected":false},"author":786,"featured_media":6800,"comment_status":"closed","ping_status":"closed","sticky":false,"template":"","format":"standard","meta":{"_bbp_topic_count":0,"_bbp_reply_count":0,"_bbp_total_topic_count":0,"_bbp_total_reply_count":0,"_bbp_voice_count":0,"_bbp_anonymous_reply_count":0,"_bbp_topic_count_hidden":0,"_bbp_reply_count_hidden":0,"_bbp_forum_subforum_count":0,"footnotes":""},"categories":[25,16],"tags":[260,783,503,363,785,784],"class_list":["post-7301","post","type-post","status-publish","format-standard","has-post-thumbnail","hentry","category-ressources-stms","category-stms","tag-action-sociale","tag-besoin-social","tag-politique-sociale","tag-precarite-alimentaire","tag-probleme-sanitaire","tag-probleme-social"],"_links":{"self":[{"href":"https:\/\/ent2d.ac-bordeaux.fr\/disciplines\/biotechnologies-sante-social\/wp-json\/wp\/v2\/posts\/7301","targetHints":{"allow":["GET"]}}],"collection":[{"href":"https:\/\/ent2d.ac-bordeaux.fr\/disciplines\/biotechnologies-sante-social\/wp-json\/wp\/v2\/posts"}],"about":[{"href":"https:\/\/ent2d.ac-bordeaux.fr\/disciplines\/biotechnologies-sante-social\/wp-json\/wp\/v2\/types\/post"}],"author":[{"embeddable":true,"href":"https:\/\/ent2d.ac-bordeaux.fr\/disciplines\/biotechnologies-sante-social\/wp-json\/wp\/v2\/users\/786"}],"replies":[{"embeddable":true,"href":"https:\/\/ent2d.ac-bordeaux.fr\/disciplines\/biotechnologies-sante-social\/wp-json\/wp\/v2\/comments?post=7301"}],"version-history":[{"count":1,"href":"https:\/\/ent2d.ac-bordeaux.fr\/disciplines\/biotechnologies-sante-social\/wp-json\/wp\/v2\/posts\/7301\/revisions"}],"predecessor-version":[{"id":7302,"href":"https:\/\/ent2d.ac-bordeaux.fr\/disciplines\/biotechnologies-sante-social\/wp-json\/wp\/v2\/posts\/7301\/revisions\/7302"}],"wp:featuredmedia":[{"embeddable":true,"href":"https:\/\/ent2d.ac-bordeaux.fr\/disciplines\/biotechnologies-sante-social\/wp-json\/wp\/v2\/media\/6800"}],"wp:attachment":[{"href":"https:\/\/ent2d.ac-bordeaux.fr\/disciplines\/biotechnologies-sante-social\/wp-json\/wp\/v2\/media?parent=7301"}],"wp:term":[{"taxonomy":"category","embeddable":true,"href":"https:\/\/ent2d.ac-bordeaux.fr\/disciplines\/biotechnologies-sante-social\/wp-json\/wp\/v2\/categories?post=7301"},{"taxonomy":"post_tag","embeddable":true,"href":"https:\/\/ent2d.ac-bordeaux.fr\/disciplines\/biotechnologies-sante-social\/wp-json\/wp\/v2\/tags?post=7301"}],"curies":[{"name":"wp","href":"https:\/\/api.w.org\/{rel}","templated":true}]}}