{"id":6522,"date":"2025-01-20T07:02:38","date_gmt":"2025-01-20T06:02:38","guid":{"rendered":"https:\/\/ent2d.ac-bordeaux.fr\/disciplines\/biotechnologies-sante-social\/?p=6522"},"modified":"2025-01-24T18:16:01","modified_gmt":"2025-01-24T17:16:01","slug":"acces-aux-soins-des-personnes-en-situation-de-handicap","status":"publish","type":"post","link":"https:\/\/ent2d.ac-bordeaux.fr\/disciplines\/biotechnologies-sante-social\/2025\/01\/20\/acces-aux-soins-des-personnes-en-situation-de-handicap\/","title":{"rendered":"Acc\u00e8s aux soins des personnes en situation de handicap"},"content":{"rendered":"\n<p>L&#8217;Agence r\u00e9gionale de sant\u00e9 Nouvelle-Aquitaine a annonc\u00e9 la mise en place d&#8217;une politique r\u00e9gionale visant \u00e0 faciliter l&#8217;acc\u00e8s aux soins pour les individus handicap\u00e9s.&nbsp;L&#8217;intention est de diminuer les disparit\u00e9s et de rendre le syst\u00e8me de sant\u00e9 plus inclusif.<\/p>\n\n\n\n<p>Pour plus d&#8217;information, c&#8217;est <a href=\"https:\/\/www.nouvelle-aquitaine.ars.sante.fr\/acces-aux-soins-des-personnes-en-situation-de-handicap-quelle-strategie-en-nouvelle-aquitaine-0\">ici<\/a>.<\/p>\n","protected":false},"excerpt":{"rendered":"<p>L&#8217;Agence r\u00e9gionale de sant\u00e9 Nouvelle-Aquitaine a annonc\u00e9 la mise en place d&#8217;une politique r\u00e9gionale visant \u00e0 faciliter l&#8217;acc\u00e8s aux soins<\/p>\n","protected":false},"author":786,"featured_media":6654,"comment_status":"closed","ping_status":"closed","sticky":false,"template":"","format":"standard","meta":{"_bbp_topic_count":0,"_bbp_reply_count":0,"_bbp_total_topic_count":0,"_bbp_total_reply_count":0,"_bbp_voice_count":0,"_bbp_anonymous_reply_count":0,"_bbp_topic_count_hidden":0,"_bbp_reply_count_hidden":0,"_bbp_forum_subforum_count":0,"footnotes":""},"categories":[25,16],"tags":[261,342,514,171,187,515],"class_list":["post-6522","post","type-post","status-publish","format-standard","has-post-thumbnail","hentry","category-ressources-stms","category-stms","tag-acces-aux-soins","tag-depistage","tag-inegalites-de-sante","tag-prevention","tag-sante","tag-strategie-regionale"],"_links":{"self":[{"href":"https:\/\/ent2d.ac-bordeaux.fr\/disciplines\/biotechnologies-sante-social\/wp-json\/wp\/v2\/posts\/6522","targetHints":{"allow":["GET"]}}],"collection":[{"href":"https:\/\/ent2d.ac-bordeaux.fr\/disciplines\/biotechnologies-sante-social\/wp-json\/wp\/v2\/posts"}],"about":[{"href":"https:\/\/ent2d.ac-bordeaux.fr\/disciplines\/biotechnologies-sante-social\/wp-json\/wp\/v2\/types\/post"}],"author":[{"embeddable":true,"href":"https:\/\/ent2d.ac-bordeaux.fr\/disciplines\/biotechnologies-sante-social\/wp-json\/wp\/v2\/users\/786"}],"replies":[{"embeddable":true,"href":"https:\/\/ent2d.ac-bordeaux.fr\/disciplines\/biotechnologies-sante-social\/wp-json\/wp\/v2\/comments?post=6522"}],"version-history":[{"count":3,"href":"https:\/\/ent2d.ac-bordeaux.fr\/disciplines\/biotechnologies-sante-social\/wp-json\/wp\/v2\/posts\/6522\/revisions"}],"predecessor-version":[{"id":6599,"href":"https:\/\/ent2d.ac-bordeaux.fr\/disciplines\/biotechnologies-sante-social\/wp-json\/wp\/v2\/posts\/6522\/revisions\/6599"}],"wp:featuredmedia":[{"embeddable":true,"href":"https:\/\/ent2d.ac-bordeaux.fr\/disciplines\/biotechnologies-sante-social\/wp-json\/wp\/v2\/media\/6654"}],"wp:attachment":[{"href":"https:\/\/ent2d.ac-bordeaux.fr\/disciplines\/biotechnologies-sante-social\/wp-json\/wp\/v2\/media?parent=6522"}],"wp:term":[{"taxonomy":"category","embeddable":true,"href":"https:\/\/ent2d.ac-bordeaux.fr\/disciplines\/biotechnologies-sante-social\/wp-json\/wp\/v2\/categories?post=6522"},{"taxonomy":"post_tag","embeddable":true,"href":"https:\/\/ent2d.ac-bordeaux.fr\/disciplines\/biotechnologies-sante-social\/wp-json\/wp\/v2\/tags?post=6522"}],"curies":[{"name":"wp","href":"https:\/\/api.w.org\/{rel}","templated":true}]}}