{"id":6457,"date":"2024-12-01T22:57:26","date_gmt":"2024-12-01T21:57:26","guid":{"rendered":"https:\/\/ent2d.ac-bordeaux.fr\/disciplines\/biotechnologies-sante-social\/?p=6457"},"modified":"2024-12-01T22:57:26","modified_gmt":"2024-12-01T21:57:26","slug":"traite-international-sur-le-plastique-en-coree-du-sud","status":"publish","type":"post","link":"https:\/\/ent2d.ac-bordeaux.fr\/disciplines\/biotechnologies-sante-social\/2024\/12\/01\/traite-international-sur-le-plastique-en-coree-du-sud\/","title":{"rendered":"Trait\u00e9 international sur le plastique en Cor\u00e9e du Sud"},"content":{"rendered":"\n<p>Du 25 novembre au 1 d\u00e9cembre \u00e0 lieu la cinqui\u00e8me et derni\u00e8re session de n\u00e9gociations internationales sur la pollution plastique \u00e0 Busan en Cor\u00e9e du Sud. <a href=\"https:\/\/press.un.org\/fr\/2024\/sgsm22475.doc.htm\">Le secr\u00e9taire g\u00e9n\u00e9ral des Nations Unies<\/a> incite les \u00e9tats membre \u00e0 aboutir un trait\u00e9 qui permettrait de mettre fin \u00e0 la pollution plastique.<\/p>\n\n\n\n<p><strong>Article r\u00e9dig\u00e9 par Lucile TILLION &#8211; Professeure de Biotechnologies<\/strong><\/p>\n","protected":false},"excerpt":{"rendered":"<p>Du 25 novembre au 1 d\u00e9cembre \u00e0 lieu la cinqui\u00e8me et derni\u00e8re session de n\u00e9gociations internationales sur la pollution plastique<\/p>\n","protected":false},"author":786,"featured_media":6458,"comment_status":"closed","ping_status":"closed","sticky":false,"template":"","format":"standard","meta":{"_bbp_topic_count":0,"_bbp_reply_count":0,"_bbp_total_topic_count":0,"_bbp_total_reply_count":0,"_bbp_voice_count":0,"_bbp_anonymous_reply_count":0,"_bbp_topic_count_hidden":0,"_bbp_reply_count_hidden":0,"_bbp_forum_subforum_count":0,"footnotes":""},"categories":[167,166],"tags":[145,500,187,499],"class_list":["post-6457","post","type-post","status-publish","format-standard","has-post-thumbnail","hentry","category-actualites-bse","category-bse","tag-environnement","tag-pollution-plastique","tag-sante","tag-traite-international"],"_links":{"self":[{"href":"https:\/\/ent2d.ac-bordeaux.fr\/disciplines\/biotechnologies-sante-social\/wp-json\/wp\/v2\/posts\/6457","targetHints":{"allow":["GET"]}}],"collection":[{"href":"https:\/\/ent2d.ac-bordeaux.fr\/disciplines\/biotechnologies-sante-social\/wp-json\/wp\/v2\/posts"}],"about":[{"href":"https:\/\/ent2d.ac-bordeaux.fr\/disciplines\/biotechnologies-sante-social\/wp-json\/wp\/v2\/types\/post"}],"author":[{"embeddable":true,"href":"https:\/\/ent2d.ac-bordeaux.fr\/disciplines\/biotechnologies-sante-social\/wp-json\/wp\/v2\/users\/786"}],"replies":[{"embeddable":true,"href":"https:\/\/ent2d.ac-bordeaux.fr\/disciplines\/biotechnologies-sante-social\/wp-json\/wp\/v2\/comments?post=6457"}],"version-history":[{"count":3,"href":"https:\/\/ent2d.ac-bordeaux.fr\/disciplines\/biotechnologies-sante-social\/wp-json\/wp\/v2\/posts\/6457\/revisions"}],"predecessor-version":[{"id":6466,"href":"https:\/\/ent2d.ac-bordeaux.fr\/disciplines\/biotechnologies-sante-social\/wp-json\/wp\/v2\/posts\/6457\/revisions\/6466"}],"wp:featuredmedia":[{"embeddable":true,"href":"https:\/\/ent2d.ac-bordeaux.fr\/disciplines\/biotechnologies-sante-social\/wp-json\/wp\/v2\/media\/6458"}],"wp:attachment":[{"href":"https:\/\/ent2d.ac-bordeaux.fr\/disciplines\/biotechnologies-sante-social\/wp-json\/wp\/v2\/media?parent=6457"}],"wp:term":[{"taxonomy":"category","embeddable":true,"href":"https:\/\/ent2d.ac-bordeaux.fr\/disciplines\/biotechnologies-sante-social\/wp-json\/wp\/v2\/categories?post=6457"},{"taxonomy":"post_tag","embeddable":true,"href":"https:\/\/ent2d.ac-bordeaux.fr\/disciplines\/biotechnologies-sante-social\/wp-json\/wp\/v2\/tags?post=6457"}],"curies":[{"name":"wp","href":"https:\/\/api.w.org\/{rel}","templated":true}]}}